{"id":9833,"date":"2022-12-31T16:22:50","date_gmt":"2022-12-31T13:22:50","guid":{"rendered":"https:\/\/traditia.md\/?p=9833"},"modified":"2022-12-31T16:50:45","modified_gmt":"2022-12-31T13:50:45","slug":"tuturor-cititorilor-sai-portalul-traditia-le-doreste-in-anul-2023-un-singur-lucru-pace","status":"publish","type":"post","link":"https:\/\/traditia.md\/ro\/tuturor-cititorilor-sai-portalul-traditia-le-doreste-in-anul-2023-un-singur-lucru-pace\/","title":{"rendered":"Tuturor cititorilor s\u0103i portalul \u201eTradi\u021bia\u201d le dore\u0219te \u00een anul 2023 un singur lucru: PACE!"},"content":{"rendered":"<p style=\"text-align: center;\"><span style=\"color: #ff0000; font-size: 18pt;\"><strong>Pacea este un mare dar de la Dumnezeu. <em>\u201eFerici\u021bi f\u0103c\u0103torii de pace c\u0103 aceia fiii lui Dumnezeu se vor chema\u201d<\/em> \u2013 sunt cuvintele M\u00e2ntuitorului nostru Iisus Hristos.<\/strong><\/span><\/p>\n<p style=\"text-align: center;\"><span style=\"color: #ff0000; font-size: 18pt;\"><strong>S\u0103 ne \u00eenv\u0103\u021b\u0103m a pre\u021bui acest dar. \u0218i s\u0103 ne rug\u0103m Domnului <br \/>\ns\u0103 nu ni-l ia de la noi, p\u0103c\u0103to\u0219ii.<\/strong><\/span><\/p>\n<p style=\"text-align: center;\"><span style=\"color: #ff0000; font-size: 18pt;\"><strong>S\u0103 avem to\u021bi un an cu pace!<\/strong><\/span><\/p>\n","protected":false},"excerpt":{"rendered":"<p>Pacea este un mare dar de la Dumnezeu. \u201eFerici\u021bi f\u0103c\u0103torii de pace c\u0103 aceia fiii lui Dumnezeu se vor chema\u201d \u2013 sunt&hellip;<\/p>\n","protected":false},"author":3,"featured_media":9835,"comment_status":"open","ping_status":"closed","sticky":false,"template":"","format":"standard","meta":{"_lmt_disableupdate":"","_lmt_disable":"","slim_seo":{"title":"Tuturor cititorilor s\u0103i portalul \u201eTradi\u021bia\u201d le dore\u0219te \u00een anul 2023 un singur lucru: PACE! - traditia.md","description":"Pacea este un mare dar de la Dumnezeu. \u201eFerici\u021bi f\u0103c\u0103torii de pace c\u0103 aceia fiii lui Dumnezeu se vor chema\u201d \u2013 sunt cuvintele M\u00e2ntuitorului nostru Iisus Hristos."},"footnotes":""},"categories":[39],"tags":[],"class_list":["post-9833","post","type-post","status-publish","format-standard","has-post-thumbnail","hentry","category-biserica-si-societatea"],"_links":{"self":[{"href":"https:\/\/traditia.md\/ro\/wp-json\/wp\/v2\/posts\/9833","targetHints":{"allow":["GET"]}}],"collection":[{"href":"https:\/\/traditia.md\/ro\/wp-json\/wp\/v2\/posts"}],"about":[{"href":"https:\/\/traditia.md\/ro\/wp-json\/wp\/v2\/types\/post"}],"author":[{"embeddable":true,"href":"https:\/\/traditia.md\/ro\/wp-json\/wp\/v2\/users\/3"}],"replies":[{"embeddable":true,"href":"https:\/\/traditia.md\/ro\/wp-json\/wp\/v2\/comments?post=9833"}],"version-history":[{"count":0,"href":"https:\/\/traditia.md\/ro\/wp-json\/wp\/v2\/posts\/9833\/revisions"}],"wp:featuredmedia":[{"embeddable":true,"href":"https:\/\/traditia.md\/ro\/wp-json\/wp\/v2\/media\/9835"}],"wp:attachment":[{"href":"https:\/\/traditia.md\/ro\/wp-json\/wp\/v2\/media?parent=9833"}],"wp:term":[{"taxonomy":"category","embeddable":true,"href":"https:\/\/traditia.md\/ro\/wp-json\/wp\/v2\/categories?post=9833"},{"taxonomy":"post_tag","embeddable":true,"href":"https:\/\/traditia.md\/ro\/wp-json\/wp\/v2\/tags?post=9833"}],"curies":[{"name":"wp","href":"https:\/\/api.w.org\/{rel}","templated":true}]}}