{"id":9797,"date":"2022-12-27T09:20:33","date_gmt":"2022-12-27T06:20:33","guid":{"rendered":"https:\/\/traditia.md\/?p=9797"},"modified":"2022-12-27T09:21:22","modified_gmt":"2022-12-27T06:21:22","slug":"sfantul-ioan-gura-de-aur-ce-fel-de-stea-s-a-aratat-la-nasterea-lui-hristos","status":"publish","type":"post","link":"https:\/\/traditia.md\/ro\/sfantul-ioan-gura-de-aur-ce-fel-de-stea-s-a-aratat-la-nasterea-lui-hristos\/","title":{"rendered":"Sf\u00e2ntul Ioan Gur\u0103 de Aur: Ce fel de stea s-a ar\u0103tat la na\u015fterea lui Hristos?"},"content":{"rendered":"<p><strong><em>Steaua care i-a condus pe magi n-a fost una din stelele cele multe, dar, mai bine spus, dup\u0103 p\u0103rerea mea, n-a fost nici stea, ci o putere nev\u0103zut\u0103, care a luat chip de stea, se vede \u00een primul r\u00e2nd din mersul ei. <\/em><\/strong><\/p>\n<p>Nu este vreo stea care s\u0103 mearg\u0103 pe cer cum a mers steaua aceasta; noi vedem c\u0103 \u015fi soarele \u015fi luna \u015fi toate celelalte stele merg de la r\u0103s\u0103rit la apus; steaua aceasta, \u00eens\u0103, mergea de la miaz\u0103noapte la miaz\u0103zi, c\u0103 a\u015fa se afl\u0103 Palestina fa\u0163\u0103 de Persia.<\/p>\n<p>\u00cen al doilea r\u00e2nd, \u015fi din timpul \u00een care s-a ar\u0103tat putem vedea c\u0103 steaua aceasta n-a fost una din multele stele. Nu se vedea noaptea, ci ziua-n amiaza mare pe c\u00eend str\u0103lucea soarele; putere pe care n-o au nici stelele, nici luna; c\u0103 luna dep\u0103\u015fe\u015fte \u00een str\u0103lucire pe toate celelalte stele, dar c\u00eend se ivesc razele soarelui, se ascunde \u00eendat\u0103 \u015fi dispare. Steaua aceasta, \u00eens\u0103, prin m\u0103rimea str\u0103lucirii sale, a biruit \u015fi razele soarelui; str\u0103lucea mai tare dec\u00eet ele; lumina mai puternic, de\u015fi era at\u00eeta lumin\u0103.<\/p>\n<p>\u00cen al treilea r\u00eend, se vede c\u0103 nu era una din celelalte stele, pentru c\u0103 ap\u0103rea \u015fi apoi iar\u0103\u015fi disp\u0103rea. Pe drumul p\u00een\u0103 \u00een Palestina steaua se ar\u0103ta conduc\u00eend pe magi; c\u00eend au ajuns \u00een Ierusalim s-a ascuns; apoi iar\u0103\u015fi, c\u00eend magii au p\u0103r\u0103sit pe Irod, dup\u0103 ce-i spuseser\u0103 pricina pentru care veniser\u0103 \u015fi au plecat, steaua iar s-a ar\u0103tat; \u015fi acest lucru nu poate fi mi\u015fcarea fireasc\u0103 a unei stele, ci a unei puteri \u00eenzestrate cu o ra\u0163iune deosebit\u0103. Nici nu avea un drum propriu; mergea c\u00eend magii trebuiau s\u0103 mearg\u0103; c\u00eend st\u0103teau ei, st\u0103tea \u015fi ea; slujea tuturor celor de trebuin\u0163\u0103. Era ca st\u00e2lpul cel de nor din pustie: oprea \u015fi scula tab\u0103ra iudeilor atunci c\u00eend trebuia.<\/p>\n<p>\u00cen al patrulea r\u00eend, se vede bine c\u0103 nu era o stea precum celelalte din chipul \u00een care a ar\u0103tat locul unde s-a n\u0103scut Pruncul. C\u0103 n-a ar\u0103tat locul r\u0103m\u00een\u00eend sus pe cer \u2013 de altfel nici nu putea s\u0103 le arate locul de r\u0103m\u00eenea sus \u2013, ci l-a ar\u0103tat pogor\u00eendu-se jos. \u015eti\u0163i doar c\u0103 locul era at\u00eet de mic c\u00eet putea \u00eenc\u0103pea o colib\u0103, dar mai bine spus, c\u00eet putea \u00eenc\u0103pea trupul unui prunc; iar o stea obi\u015fnuit\u0103 nu putea s\u0103 arate un astfel de loc pentru c\u0103 o stea st\u0103 la o \u00een\u0103l\u0163ime foarte mare \u015fi nu poate s\u0103 arate un loc at\u00eet de mic, nici s\u0103-l fac\u0103 cunoscut celor care vor s\u0103-l g\u0103seasc\u0103. De lucrul acesta po\u0163i s\u0103 te \u00eencredin\u0163ezi uit\u00eendu-te la lun\u0103; de\u015fi este cu mult mai mare dec\u00eet stelele, totu\u015fi pare c\u0103 este aproape de to\u0163i locuitorii lumii r\u0103sp\u00eendi\u0163i pe o \u00eentindere at\u00eet de mare de p\u0103m\u00eent. Spune-mi, te rog, cum ar fi putut steaua s\u0103 arate locul a\u015fa de \u00eengust al ieslei \u015fi al colibei de n-ar fi p\u0103r\u0103sit \u00een\u0103l\u0163imea aceea, de nu s-ar fi pogor\u00eet jos \u015fi n-ar fi stat chiar deasupra capului Pruncului? Acest lucru \u00eel las\u0103 evanghelistul s\u0103 se \u00een\u0163eleag\u0103 c\u00eend spune: <em>\u201e\u015ei iat\u0103 steaua mergea \u00eenaintea lor, p\u00een\u0103 a venit \u015fi a stat deasupra unde era Pruncul\u201d<\/em>.<\/p>\n<p>Iat\u0103, dar, c\u00eete pricini ne arat\u0103 c\u0103 steaua aceasta nu era una din multele stele ale cerului \u015fi c\u0103 ea nu s-a ar\u0103tat potrivit legilor care guverneaz\u0103 crea\u0163ia v\u0103zut\u0103.<\/p>\n<p>A\u015f putea fi \u00eentrebat:<\/p>\n<p>\u2013 Dar pentru care pricin\u0103 s-a ar\u0103tat steaua?<\/p>\n<p>\u2013 Ca s\u0103 mustre nesim\u0163irea iudeilor \u015fi s\u0103 le ia orice cuv\u00eent de ap\u0103rare pentru nerecuno\u015ftin\u0163a lor. Pentru c\u0103 Cel n\u0103scut avea s\u0103 pun\u0103 cap\u0103t vechii vie\u0163uiri, pentru c\u0103 avea s\u0103 cheme \u00eentreaga lume la \u00eenchinarea Lui \u2013 c\u0103 avea s\u0103 fie \u00eenchinat \u015fi pe ap\u0103 \u015fi pe uscat \u2013, de aceea chiar de la \u00eenceput deschide neamurilor u\u015fa, voind s\u0103 instruiasc\u0103 pe ai S\u0103i prin cei str\u0103ini. Pentru c\u0103 iudeii n-au \u0163inut seam\u0103 de profe\u0163ii lor, care necontenit le vorbeau de venirea Lui, Dumnezeu a f\u0103cut s\u0103 vin\u0103 ni\u015fte p\u0103g\u00eeni, dintr-un p\u0103m\u00eent \u00eendep\u0103rtat, s\u0103 caute pe \u00eemp\u0103ratul n\u0103scut printre ei, \u015fi astfel s\u0103 afle iudeii din gura per\u015filor ceea ce nu voiser\u0103 s\u0103 afle de la profe\u0163i; \u015fi astfel s\u0103 se conving\u0103 de na\u015fterea lui Hristos, de vor fi oameni cu judecat\u0103; dar de se vor \u00eempotrivi, s\u0103 fie lipsi\u0163i de orice ap\u0103rare.<\/p>\n<p style=\"text-align: right;\"><em>Sursa:<strong> Sf\u00e2ntul Ioan Gur\u0103 de Aur \u2013 Omilia VI la Evanghelia dup\u0103 Matei<\/strong><\/em><\/p>\n","protected":false},"excerpt":{"rendered":"<p>Steaua care i-a condus pe magi n-a fost una din stelele cele multe, dar, mai bine spus, dup\u0103 p\u0103rerea mea, n-a fost&hellip;<\/p>\n","protected":false},"author":3,"featured_media":9795,"comment_status":"open","ping_status":"closed","sticky":false,"template":"","format":"standard","meta":{"_lmt_disableupdate":"","_lmt_disable":"","slim_seo":{"title":"Sf\u00e2ntul Ioan Gur\u0103 de Aur: Ce fel de stea s-a ar\u0103tat la na\u015fterea lui Hristos? - traditia.md","description":"Steaua care i-a condus pe magi n-a fost una din stelele cele multe, dar, mai bine spus, dup\u0103 p\u0103rerea mea, n-a fost nici stea, ci o putere nev\u0103zut\u0103, care a luat"},"footnotes":""},"categories":[40],"tags":[],"class_list":["post-9797","post","type-post","status-publish","format-standard","has-post-thumbnail","hentry","category-apararea-credintei"],"_links":{"self":[{"href":"https:\/\/traditia.md\/ro\/wp-json\/wp\/v2\/posts\/9797","targetHints":{"allow":["GET"]}}],"collection":[{"href":"https:\/\/traditia.md\/ro\/wp-json\/wp\/v2\/posts"}],"about":[{"href":"https:\/\/traditia.md\/ro\/wp-json\/wp\/v2\/types\/post"}],"author":[{"embeddable":true,"href":"https:\/\/traditia.md\/ro\/wp-json\/wp\/v2\/users\/3"}],"replies":[{"embeddable":true,"href":"https:\/\/traditia.md\/ro\/wp-json\/wp\/v2\/comments?post=9797"}],"version-history":[{"count":0,"href":"https:\/\/traditia.md\/ro\/wp-json\/wp\/v2\/posts\/9797\/revisions"}],"wp:featuredmedia":[{"embeddable":true,"href":"https:\/\/traditia.md\/ro\/wp-json\/wp\/v2\/media\/9795"}],"wp:attachment":[{"href":"https:\/\/traditia.md\/ro\/wp-json\/wp\/v2\/media?parent=9797"}],"wp:term":[{"taxonomy":"category","embeddable":true,"href":"https:\/\/traditia.md\/ro\/wp-json\/wp\/v2\/categories?post=9797"},{"taxonomy":"post_tag","embeddable":true,"href":"https:\/\/traditia.md\/ro\/wp-json\/wp\/v2\/tags?post=9797"}],"curies":[{"name":"wp","href":"https:\/\/api.w.org\/{rel}","templated":true}]}}