{"id":9718,"date":"2022-12-22T10:55:30","date_gmt":"2022-12-22T07:55:30","guid":{"rendered":"https:\/\/traditia.md\/?p=9718"},"modified":"2022-12-22T10:56:20","modified_gmt":"2022-12-22T07:56:20","slug":"sarbatoarea-zamislirii-pruncului","status":"publish","type":"post","link":"https:\/\/traditia.md\/ro\/sarbatoarea-zamislirii-pruncului\/","title":{"rendered":"S\u0103rb\u0103toarea z\u0103mislirii pruncului"},"content":{"rendered":"<p><strong><em>La 22 decembrie Biserica noastr\u0103 pr\u0103znuie\u0219te z\u0103mislirea Preasfintei N\u0103sc\u0103toare de Dumnezeu de c\u0103tre sf\u00e2nta \u0219i dreapta Ana. Este o s\u0103rb\u0103toare minunat\u0103, de\u0219i neobi\u0219nuit\u0103: pentru c\u0103 se s\u0103rb\u0103tore\u0219te nici m\u0103car un om, ci momentul apari\u021biei omului \u00een p\u00e2ntecele mamei.<\/em><\/strong><\/p>\n<p>\u0218i \u00een acela\u0219i timp este o idee, un \u00eendemn, o consolare pentru to\u021bi p\u0103rin\u021bii.<\/p>\n<p>Este despre adev\u0103rul de unde \u00een genere apar copiii. Fiindc\u0103 ei nu se ivesc de la sine, copiii sunt da\u021bi p\u0103rin\u021bilor de c\u0103tre Dumnezeu \u00censu\u0219i. Despre aceasta \u00een mod repetat \u0219i f\u0103r\u0103 echivocuri ne-a vorbit sf\u00e2ntul ierarh Ioan Gur\u0103 de Aur: \u201e<em>Puterea de a na\u0219te are un \u00eenceput de sus \u2013 de la Pronia lui Dumnezeu, \u0219i&#8230; pentru aceasta nu sunt suficiente nici firea femeii, nici convie\u021buirea cu so\u021bul \u0219i nimic altceva.\u201d<\/em><\/p>\n<p>Este despre faptul c\u0103 acea combina\u021bie de celule de circa un milimetru, combina\u021bie care nici pe departe nu seamn\u0103 cu omul \u2013 deja \u00een primele zile dup\u0103 z\u0103mislire este un om. Or, embrionul a c\u0103rui ivire noi cu at\u00e2ta bucurie o s\u0103rb\u0103torim \u00een aceast\u0103 zi e deja viitoarea Maic\u0103 a Domnului, este Cea despre Care Dumnezeu le-a vorbit lui Adam \u0219i Eva, Cea despre Care au profe\u021bit vechii prooroci, Cea pe Care lumea o a\u015ftepta de c\u00e2teva mii de ani.<\/p>\n<p>\u0218i toate acestea, iar\u0103\u0219i \u0219i iar\u0103\u0219i, sunt despre faptul c\u0103 deja din clipa z\u0103mislirii via\u021ba fiec\u0103rui copil este un dar nepre\u021buit, despre adev\u0103rul c\u0103 pentru aceast\u0103 \u00eengr\u0103m\u0103dire de celule pe care mul\u021bi nici nu o consider\u0103 om \u2013 c\u0103 Dumnezeu are pentru ea un plan special.<\/p>\n<p>Este despre ideea c\u0103 sarcina constituie de fapt o s\u0103rb\u0103toare.<\/p>\n<p>\u0218i toate cele men\u021bionate, f\u0103r\u0103 doar \u0219i poate, sunt un motiv pentru a considera cea mai scurt\u0103 zi a anului \u0219i cea mai lung\u0103 noapte a lui, 22 decembrie \u2013 s\u0103rb\u0103toarea femeilor \u00eens\u0103rcinate \u0219i \u00een general s\u0103rb\u0103toarea p\u0103rin\u021bilor. A\u0219adar, felicit\u0103ri tuturor p\u0103rin\u021bilor \u0219i mai ales celor care a\u0219teapt\u0103 na\u0219terea unui prunc!<\/p>\n<p style=\"text-align: right;\"><strong><em>Ana Sapr\u00e2kina<\/em><\/strong><\/p>\n<p style=\"text-align: right;\"><em>Revista online <strong>\u00ab\u0412\u0440\u0435\u043c\u044f \u0431\u044b\u0442\u044c \u0432\u043c\u0435\u0441\u0442\u0435: \u0412\u044b\u043f\u0443\u0441\u043a 34. \u0421\u0435\u0440\u0434\u0446\u0435 \u0441\u0435\u0440\u0434\u0446\u0443 \u0432\u0435\u0441\u0442\u044c \u043f\u043e\u0434\u0430\u0435\u0442\u00bb<\/strong><\/em><\/p>\n","protected":false},"excerpt":{"rendered":"<p>La 22 decembrie Biserica noastr\u0103 pr\u0103znuie\u0219te z\u0103mislirea Preasfintei N\u0103sc\u0103toare de Dumnezeu de c\u0103tre sf\u00e2nta \u0219i dreapta Ana. Este o s\u0103rb\u0103toare minunat\u0103, de\u0219i&hellip;<\/p>\n","protected":false},"author":3,"featured_media":9716,"comment_status":"open","ping_status":"closed","sticky":false,"template":"","format":"standard","meta":{"_lmt_disableupdate":"","_lmt_disable":"","slim_seo":{"title":"S\u0103rb\u0103toarea z\u0103mislirii pruncului - traditia.md","description":"La 22 decembrie Biserica noastr\u0103 pr\u0103znuie\u0219te z\u0103mislirea Preasfintei N\u0103sc\u0103toare de Dumnezeu de c\u0103tre sf\u00e2nta \u0219i dreapta Ana. Este o s\u0103rb\u0103toare minunat\u0103, de\u0219i neob"},"footnotes":""},"categories":[39,38],"tags":[],"class_list":["post-9718","post","type-post","status-publish","format-standard","has-post-thumbnail","hentry","category-biserica-si-societatea","category-stiri"],"_links":{"self":[{"href":"https:\/\/traditia.md\/ro\/wp-json\/wp\/v2\/posts\/9718","targetHints":{"allow":["GET"]}}],"collection":[{"href":"https:\/\/traditia.md\/ro\/wp-json\/wp\/v2\/posts"}],"about":[{"href":"https:\/\/traditia.md\/ro\/wp-json\/wp\/v2\/types\/post"}],"author":[{"embeddable":true,"href":"https:\/\/traditia.md\/ro\/wp-json\/wp\/v2\/users\/3"}],"replies":[{"embeddable":true,"href":"https:\/\/traditia.md\/ro\/wp-json\/wp\/v2\/comments?post=9718"}],"version-history":[{"count":0,"href":"https:\/\/traditia.md\/ro\/wp-json\/wp\/v2\/posts\/9718\/revisions"}],"wp:featuredmedia":[{"embeddable":true,"href":"https:\/\/traditia.md\/ro\/wp-json\/wp\/v2\/media\/9716"}],"wp:attachment":[{"href":"https:\/\/traditia.md\/ro\/wp-json\/wp\/v2\/media?parent=9718"}],"wp:term":[{"taxonomy":"category","embeddable":true,"href":"https:\/\/traditia.md\/ro\/wp-json\/wp\/v2\/categories?post=9718"},{"taxonomy":"post_tag","embeddable":true,"href":"https:\/\/traditia.md\/ro\/wp-json\/wp\/v2\/tags?post=9718"}],"curies":[{"name":"wp","href":"https:\/\/api.w.org\/{rel}","templated":true}]}}