{"id":9698,"date":"2022-12-20T14:01:41","date_gmt":"2022-12-20T11:01:41","guid":{"rendered":"https:\/\/traditia.md\/?p=9698"},"modified":"2022-12-20T14:03:27","modified_gmt":"2022-12-20T11:03:27","slug":"sfantul-siluan-athonitul-cu-cat-mai-mare-e-iubirea-mai-mari-sunt-si-suferintele-sufletului","status":"publish","type":"post","link":"https:\/\/traditia.md\/ro\/sfantul-siluan-athonitul-cu-cat-mai-mare-e-iubirea-mai-mari-sunt-si-suferintele-sufletului\/","title":{"rendered":"Sf\u00e2ntul Siluan Athonitul: \u201eCu c\u00e2t mai mare e iubirea, mai mari sunt \u015fi suferin\u0163ele sufletului\u201d"},"content":{"rendered":"<p>\u00cen anii copil\u0103riei \u00eemi pl\u0103cea s\u0103 g\u00e2ndesc a\u015fa: Domnul S-a \u00een\u0103l\u0163at la ceruri \u015fi ne a\u015fteapt\u0103 la El; dar pentru a fi \u00eempreun\u0103 cu Domnul, trebuie s\u0103 fim asemenea Lui sau ca ni\u015fte copii (conform Matei 18:3), smeri\u0163i \u015fi bl\u00e2nzi, \u015fi s\u0103-I slujim Lui. Atunci, dup\u0103 cuv\u00e2ntul Domnului: <em>\u201eAcolo unde sunt Eu, va fi \u015fi slujitorul Meu\u201d<\/em> (dup\u0103 Ioan 12:26), \u015fi noi vom fi \u00eempreun\u0103 cu El \u00een \u00eemp\u0103r\u0103\u0163ia cerurilor.<\/p>\n<p>Dar acum sufletul meu e m\u00e2hnit \u015fi ab\u0103tut \u015fi nu pot s\u0103 m\u0103 \u00eenal\u0163 cu minte curat\u0103 spre Dumnezeu \u015fi n-am \u00een mine destule lacrimi ca s\u0103 pl\u00e2ng faptele mele cele rele; sufletul meu e sec\u0103tuit \u015fi istovit de \u00eentunericul posomor\u00e2t al vie\u0163ii acesteia\u2026<\/p>\n<p>Ah, cine-mi va c\u00e2nta c\u00e2ntul pe care-l iubesc din anii copil\u0103riei despre cum S-a \u00een\u0103l\u0163at Domnul la cer \u015fi c\u00e2t de mult ne iube\u015fte \u015fi cu c\u00e2t dor ne a\u015fteapt\u0103 la El. Cu lacrimi ascult acest c\u00e2nt, pentru c\u0103 sufletul meu t\u00e2nje\u015fte pe p\u0103m\u00e2nt. Ce s-a \u00eent\u00e2mplat cu mine? Cum am pierdut bucuria \u015fi cum s\u0103 o g\u0103sesc din nou?<\/p>\n<p>Pl\u00e2nge\u0163i cu mine p\u0103s\u0103ri \u015fi toate fiarele s\u0103lbatice! Pl\u00e2nge\u0163i cu mine, p\u0103duri \u015fi pustii! S\u0103 pl\u00e2ng\u0103 cu mine toat\u0103 zidirea lui Dumnezeu \u015fi s\u0103 m\u0103 m\u00e2ng\u00e2ie \u00een nenorocire \u015fi \u00eentristare. Iat\u0103 ce g\u00e2nde\u015fte sufletul meu: dac\u0103 eu iubesc at\u00e2t de pu\u0163in pe Dumnezeu \u015fi sufletul meu t\u00e2nje\u015fte cu at\u00e2ta t\u0103rie dup\u0103 Domnul, c\u00e2t de mare trebuie s\u0103 fi fost \u00eentristarea Maicii lui Dumnezeu, c\u00e2nd a r\u0103mas pe p\u0103m\u00e2nt dup\u0103 \u00een\u0103l\u0163area Domnului?<\/p>\n<p>Ea n-a a\u015fternut \u00een scris \u00eentristarea sufletului S\u0103u, \u015fi ceea ce \u015ftim despre via\u0163a ei pe p\u0103m\u00e2nt e pu\u0163in, dar trebuie s\u0103 ne d\u0103m seama c\u0103 nu e cu putin\u0163\u0103 s\u0103 \u00een\u0163elegem plin\u0103tatea iubirii ei pentru Fiul \u015fi Dumnezeul ei. Inima Maicii Domnului, toate g\u00e2ndurile \u015fi tot sufletul ei erau preocupate de Domnul; dar i-a mai fost dat \u015fi altceva: ea iubea norodul \u015fi se ruga fierbinte pentru oameni, pentru noii cre\u015ftini, ca Domnul s\u0103 ne \u00eent\u0103reasc\u0103, \u015fi pentru toat\u0103 lumea, ca to\u0163i s\u0103 se m\u00e2ntuiasc\u0103. \u00cen aceast\u0103 rug\u0103ciune era bucuria \u015fi m\u00e2ng\u00e2ierea ei pe p\u0103m\u00e2nt.<\/p>\n<p>Nu \u00een\u0163elegem \u00een deplin\u0103tatea ei iubirea Maicii lui Dumnezeu, dar \u015ftim aceasta:<\/p>\n<p>Cu c\u00e2t mai mare e iubirea, cu at\u00e2t mai mari sunt \u015fi suferin\u0163ele sufletului;<\/p>\n<p>Cu c\u00e2t mai deplin\u0103 e iubirea, cu at\u00e2t mai deplin\u0103 e cuno\u015ftin\u0163a;<\/p>\n<p>Cu c\u00e2t mai fierbinte e iubirea, cu at\u00e2t mai fierbinte e rug\u0103ciunea;<\/p>\n<p>Cu c\u00e2t mai des\u0103v\u00e2r\u015fit\u0103 e iubirea, cu at\u00e2t mai sf\u00e2nt\u0103 e via\u0163a.<\/p>\n<p>Nimeni dintre noi nu ajunge la deplin\u0103tatea iubirii Maicii lui Dumnezeu; noi avem nevoie de poc\u0103in\u0163a lui Adam; \u00een parte \u00eens\u0103, a\u015fa cum ne \u00eenva\u0163\u0103 Duhul Sf\u00e2nt \u00een Biseric\u0103, \u00een\u0163elegem \u015fi noi aceast\u0103 iubire!<\/p>\n<p style=\"text-align: right;\"><em>Sursa: <a href=\"https:\/\/avereabisericii.ro\/sf-siluan-maica-domnului-se-ruga-pentru-oameni-si-in-aceasta-rugaciune-era-bucuria-ei-pe-pamant\/?fbclid=IwAR2aJbZqV_oBbZZbis58TWq0atDgD0qCHF7-655wBLgvyKMGPFPaXOvZpIQ\"><strong>Avereabisericii.ro<\/strong><\/a><\/em><\/p>\n","protected":false},"excerpt":{"rendered":"<p>\u00cen anii copil\u0103riei \u00eemi pl\u0103cea s\u0103 g\u00e2ndesc a\u015fa: Domnul S-a \u00een\u0103l\u0163at la ceruri \u015fi ne a\u015fteapt\u0103 la El; dar pentru a fi&hellip;<\/p>\n","protected":false},"author":3,"featured_media":9696,"comment_status":"open","ping_status":"closed","sticky":false,"template":"","format":"standard","meta":{"_lmt_disableupdate":"","_lmt_disable":"","slim_seo":{"title":"Sf\u00e2ntul Siluan Athonitul: \u201eCu c\u00e2t mai mare e iubirea, mai mari sunt \u015fi suferin\u0163ele sufletului\u201d - traditia.md","description":"\u00cen anii copil\u0103riei \u00eemi pl\u0103cea s\u0103 g\u00e2ndesc a\u015fa: Domnul S-a \u00een\u0103l\u0163at la ceruri \u015fi ne a\u015fteapt\u0103 la El; dar pentru a fi \u00eempreun\u0103 cu Domnul, trebuie s\u0103 fim asemenea Lui"},"footnotes":""},"categories":[40],"tags":[],"class_list":["post-9698","post","type-post","status-publish","format-standard","has-post-thumbnail","hentry","category-apararea-credintei"],"_links":{"self":[{"href":"https:\/\/traditia.md\/ro\/wp-json\/wp\/v2\/posts\/9698","targetHints":{"allow":["GET"]}}],"collection":[{"href":"https:\/\/traditia.md\/ro\/wp-json\/wp\/v2\/posts"}],"about":[{"href":"https:\/\/traditia.md\/ro\/wp-json\/wp\/v2\/types\/post"}],"author":[{"embeddable":true,"href":"https:\/\/traditia.md\/ro\/wp-json\/wp\/v2\/users\/3"}],"replies":[{"embeddable":true,"href":"https:\/\/traditia.md\/ro\/wp-json\/wp\/v2\/comments?post=9698"}],"version-history":[{"count":0,"href":"https:\/\/traditia.md\/ro\/wp-json\/wp\/v2\/posts\/9698\/revisions"}],"wp:featuredmedia":[{"embeddable":true,"href":"https:\/\/traditia.md\/ro\/wp-json\/wp\/v2\/media\/9696"}],"wp:attachment":[{"href":"https:\/\/traditia.md\/ro\/wp-json\/wp\/v2\/media?parent=9698"}],"wp:term":[{"taxonomy":"category","embeddable":true,"href":"https:\/\/traditia.md\/ro\/wp-json\/wp\/v2\/categories?post=9698"},{"taxonomy":"post_tag","embeddable":true,"href":"https:\/\/traditia.md\/ro\/wp-json\/wp\/v2\/tags?post=9698"}],"curies":[{"name":"wp","href":"https:\/\/api.w.org\/{rel}","templated":true}]}}