{"id":9313,"date":"2022-12-06T12:59:01","date_gmt":"2022-12-06T09:59:01","guid":{"rendered":"https:\/\/traditia.md\/?p=9313"},"modified":"2022-12-06T13:00:08","modified_gmt":"2022-12-06T10:00:08","slug":"in-romania-va-fi-ridicata-o-manastire-in-cinstea-nevoitorilor-intru-credinta-din-secolul-xx","status":"publish","type":"post","link":"https:\/\/traditia.md\/ro\/in-romania-va-fi-ridicata-o-manastire-in-cinstea-nevoitorilor-intru-credinta-din-secolul-xx\/","title":{"rendered":"\u00cen Rom\u00e2nia va fi ridicat\u0103 o m\u0103n\u0103stire \u00een cinstea nevoitorilor \u00eentru credin\u021b\u0103 din secolul XX"},"content":{"rendered":"<p>Ziua de 2 decembrie 2022, moment c\u00e2nd se \u00eemplinesc 24 de ani de la trecerea la cele ve\u0219nice a p\u0103rintelui Cleopa (Ilie), va r\u0103m\u00e2ne \u00eentip\u0103rit\u0103 \u00een sufletele \u0219i \u00een inimile celor care au fost prezen\u021bi la punerea pietrei de temelie pentru M\u0103n\u0103stirea Vadu Negrilesei, unde a sih\u0103strit renumitul duhovnic. Ierarhii Arhiepiscopiei Sucevei \u0219i R\u0103d\u0103u\u021bilor au sfin\u021bit locul \u00een care va fi ridicat sf\u00e2ntul loca\u0219, \u00een apropiere de chilia \u00een care a sih\u0103strit p\u0103rintele Cleopa \u00een anii \u201950, fiind astfel cinstit\u0103 memoria unuia dintre cei mai mari duhovnici pe care i-a odr\u0103slit \u021bara noastr\u0103.<\/p>\n<p>Ziua a \u00eenceput cu Utrenia \u0219i a continuat cu Sf\u00e2nta \u0219i Dumnezeiasca Liturghie, s\u0103v\u00e2r\u0219it\u0103 \u00een poiana din apropierea bordeiului p\u0103rintelui Cleopa de c\u0103tre un sobor de preo\u021bi \u0219i diaconi condus de arhimandritul Mihail (B\u0103lan), exarh de zon\u0103.<\/p>\n<p>\u00cen continuare, cei prezen\u021bi, \u00een frunte cu preotul Filaret Ruscan, consilier eparhial al Sectorului misiune pastoral\u0103 \u0219i actualitate cre\u0219tin\u0103, au plecat \u00een pelerinaj p\u00e2n\u0103 la chilie, unde a fost oficiat Parastasul \u00een memoria p\u0103rintelui Cleopa (Ilie) \u0219i a p\u0103rintelui Paisie (Olaru).<\/p>\n<p>\u00cencep\u00e2nd cu ora 16:00, ierarhii Arhiepiscopiei Sucevei \u0219i R\u0103d\u0103u\u021bilor, \u00cenaltpreasfin\u021bitul p\u0103rinte arhiepiscop Calinic \u0219i Preasfin\u021bitul p\u0103rinte Damaschin Dorneanul, episcop-vicar, \u00eenconjura\u021bi de un sobor de preo\u021bi \u0219i diaconi, au a\u0219ezat piatra de temelie pentru sf\u00e2ntul loca\u0219 de cult cu hramul Pogor\u00e2rea Sf\u00e2ntului Duh. Din sobor au f\u0103cut parte slujitori ai bisericilor \u0219i m\u0103n\u0103stirilor din \u00eemprejurimi, clerici de la Centrul Eparhial, \u00eentre care arhimamdritul Paraschiv (Dabija), vicar administrativ, \u0219i arhimandritul Melchisedec (Velnic), exarh al m\u0103n\u0103stirilor, precum \u0219i preotul Aurel Gora\u0219, protoiereu al protopopiatului C\u00e2mpulung Moldovenesc.<\/p>\n<p>La eveniment au participat reprezentan\u021bi ai autorit\u0103\u021bilor locale, reprezentan\u021bi ai Direc\u021biei Silvice Suceava, precum \u0219i numero\u0219i credincio\u0219i care au venit cu mare bucurie \u00een mijlocul p\u0103durii, \u00een Mun\u021bii St\u00e2ni\u0219oarei, s\u0103-i pomeneasc\u0103 pe p\u0103rin\u021bii Cleopa \u0219i Paisie.<\/p>\n<p>A urmat cuv\u00e2ntul de \u00eenv\u0103\u021b\u0103tur\u0103 rostit de \u00cenaltpreasfin\u021bitul p\u0103rinte Calinic, intitulat <strong><em>\u201eTroi\u021b\u0103 de cuvio\u0219i: Paisie, Cleopa \u0219i Ioanichie\u201d.<\/em><\/strong> Ierarhul a adus \u00een aten\u021bie faptul c\u0103 aceste modelele ale spiritualit\u0103\u021bii ortodoxe sunt vii, demne de urmat, mai cu seam\u0103 \u00een zilele noastre.<\/p>\n<p><em>\u201eP\u0103rin\u021bii Paisie, Cleopa \u0219i Ioanichie au fost trei cuvio\u0219i prin excelen\u021b\u0103, demni, verticali \u0219i morali, \u00eemp\u0103ciuitori, plini de bun\u0103tate \u0219i neispiti\u021bi de orgolii de\u0219arte. Misiunea \u0219i tr\u0103irea lor i-a obligat la un comportament similar Sfin\u021bilor P\u0103rin\u021bi, sau chiar, de ce nu, Sfin\u021bilor Apostoli. Au tr\u0103it \u0219i experiat via\u021ba monahal\u0103 \u00een autenticitatea ei. <\/em><\/p>\n<p><em>Este interesant faptul c\u0103 asceza nu era pentru ei un deziderat sau o regul\u0103 impus\u0103, ci un mod de via\u021b\u0103. F\u0103cea parte integrant\u0103 din via\u021ba lor. Era modul lor de a fi. <\/em><\/p>\n<p><em>Cei trei \u00ee\u0219i \u00een\u021belegeau voca\u021bia ca pe o chemare sf\u00e2nt\u0103 la a tr\u0103i \u00een Hristos. De altfel, toate le puteau doar \u00een Hristos. <\/em><\/p>\n<p><em>Exemplele oamenilor sfin\u021bi \u0219i sfin\u021bii deopotriv\u0103 le-au \u00eenso\u021bit drumul voca\u021bional p\u00e2n\u0103 la str\u0103mutarea lor la cele ve\u0219nice. T\u0103if\u0103suiau adesea cu Sfin\u021bii prin scrierile lor \u0219i se \u00eent\u00e2lneau zilnic cu ei liturgic. De altfel, vorbeau despre ei cu o intimitate plin\u0103 de sfial\u0103 ca despre ni\u0219te prieteni ai lor apropia\u021bi. <\/em><\/p>\n<p><em>\u00cencerc\u0103rile \u0219i ispitele cauzate de Decretul 410\/1959, \u0219i nu numai, i-au \u00eent\u0103rit. Dumnezeu i-a ajutat pentru c\u0103 avea nevoie, mai ales \u00een acele vremuri, de oameni care s\u0103 \u00ee\u0219i \u00eendeplineasc\u0103 cu con\u0219tiinciozitate \u0219i sfin\u021benie \u00eendatoririle fa\u021b\u0103 de Biseric\u0103 \u0219i neam. \u00cen momentele de cump\u0103n\u0103, sfin\u021biile lor au stat jertf\u0103, \u00eendemn \u0219i certitudine. Nu au abdicat de la principii. <\/em><\/p>\n<p><em>Pentru credincio\u0219i, au fost izvor de ap\u0103 vie. \u00cemp\u0103r\u021beau cu d\u0103rnicie, ca merinde pentru sufletul fiec\u0103ruia, cuv\u00e2ntul lui Dumnezeu. Cuv\u00e2ntul lor avea miez \u0219i for\u021b\u0103. Au fost adev\u0103rate tr\u00e2mbi\u021be ale lui Dumnezeu. <\/em><\/p>\n<p><em>P\u0103rin\u021bii Paisie, Cleopa \u0219i Ioanichie au fost daruri duhovnice\u0219ti pentru via\u021ba monahal\u0103; au fost pilde nemuritoare de fidelitate fa\u021b\u0103 de Dumnezeu \u0219i fa\u021b\u0103 de voturile monahale, c\u0103rora le-au dat sens. (\u2026)<\/em><\/p>\n<p><em>\u00a0Mireasma sfin\u021beniei cuvio\u0219ilor Paisie, Cleopa \u0219i Ioanichie va izbucni, ca s\u0103 parafrazez pe un teolog al Bisericii, precum irupe mireasma florilor de tei din copacul ce st\u0103 dezgolit de frigul iernii.\u201d<\/em><\/p>\n<p>M\u0103n\u0103stirea Vadu Negrilesei este \u00eenfiin\u021bat\u0103 <em>\u201edin dorin\u021ba de a marca aceste zile memorabile pentru spiritualitatea poporului rom\u00e2n, dar, mai ales, pentru a preg\u0103ti cum se cuvine momentul mult a\u0219teptat al canoniz\u0103rii acestor cuvio\u0219i\u201d<\/em>, anul acesta \u00eemplinindu-se 125 de ani de la na\u0219terea p\u0103rintelui Paisie \u0219i 110 ani de la na\u0219terea p\u0103rintelui Cleopa.<\/p>\n<p>Av\u00e2nd \u00een vedere anun\u021bul Sf\u00e2ntului Sinod al Bisericii Ortodoxe Rom\u00e2ne de a \u00eencepe lucrarea de canonizare a p\u0103rintelui Cleopa Ilie, \u00een anul 2021 s-a semnat un parteneriat \u00eentre Arhiepiscopia Sucevei \u0219i R\u0103d\u0103u\u021bilor, p\u0103storit\u0103 de \u00cenaltpreasfin\u021bitul p\u0103rinte arhiepiscop Calinic, \u0219i Direc\u021bia Silvic\u0103 Suceava, prin care au fost \u00eencepute lucr\u0103ri de amenajare a chiliei, a locului dimprejur \u0219i a drumului de acces spre aceasta. La data de 2 decembrie 2021 au fost sfin\u021bite chilia \u0219i izvorul p\u0103rintelui Cleopa din Mun\u021bii St\u00e2ni\u0219oarei.<\/p>\n<p>Pentru a pune \u00een valoare locul \u00een care a sih\u0103strit p\u0103rintele Cleopa (Ilie), \u00een anul 2015, la ini\u021biativa p\u0103durarului Vasile Popa s-a \u00eenceput restaurarea bordeiului p\u0103rintelui, iar prin implicarea p\u0103rintelui paroh Marius Drelciuc, a domnului inginer Cezar Tulbure \u0219i a altor credincio\u0219i din \u00eemprejurimi s-au ad\u0103ugat troi\u021be \u0219i alte lucruri pentru \u00eenfrumuse\u021barea chiliei \u0219i a locului dimprejur. Totodat\u0103, s-au s\u0103v\u00e2r\u0219it \u0219i slujbe de pomenire pentru p\u0103rintele care s-a nevoit \u00een aceste locuri \u00een anii `50 ai secolului al XX-lea.<\/p>\n<p>P\u0103rintele Cleopa a vie\u021buit ca pustnic \u00een locuri diferite din zona Moldovei din cauza prigonirii monahismului de c\u0103tre regimul comunist, fiind ajutat de oameni de bun\u0103 credin\u021b\u0103. Cea mai mare parte a timpului a petrecut-o p\u0103rintele Cleopa \u00een ad\u00e2ncul p\u0103durii; cele mai \u00eensemnate retrageri sunt cele din anii 1948; 1952-1954; 1959-1964.<\/p>\n<p>\u00cent\u00e2lnirea p\u0103rintelui Cleopa cu oamenii credincio\u0219i din Bucovina, dar \u0219i cu p\u0103durile primitoare ale \u021a\u0103rii de Fagi avea s\u0103 se \u00eent\u00e2mple \u00een perioada \u00een care a fost stare\u021b la M\u0103n\u0103stirea Slatina unde, \u00een scurt timp, a reu\u0219it s\u0103 organizeze o via\u021b\u0103 c\u0103lug\u0103reasc\u0103 pilduitoare.<\/p>\n<p>\u00cenfiin\u021barea m\u0103n\u0103stirii care se va ridica \u00een apropierea locului ostenelilor sih\u0103stre\u0219ti tainic lucrate de marele rug\u0103tor \u0219i predicator al neamului rom\u00e2nesc a fost hot\u0103r\u00e2t\u0103 \u00een cadrul Permanen\u021bei Consiliului Eparhial din 18 februarie 2022.<\/p>\n<p style=\"text-align: right;\"><em>Sursa: <a href=\"https:\/\/www.arhiepiscopiasucevei.ro\/locul-manastirii-inchinate-cuviosilor-paisie-olaru-si-cleopa-ilie-a-fost-sfintit-de-cei-doi-ierarhi-ai-arhiepiscopiei-sucevei-si-radautilor\/\"><strong>Arhiepiscopiasucevei.ro<\/strong><\/a><\/em><\/p>\n","protected":false},"excerpt":{"rendered":"<p>Ziua de 2 decembrie 2022, moment c\u00e2nd se \u00eemplinesc 24 de ani de la trecerea la cele ve\u0219nice a p\u0103rintelui Cleopa (Ilie),&hellip;<\/p>\n","protected":false},"author":3,"featured_media":9311,"comment_status":"open","ping_status":"closed","sticky":false,"template":"","format":"standard","meta":{"_lmt_disableupdate":"","_lmt_disable":"","slim_seo":{"title":"\u00cen Rom\u00e2nia va fi ridicat\u0103 o m\u0103n\u0103stire \u00een cinstea nevoitorilor \u00eentru credin\u021b\u0103 din secolul XX - traditia.md","description":"Ziua de 2 decembrie 2022, moment c\u00e2nd se \u00eemplinesc 24 de ani de la trecerea la cele ve\u0219nice a p\u0103rintelui Cleopa (Ilie), va r\u0103m\u00e2ne \u00eentip\u0103rit\u0103 \u00een sufletele \u0219i \u00een"},"footnotes":""},"categories":[39,38],"tags":[],"class_list":["post-9313","post","type-post","status-publish","format-standard","has-post-thumbnail","hentry","category-biserica-si-societatea","category-stiri"],"_links":{"self":[{"href":"https:\/\/traditia.md\/ro\/wp-json\/wp\/v2\/posts\/9313","targetHints":{"allow":["GET"]}}],"collection":[{"href":"https:\/\/traditia.md\/ro\/wp-json\/wp\/v2\/posts"}],"about":[{"href":"https:\/\/traditia.md\/ro\/wp-json\/wp\/v2\/types\/post"}],"author":[{"embeddable":true,"href":"https:\/\/traditia.md\/ro\/wp-json\/wp\/v2\/users\/3"}],"replies":[{"embeddable":true,"href":"https:\/\/traditia.md\/ro\/wp-json\/wp\/v2\/comments?post=9313"}],"version-history":[{"count":0,"href":"https:\/\/traditia.md\/ro\/wp-json\/wp\/v2\/posts\/9313\/revisions"}],"wp:featuredmedia":[{"embeddable":true,"href":"https:\/\/traditia.md\/ro\/wp-json\/wp\/v2\/media\/9311"}],"wp:attachment":[{"href":"https:\/\/traditia.md\/ro\/wp-json\/wp\/v2\/media?parent=9313"}],"wp:term":[{"taxonomy":"category","embeddable":true,"href":"https:\/\/traditia.md\/ro\/wp-json\/wp\/v2\/categories?post=9313"},{"taxonomy":"post_tag","embeddable":true,"href":"https:\/\/traditia.md\/ro\/wp-json\/wp\/v2\/tags?post=9313"}],"curies":[{"name":"wp","href":"https:\/\/api.w.org\/{rel}","templated":true}]}}