{"id":9118,"date":"2022-11-28T11:07:23","date_gmt":"2022-11-28T08:07:23","guid":{"rendered":"https:\/\/traditia.md\/?p=9118"},"modified":"2022-11-28T11:08:43","modified_gmt":"2022-11-28T08:08:43","slug":"sfantul-paisie-velicicovschi-adevaratul-luminator-al-secolului-luminilor","status":"publish","type":"post","link":"https:\/\/traditia.md\/ro\/sfantul-paisie-velicicovschi-adevaratul-luminator-al-secolului-luminilor\/","title":{"rendered":"Sf\u00e2ntul Paisie Velicicovschi, adev\u0103ratul lumin\u0103tor al secolului \u201eluminilor\u201d"},"content":{"rendered":"<p><strong><em>Postul Cr\u0103ciunului debuteaz\u0103 cu o s\u0103rb\u0103toare foarte important\u0103 pentru monahismul rom\u00e2nesc \u0219i nu numai. Pe 15 noiembrie (28 noiembrie stil nou) \u00eel prosl\u0103vim pe Sf\u00e2ntul Cuvios Paisie de la Neam\u021b, care de\u0219i nu a fost rom\u00e2n, a iubit Ortodoxia rom\u00e2neasc\u0103, g\u0103sindu-o prielnic\u0103 r\u00e2vnei \u0219i setei sale de sfin\u021benie.<\/em><\/strong><\/p>\n<p>Renumele de care se bucur\u0103 ast\u0103zi Stare\u0163ului Paisie de la Neam\u0163 este o consecin\u0163\u0103 a t\u0103riei monahismului rom\u00e2nesc \u00een secolul al XVIII-lea, marcat \u0219i de o semnificativ\u0103 emigra\u0163ie monahal\u0103 ruso-ucrainean\u0103 care s-a produs \u00een urma reformelor lui Petru cel Mare \u00een Rusia \u015fi a persecu\u0163iilor uniate \u00een Ucraina r\u0103mas\u0103 sub st\u0103p\u00e2nirea polonez\u0103. Un reprezentat de seam\u0103 a acestei pribegii de la \u00eenceputul secolului al XVIII-lea a fost stare\u0163ul Vasile de la Poiana M\u0103rului, care, p\u0103r\u0103sind mun\u0163ii Mo\u015fenski, unde se c\u0103lug\u0103rise, a venit \u00een \u0162ara Rom\u00e2neasc\u0103, foarte probabil pe vremea lui Constantin Br\u00e2ncoveanu \u015fi a Mitropolitului Antim Ivireanu, deci \u00een perioada apogeului vie\u0163ii biserice\u015fti \u015fi culturale a \u0162\u0103rii Rom\u00e2ne\u015fti.<\/p>\n<p>A trecut la cele ve\u0219nice \u00een 1767, dup\u0103 ce \u00ee\u0219i formase un vrednic ucenic, Paisie Velicicovschi, ucrainean din Poltava, venit \u00een \u021a\u0103rile Rom\u00e2ne, \u00een c\u0103utarea unei vie\u021bi duhovnice\u0219ti autentice. Tocmai acest nivel al vie\u0163ii monahale l-a determinat pe t\u00e2n\u0103rul Platon-Paisie s\u0103 vin\u0103 pe p\u0103m\u00e2nt rom\u00e2nesc, \u00een 1742 altoindu-se \u00een trunchiul viguros \u015fi plin de via\u021b\u0103 al monahismului din \u0163ara noastr\u0103 de la mijlocul secolului XVIII \u015fi unde <strong>va genera curentul ce se va numi paisianism<\/strong>.<\/p>\n<p>La venirea sa \u00een 1742, el a g\u0103sit \u00een \u0163ara noastr\u0103 o tradi\u0163ie de c\u0103rtur\u0103rie ne\u00eentrerupt\u0103, institu\u0163ii culturale precum Academiile Domne\u015fti, frecventate de studio\u0219i din tot sud-estul Europei, mul\u021bi tr\u0103itori duhovnice\u015fti care f\u0103cuser\u0103 s\u0103 ard\u0103, cu lumina celei mai curate tradi\u0163ii bizantine, flac\u0103ra spiritualit\u0103\u0163ii ortodoxe, \u00eentre\u0163inut\u0103 de untdelemnul culturii patristice ne\u00eentrerupte.<\/p>\n<p>Dar ceea ce lipsea era un om inspirat \u0219i binecuv\u00e2ntat de Duhul Sf\u00e2nt, care s\u0103 dea tuturor acestora puterea unui fenomen de iradiere universal\u0103. <strong>Lipsea marele animator pe m\u0103sura secolului \u201eluminilor\u201d. Acest om providen\u0163ial a fost Paisie Velicicovschi<\/strong>.<\/p>\n<p>Ceea ce el a realizat a fost sinteza. Paradoxal, geniul s\u0103u nu a constat \u00een originalitate. El \u00eensu\u015fi nu a pretins niciodat\u0103 altceva dec\u00e2t reintroducerea principiilor autentice ale doctrinei patristice r\u0103s\u0103ritene tradi\u0163ionale \u00een via\u0163a monahal\u0103. A continuat mi\u015fcarea de re\u00eennoire a vie\u0163ii monahale din secolul al XVIII-lea din s\u00e2nul Bisericii Ortodoxe rom\u00e2ne\u015fti, de rea\u015fezare a ei, \u00een spiritul tradi\u0163iei athonite, pe baza unei mai bune cunoa\u015fteri a scrierilor patristice \u015fi postpatristice \u015fi a punerii riguroase \u00een practic\u0103 a canoanelor ascetice.<\/p>\n<p>Stare\u0163ul Paisie nu a fost un scriitor bisericesc \u00een sensul propriu al cuv\u00e2ntului, ci un \u00eenf\u0103ptuitor practic, <strong>creatorul unei fr\u0103\u0163ii monahale multilaterale \u015fi al unei \u015fcoli de copi\u015fti \u015fi traduc\u0103tori ai Sfin\u0163ilor P\u0103rin\u0163i.<\/strong> Stare\u021bul cu via\u021b\u0103 \u00eembun\u0103t\u0103\u021bit\u0103 a lavrei nem\u021bene a fost h\u0103ruit de Cer cu un dar aparte de a \u0163ese, din diversele fire ale tradi\u0163iilor spirituale r\u0103s\u0103ritene \u015fi ruse\u015fti, un edificiu statornic.<\/p>\n<p>Elevul \u201eAcademiei movileane\u201d din Kiev, chiar f\u0103r\u0103 s\u0103 fi acordat prea mult\u0103 r\u00e2vn\u0103 studiilor, a pornit totu\u015fi dintr-o institu\u0163ie creat\u0103 de marele ierarh de origine rom\u00e2n\u0103, Petru Movil\u0103, tocmai spre a s\u0103di r\u00e2vna pentru cultur\u0103. Prin urmare, <strong>Paisie a fost omul providen\u0163ial care a creat sinteza \u00eentre tradi\u0163ia ortodox\u0103 a Ucrainei sale natale, \u00eentre tradi\u0163ia ruseasc\u0103, de la Nil Sorski p\u00e2n\u0103 la Vasile de la Poiana M\u0103rului, \u00eentre tradi\u0163ia rom\u00e2neasc\u0103 \u015fi \u00eentre marea tradi\u0163ie athonit\u0103.<\/strong> Toate acestea pe temelia de granit a sfintei \u015fi marii Predanii Ortodoxe, cuprins\u0103 \u00een tezaurul cuget\u0103rii patristice \u015fi a marilor scriitori bizantini din epoca post-patristic\u0103.<\/p>\n<p>Cuviosul Paisie a rechemat la o nou\u0103 via\u0163\u0103 mo\u015ftenirea patristic\u0103 \u015fi spiritualitatea bizantin\u0103 \u00een \u00eentregimea ei, printr-o uria\u015f\u0103 munc\u0103 de traduceri concomitente \u00een dou\u0103 limbi: \u00een rom\u00e2n\u0103 \u015fi slavo-rus\u0103. Re\u00eent\u00e2lnirea cu tradi\u0163ia patristic\u0103 \u015fi bizantin\u0103 a realizat-o printr-o tr\u0103ire vie \u015fi nu doar \u00een sfera strictei erudi\u0163ii. O tr\u0103ire vie care, \u00een cele din urm\u0103, se revars\u0103 \u00een sufletul unei na\u0163iuni \u00eentregi, pe care-l face s\u0103 se ridice la Dumnezeu \u015fi \u00eel pune \u00een leg\u0103tur\u0103 cu El.<\/p>\n<p>Geniul Sf\u00e2ntului Paisie a constat \u00een capacitatea de racordare a acestei tradi\u0163ii \u2013 printr-o uria\u015f\u0103 munc\u0103 filologic\u0103 \u015fi editorial\u0103 \u2013 la nevoile urgente de via\u0163\u0103 duhovniceasc\u0103 ale oamenilor din vremea sa. <strong>Ceea ce a uimit pe contemporani \u015fi i-a f\u0103cut pe sute de oameni s\u0103 alerge spre Cuviosul Paisie, st\u00e2rnind sute de voca\u0163ii monahale \u015fi adun\u00e2ndu-le \u00een jurul s\u0103u, a fost puterea personal\u0103 a stare\u0163ului, capacitatea de a-i face pe cei din jurul s\u0103u s\u0103 se simt\u0103 osta\u015fii ferici\u0163i ai unei lupte sfinte pentru propria regenerare \u015fi \u00een\u0103l\u0163are spre Dumnezeu, dar \u015fi a celor din jur<\/strong>.<\/p>\n<p>\u00cen secolul \u201eluminilor\u201d, Paisie Velicicovschi a aprins la poalele Carpa\u0163ilor un alt gen de \u201elumini\u201d: ale Ortodoxiei, ale tradi\u0163iei patristice \u015fi bizantine transformat\u0103 \u00een lucrarea vie asupra oamenilor. El a reu\u015fit s\u0103 re\u00eenvie mi\u015fcarea isihast\u0103, ca \u00een secolul al XIV-lea, cu diferen\u0163a c\u0103 acum el tr\u0103ia \u00een plin \u201eSecol al lui Voltaire\u201d. A re\u00eenviat puterea d\u0103t\u0103toare de via\u0163\u0103 a duhului Ortodoxiei, spre a rodi ca odinioar\u0103.<\/p>\n<p>De\u015fi nu a s\u0103v\u00e2r\u0219it vindec\u0103ri miraculoase, Sf\u00e2ntul Paisie a pus \u00eenceputul unei minunate t\u0103m\u0103duiri a lumii, pentru care s-a str\u0103duit s\u0103 preg\u0103teasc\u0103 o autentic\u0103 farmacie duhovniceasc\u0103.<\/p>\n<p style=\"text-align: right;\"><strong><em>Arhimandritul Mihail Daniliuc<\/em><\/strong><\/p>\n<p style=\"text-align: right;\"><em>Sursa: <a href=\"https:\/\/doxologia.ro\/puncte-de-vedere\/sfantul-paisie-velicicovschi-adevaratul-luminator-al-secolului-luminilor\"><strong>Doxologia.ro<\/strong><\/a><\/em><\/p>\n","protected":false},"excerpt":{"rendered":"<p>Postul Cr\u0103ciunului debuteaz\u0103 cu o s\u0103rb\u0103toare foarte important\u0103 pentru monahismul rom\u00e2nesc \u0219i nu numai. Pe 15 noiembrie (28 noiembrie stil nou) \u00eel&hellip;<\/p>\n","protected":false},"author":3,"featured_media":8059,"comment_status":"open","ping_status":"closed","sticky":false,"template":"","format":"standard","meta":{"_lmt_disableupdate":"","_lmt_disable":"","slim_seo":{"title":"Sf\u00e2ntul Paisie Velicicovschi, adev\u0103ratul lumin\u0103tor al secolului \u201eluminilor\u201d - traditia.md","description":"Postul Cr\u0103ciunului debuteaz\u0103 cu o s\u0103rb\u0103toare foarte important\u0103 pentru monahismul rom\u00e2nesc \u0219i nu numai. Pe 15 noiembrie (28 noiembrie stil nou) \u00eel prosl\u0103vim pe S"},"footnotes":""},"categories":[40,38],"tags":[],"class_list":["post-9118","post","type-post","status-publish","format-standard","has-post-thumbnail","hentry","category-apararea-credintei","category-stiri"],"_links":{"self":[{"href":"https:\/\/traditia.md\/ro\/wp-json\/wp\/v2\/posts\/9118","targetHints":{"allow":["GET"]}}],"collection":[{"href":"https:\/\/traditia.md\/ro\/wp-json\/wp\/v2\/posts"}],"about":[{"href":"https:\/\/traditia.md\/ro\/wp-json\/wp\/v2\/types\/post"}],"author":[{"embeddable":true,"href":"https:\/\/traditia.md\/ro\/wp-json\/wp\/v2\/users\/3"}],"replies":[{"embeddable":true,"href":"https:\/\/traditia.md\/ro\/wp-json\/wp\/v2\/comments?post=9118"}],"version-history":[{"count":0,"href":"https:\/\/traditia.md\/ro\/wp-json\/wp\/v2\/posts\/9118\/revisions"}],"wp:featuredmedia":[{"embeddable":true,"href":"https:\/\/traditia.md\/ro\/wp-json\/wp\/v2\/media\/8059"}],"wp:attachment":[{"href":"https:\/\/traditia.md\/ro\/wp-json\/wp\/v2\/media?parent=9118"}],"wp:term":[{"taxonomy":"category","embeddable":true,"href":"https:\/\/traditia.md\/ro\/wp-json\/wp\/v2\/categories?post=9118"},{"taxonomy":"post_tag","embeddable":true,"href":"https:\/\/traditia.md\/ro\/wp-json\/wp\/v2\/tags?post=9118"}],"curies":[{"name":"wp","href":"https:\/\/api.w.org\/{rel}","templated":true}]}}