{"id":9107,"date":"2022-11-26T13:56:08","date_gmt":"2022-11-26T10:56:08","guid":{"rendered":"https:\/\/traditia.md\/?p=9107"},"modified":"2022-11-26T13:57:16","modified_gmt":"2022-11-26T10:57:16","slug":"prigoniri-in-ucraina-structurile-de-forta-contra-bisericii","status":"publish","type":"post","link":"https:\/\/traditia.md\/ro\/prigoniri-in-ucraina-structurile-de-forta-contra-bisericii\/","title":{"rendered":"PRIGONIRI \u00ceN UCRAINA. Structurile de for\u021b\u0103 contra Bisericii"},"content":{"rendered":"<p><strong><em>\u00cen diminea\u021ba zilei de 25 noiembrie 2022, Serviciul de Securitate al Ucrainei (SSU) a declan\u0219at perchezi\u021bii la Direc\u021bia episcopal\u0103 a Eparhiei de Cern\u0103u\u021bi \u0219i Bucovina a Bisericii Ortodoxe din Ucraina, precum \u0219i \u00een Catedrala \u201eSf\u00e2ntul Nicolae\u201d care se afl\u0103 al\u0103turi. For\u021bele de securitate au efectuat perchezi\u021bii \u0219i la vicarul Eparhiei de Ternopol, rectorul Seminarului Teologic de la Poceaev arhiepiscopul Iov (Smakouz).<\/em><\/strong><\/p>\n<p>La Cern\u0103u\u0163i, oamenii legii au blocat cl\u0103dirile \u015fi nu au permis credincio\u015filor s\u0103 intre \u00een catedral\u0103 pentru a participa la slujba dumnezeiasc\u0103. Enoria\u0219ii sunt revolta\u021bi pentru c\u0103, potrivit lor, acest sf\u00e2nt l\u0103ca\u0219 nu a fost \u00eenchis niciodat\u0103, nici m\u0103car \u00een epoca sovietic\u0103. \u0218i este pentru prima dat\u0103 \u00een Ucraina independent\u0103 c\u00e2nd oamenilor li s-a interzis s\u0103 vin\u0103 la biseric\u0103. \u00cen timpul de fa\u021b\u0103 cl\u0103direa administra\u021biei \u0219i catedrala sunt blocate de c\u0103tre for\u021bele de securitate.<\/p>\n<p><img fetchpriority=\"high\" decoding=\"async\" class=\"size-full wp-image-9105 alignleft\" src=\"https:\/\/traditia.md\/wp-content\/uploads\/2022\/11\/goneniya_ukraina_sekretar.jpg\" alt=\"\u0413\u043e\u043d\u0435\u043d\u0438\u044f_\u0423\u043a\u0440\u0430\u0438\u043d\u0430_\u0441\u0435\u043a\u0440\u0435\u0442\u0430\u0440\u044c\" width=\"300\" height=\"266\" \/>Secretarul Eparhiei de Cern\u0103u\u021bi \u0219i Bucovina arhimandritul Nichita (Storojuk) a comentat astfel cele \u00eent\u00e2mplate: \u201eLa ora 7 diminea\u021ba reprezentan\u021bii SSU au spart u\u0219ile, url\u00e2nd \u0219i amenin\u021b\u0103nd, au scos din camere pe fiecare angajat al eparhiei. Nu erau doar colaboratorii SSU Cern\u0103u\u021bi, ci \u0219i reprezentan\u021bi ai aparatului din Kiev\u201d, \u00ee\u0219i aminte\u0219te p\u0103rintele Nichita.<\/p>\n<p>\u201eNe-au impus s\u0103 ne dezbr\u0103c\u0103m \u0219i s\u0103 punem m\u00e2inile pe perete \u0219i au \u00eenceput s\u0103 filmeze. Apoi au ap\u0103rut \u00een mass-media toate aceste scrieri murdare. Dumnezeu \u00eei va judeca pe ace\u0219ti oameni, dac\u0103 au vreo dovad\u0103 las\u0103 s-o demonstreze\u201d, a men\u021bionat arhimandritul.<\/p>\n<p>Secretarul eparhiei a ad\u0103ugat c\u0103 \u00een timpul perchezi\u021biilor la por\u021bile Catedralei \u201eSf\u00e2ntul Nicolae\u201d s-au adunat mul\u021bi credincio\u0219i \u0219i le-a mul\u021bumit pentru rug\u0103ciune \u0219i sprijin.<\/p>\n<p><img decoding=\"async\" class=\"size-full wp-image-9101 alignleft\" src=\"https:\/\/traditia.md\/wp-content\/uploads\/2022\/11\/goneniya_ukraina_biblioteka.jpg\" alt=\"\u0413\u043e\u043d\u0435\u043d\u0438\u044f_\u0423\u043a\u0440\u0430\u0438\u043d\u0430_\u0431\u0438\u0431\u043b\u0438\u043e\u0442\u0435\u043a\u0430\" width=\"300\" height=\"202\" \/>La rectorul Seminarului Teologic de la Poceaev arhiepiscopul Iov au g\u0103sit literatur\u0103 rus\u0103 pe care acesta, chipurile, ar fi folosit-o pentru a promova valorile ruse \u0219i agita\u021bie anti-ucrainean\u0103.<\/p>\n<p>Fotografia de la fa\u021ba locului arat\u0103 c\u0103 au avut loc perchezi\u021bii \u00een biblioteca seminarului unde dou\u0103 c\u0103r\u021bi cu formulare de bibliotec\u0103 sunt \u00een limba rus\u0103.<\/p>\n<p>Precum s-a comunicat anterior, la 22 noiembrie SSU a efectuat perchezi\u021bii \u00een 350 de \u00eenc\u0103peri biserice\u0219ti ale Bisericii Ortodoxe din Ucraina \u2013 \u00een ora\u0219ul Kiev \u0219i la Eparhia de Sarn\u00ee \u0219i Polesie.<\/p>\n<p style=\"text-align: right;\"><strong><em>Potrivit materialelor site-ului Spzh.news<\/em><\/strong><\/p>\n","protected":false},"excerpt":{"rendered":"<p>\u00cen diminea\u021ba zilei de 25 noiembrie 2022, Serviciul de Securitate al Ucrainei (SSU) a declan\u0219at perchezi\u021bii la Direc\u021bia episcopal\u0103 a Eparhiei de&hellip;<\/p>\n","protected":false},"author":3,"featured_media":9103,"comment_status":"open","ping_status":"closed","sticky":false,"template":"","format":"standard","meta":{"_lmt_disableupdate":"","_lmt_disable":"","slim_seo":{"title":"PRIGONIRI \u00ceN UCRAINA. Structurile de for\u021b\u0103 contra Bisericii - traditia.md","description":"\u00cen diminea\u021ba zilei de 25 noiembrie 2022, Serviciul de Securitate al Ucrainei (SSU) a declan\u0219at perchezi\u021bii la Direc\u021bia episcopal\u0103 a Eparhiei de Cern\u0103u\u021bi \u0219i Buco"},"footnotes":""},"categories":[39,38],"tags":[],"class_list":["post-9107","post","type-post","status-publish","format-standard","has-post-thumbnail","hentry","category-biserica-si-societatea","category-stiri"],"_links":{"self":[{"href":"https:\/\/traditia.md\/ro\/wp-json\/wp\/v2\/posts\/9107","targetHints":{"allow":["GET"]}}],"collection":[{"href":"https:\/\/traditia.md\/ro\/wp-json\/wp\/v2\/posts"}],"about":[{"href":"https:\/\/traditia.md\/ro\/wp-json\/wp\/v2\/types\/post"}],"author":[{"embeddable":true,"href":"https:\/\/traditia.md\/ro\/wp-json\/wp\/v2\/users\/3"}],"replies":[{"embeddable":true,"href":"https:\/\/traditia.md\/ro\/wp-json\/wp\/v2\/comments?post=9107"}],"version-history":[{"count":0,"href":"https:\/\/traditia.md\/ro\/wp-json\/wp\/v2\/posts\/9107\/revisions"}],"wp:featuredmedia":[{"embeddable":true,"href":"https:\/\/traditia.md\/ro\/wp-json\/wp\/v2\/media\/9103"}],"wp:attachment":[{"href":"https:\/\/traditia.md\/ro\/wp-json\/wp\/v2\/media?parent=9107"}],"wp:term":[{"taxonomy":"category","embeddable":true,"href":"https:\/\/traditia.md\/ro\/wp-json\/wp\/v2\/categories?post=9107"},{"taxonomy":"post_tag","embeddable":true,"href":"https:\/\/traditia.md\/ro\/wp-json\/wp\/v2\/tags?post=9107"}],"curies":[{"name":"wp","href":"https:\/\/api.w.org\/{rel}","templated":true}]}}