{"id":8928,"date":"2022-11-18T12:24:37","date_gmt":"2022-11-18T09:24:37","guid":{"rendered":"https:\/\/traditia.md\/?p=8928"},"modified":"2022-11-18T12:25:26","modified_gmt":"2022-11-18T09:25:26","slug":"moastele-fericitei-matrona-vor-fi-aduse-spre-inchinare-la-catedrala-episcopala-din-soroca","status":"publish","type":"post","link":"https:\/\/traditia.md\/ro\/moastele-fericitei-matrona-vor-fi-aduse-spre-inchinare-la-catedrala-episcopala-din-soroca\/","title":{"rendered":"Moa\u0219tele fericitei Matrona vor fi aduse spre \u00eenchinare la Catedrala episcopal\u0103 din Soroca"},"content":{"rendered":"<p><strong><em>Cu binecuv\u00e2ntarea Preasfin\u021bitului Ioan, episcop de Soroca, racla cu fragmente din moa\u0219tele Fericitei Matrona de Moscova vor fi aduse spre \u00eenchinare luni, 21 noiembrie 2022, \u00een municipiul Soroca.<\/em><\/strong><\/p>\n<p>Sfintele odoare vor fi \u00eent\u00e2mpinate de preo\u021bii \u0219i credincio\u0219ii soroceni la intrarea \u00een ora\u0219 (ora 15:00) iar mai apoi procesiunea se va \u00eendrepta spre Catedrala episcopal\u0103 \u201eAdormirea Maicii Domnului\u201d.<\/p>\n<p>Chivotul cu moa\u0219tele fericitei Matrona se va afla expus spre \u00eenchinare \u00een catedrala arhiereasc\u0103 din municipiul Soroca p\u00e2n\u0103 la data de 5 ianuarie 2023.<\/p>\n<p style=\"text-align: center;\">***<\/p>\n<p>Sf\u00e2nta Fericita Maic\u0103 Matrona este grabnic ajut\u0103toare celor care, vin cu credin\u021b\u0103 curat\u0103 \u0219i n\u0103dejde pentru a-i cere mijlocirea \u00een fa\u021ba M\u00e2ntuitorului Iisus Hristos. Sf\u00e2ntul Ioan de Kronstadt a numit-o <em>\u201eal optulea st\u00e2lp al Rusiei\u201d<\/em>. Prin aceast\u0103 expresie a profe\u021bit c\u0103 ea va r\u0103m\u00e2ne unul dintre pu\u021binii rug\u0103tori pentru patria care avea s\u0103 fie cuprins\u0103 de persecu\u021bia ateist\u0103 bol\u0219evic\u0103.<\/p>\n<p>Fericita Matrona a fost canonizat\u0103 de Biserica Ortodox\u0103 Rus\u0103 \u00een anul 1999.<\/p>\n<p style=\"text-align: right;\"><em>Sursa: <\/em><a href=\"https:\/\/ioanmosnegutu.info\/\"><strong><em>https:\/\/ioanmosnegutu.info\/<\/em><\/strong><\/a><\/p>\n","protected":false},"excerpt":{"rendered":"<p>Cu binecuv\u00e2ntarea Preasfin\u021bitului Ioan, episcop de Soroca, racla cu fragmente din moa\u0219tele Fericitei Matrona de Moscova vor fi aduse spre \u00eenchinare luni,&hellip;<\/p>\n","protected":false},"author":3,"featured_media":8926,"comment_status":"open","ping_status":"closed","sticky":false,"template":"","format":"standard","meta":{"_lmt_disableupdate":"","_lmt_disable":"","slim_seo":{"title":"Moa\u0219tele fericitei Matrona vor fi aduse spre \u00eenchinare la Catedrala episcopal\u0103 din Soroca - traditia.md","description":"Cu binecuv\u00e2ntarea Preasfin\u021bitului Ioan, episcop de Soroca, racla cu fragmente din moa\u0219tele Fericitei Matrona de Moscova vor fi aduse spre \u00eenchinare luni, 21 noi"},"footnotes":""},"categories":[40,38],"tags":[],"class_list":["post-8928","post","type-post","status-publish","format-standard","has-post-thumbnail","hentry","category-apararea-credintei","category-stiri"],"_links":{"self":[{"href":"https:\/\/traditia.md\/ro\/wp-json\/wp\/v2\/posts\/8928","targetHints":{"allow":["GET"]}}],"collection":[{"href":"https:\/\/traditia.md\/ro\/wp-json\/wp\/v2\/posts"}],"about":[{"href":"https:\/\/traditia.md\/ro\/wp-json\/wp\/v2\/types\/post"}],"author":[{"embeddable":true,"href":"https:\/\/traditia.md\/ro\/wp-json\/wp\/v2\/users\/3"}],"replies":[{"embeddable":true,"href":"https:\/\/traditia.md\/ro\/wp-json\/wp\/v2\/comments?post=8928"}],"version-history":[{"count":0,"href":"https:\/\/traditia.md\/ro\/wp-json\/wp\/v2\/posts\/8928\/revisions"}],"wp:featuredmedia":[{"embeddable":true,"href":"https:\/\/traditia.md\/ro\/wp-json\/wp\/v2\/media\/8926"}],"wp:attachment":[{"href":"https:\/\/traditia.md\/ro\/wp-json\/wp\/v2\/media?parent=8928"}],"wp:term":[{"taxonomy":"category","embeddable":true,"href":"https:\/\/traditia.md\/ro\/wp-json\/wp\/v2\/categories?post=8928"},{"taxonomy":"post_tag","embeddable":true,"href":"https:\/\/traditia.md\/ro\/wp-json\/wp\/v2\/tags?post=8928"}],"curies":[{"name":"wp","href":"https:\/\/api.w.org\/{rel}","templated":true}]}}