{"id":8315,"date":"2022-10-27T09:20:07","date_gmt":"2022-10-27T06:20:07","guid":{"rendered":"https:\/\/traditia.md\/?p=8315"},"modified":"2022-10-27T09:22:10","modified_gmt":"2022-10-27T06:22:10","slug":"sfanta-cuvioasa-maica-parascheva-roaga-te-lui-dumnezeu-pentru-noi","status":"publish","type":"post","link":"https:\/\/traditia.md\/ro\/sfanta-cuvioasa-maica-parascheva-roaga-te-lui-dumnezeu-pentru-noi\/","title":{"rendered":"Sf\u00e2nt\u0103 cuvioas\u0103 maic\u0103 Parascheva, roag\u0103-te lui Dumnezeu pentru noi!"},"content":{"rendered":"<p><strong><em>La 27 octombrie facem pomenirea sfintei preacuvioase \u0219i mult milostivei maicii noastre Parascheva, care era cu neamul din Epivat \u0219i ale c\u0103rei sfinte moa\u0219te se afl\u0103 \u00een catedrala mitropolitan\u0103 din Ia\u0219i. Sf\u00e2nta este ocrotitoarea cereasc\u0103 a Moldovei.<\/em><\/strong><\/p>\n<p>Aceast\u0103 sl\u0103vit\u0103 sf\u00e2nt\u0103 a fost de neam s\u00e2rb \u015fi s-a n\u0103scut \u00een Epivata, care se afl\u0103 \u00eentre Selymbria \u015fi Constantinopol. P\u0103rin\u0163ii Sfintei au fost oameni foarte boga\u0163i \u015fi cre\u015ftini evlavio\u015fi. Ei au avut \u015fi un fiu, Eftimie, care s-a tuns monah \u00eenc\u0103 pe c\u00eend tr\u0103iau p\u0103rin\u0163ii lui, iar mai dup\u0103 aceea s-a f\u0103cut vestitul episcop al cet\u0103\u0163ii Madytos.<\/p>\n<p>Fecioara Parascheva, sora lui, totdeauna a t\u00e2njit \u015fi ea dup\u0103 via\u0163a ascetic\u0103 \u00eentru numele lui Hristos. Dup\u0103 moartea p\u0103rin\u0163ilor ea a p\u0103r\u0103sit casa p\u0103rinteasc\u0103 \u015fi a mers mai \u00eent\u00e2i la Constantinopol, iar apoi la pustia Iordanului, unde s-a nevoit \u00eentru aspre petreceri c\u0103lug\u0103re\u015fti p\u00e2n\u0103 la v\u00e2rst\u0103 ad\u00e2nc\u0103.Cine va putea descrie toate nevoin\u0163ele ei cu de-am\u0103nuntul, toate ispitirile din partea trupului, a lumii, \u015fi mai cu seam\u0103 a diavolilor?<\/p>\n<p>\u00cen v\u00e2rst\u0103 ad\u00e2nc\u0103 fiind, un \u00eenger al Domnului a venit la ea \u015fi i-a zis: <em>\u201eP\u0103r\u0103se\u015fte pustia aceasta \u015fi mergi \u00eenapoi \u00een patria ta, c\u0103ci acolo va trebui s\u0103 lepezi trupul acesta trec\u0103tor, iar cu sufletul s\u0103 te \u00eenf\u0103\u0163i\u015fezi \u00eenaintea Domnului!\u201d<\/em>. Sf\u00e2nta Parascheva s-a supus, \u015fi s-a \u00eentors \u00een patria ei, Epivata.<\/p>\n<p>Acolo ea a mai tr\u0103it timp de doi ani \u00een post \u015fi rug\u0103ciune ne\u00eencetat\u0103, iar apoi \u015fi-a dat fericitul ei suflet, str\u0103mut\u00e2ndu-se la loca\u015furile lui Dumnezeu. Sf\u00e2nta preacuvioas\u0103 Parascheva s-a s\u0103v\u00e2r\u015fit \u00een veacul al XI-lea.<\/p>\n<p>De-a lungul vremurilor, sfintele ei moa\u015fte s-au mutat mai \u00eent\u00e2i la Constantinopol, apoi la T\u00e2rnovo, apoi iar la Constantinopol, apoi la Belgrad. Ele acum odihnesc \u00een Rom\u00e2nia, \u00een ora\u015ful Ia\u015fi.<\/p>\n<p>F\u00e2nt\u00e2na preacuvioasei maicei noastre Parascheva de la Belgrad vindec\u0103 \u015fi ast\u0103zi pe cei care se apropie cu credin\u0163\u0103 \u00een Dumnezeu \u015fi cu dragoste fa\u0163\u0103 de pl\u0103cuta Lui, sf\u00e2nta Parascheva.<\/p>\n<div id=\"attachment_8311\" style=\"width: 310px\" class=\"wp-caption aligncenter\"><img fetchpriority=\"high\" decoding=\"async\" aria-describedby=\"caption-attachment-8311\" class=\"size-full wp-image-8311\" src=\"https:\/\/traditia.md\/wp-content\/uploads\/2022\/10\/prepodobnaya_paraskeva_1.jpg\" alt=\"\u041f\u0440\u0435\u043f\u043e\u0434\u043e\u0431\u043d\u0430\u044f_\u041f\u0430\u0440\u0430\u0441\u043a\u0435\u0432\u0430_1\" width=\"300\" height=\"204\" \/><p id=\"caption-attachment-8311\" class=\"wp-caption-text\">R\u00e2nduri de pelerini l\u00e2ng\u0103 Catedrala mitropolitan\u0103 din Ia\u0219i a\u0219tept\u00e2nd s\u0103 se \u00eenchine moa\u0219telor cuvioasei Parascheva<\/p><\/div>\n<p><strong>Troparul Cuvioasei Parascheva, glasul al 4-lea<\/strong><\/p>\n<p><em>\u00centru tine, maic\u0103, cu os\u00e2rdie s-a m\u00e2ntuit cel dup\u0103 chip; c\u0103, lu\u00e2nd crucea, ai urmat lui Hristos; \u015fi lucr\u00e2nd, ai \u00eenv\u0103\u0163at s\u0103 nu se uite la trup, c\u0103ci este trec\u0103tor; ci s\u0103 poarte grij\u0103 de suflet, de lucrul cel nemuritor. Pentru aceasta \u015fi cu \u00eengerii \u00eempreun\u0103 se bucur\u0103, preacuvioas\u0103 maic\u0103 Parascheva, duhul t\u0103u.<\/em><\/p>\n<p>&nbsp;<\/p>\n<p><strong>Alt Tropar al Cuvioasei Parascheva, glasul al 4-lea<\/strong><\/p>\n<p>Via\u0163\u0103 pustniceasc\u0103 \u015fi f\u0103r\u0103 g\u00e2lceav\u0103 iubind \u015fi \u00een urma lui Hristos, Mirelui t\u0103u, cu dragoste alerg\u00e2nd \u015fi jugul cel bun al Aceluia \u00een tinere\u0163ile tale lu\u00e2nd, cu semnul crucii b\u0103rb\u0103te\u015fte \u00eentrarm\u00e2ndu-te, \u00eempotriva vr\u0103jma\u015filor celor de g\u00e2nd \u015fi cu luptele pustnice\u015fti, cu postul, cu rug\u0103ciunile \u015fi cu pic\u0103turile lacrimilor, c\u0103rbunii patimilor ai stins, vrednic\u0103 de laud\u0103, sf\u00e2nt\u0103 preacuvioas\u0103 Parascheva; \u015fi acum, \u00een C\u0103m\u0103rile Cere\u015fti st\u00e2nd \u00eenaintea lui Hristos, \u00eempreun\u0103 cu \u00een\u0163eleptele fecioare, roag\u0103-L pentru noi, cei ce cinstim sf\u00e2nt\u0103 pr\u0103znuirea ta.<\/p>\n<p style=\"text-align: right;\"><em>Surs\u0103: <a href=\"https:\/\/altarulcredintei.md\/calendar-crestin-ortodox\/\"><strong>Altarulcredintei.md<\/strong><\/a><\/em><\/p>\n","protected":false},"excerpt":{"rendered":"<p>La 27 octombrie facem pomenirea sfintei preacuvioase \u0219i mult milostivei maicii noastre Parascheva, care era cu neamul din Epivat \u0219i ale c\u0103rei&hellip;<\/p>\n","protected":false},"author":3,"featured_media":8313,"comment_status":"open","ping_status":"closed","sticky":false,"template":"","format":"standard","meta":{"_lmt_disableupdate":"","_lmt_disable":"","slim_seo":{"title":"Sf\u00e2nt\u0103 cuvioas\u0103 maic\u0103 Parascheva, roag\u0103-te lui Dumnezeu pentru noi! - traditia.md","description":"La 27 octombrie facem pomenirea sfintei preacuvioase \u0219i mult milostivei maicii noastre Parascheva, care era cu neamul din Epivat \u0219i ale c\u0103rei sfinte moa\u0219te se a"},"footnotes":""},"categories":[40,38],"tags":[],"class_list":["post-8315","post","type-post","status-publish","format-standard","has-post-thumbnail","hentry","category-apararea-credintei","category-stiri"],"_links":{"self":[{"href":"https:\/\/traditia.md\/ro\/wp-json\/wp\/v2\/posts\/8315","targetHints":{"allow":["GET"]}}],"collection":[{"href":"https:\/\/traditia.md\/ro\/wp-json\/wp\/v2\/posts"}],"about":[{"href":"https:\/\/traditia.md\/ro\/wp-json\/wp\/v2\/types\/post"}],"author":[{"embeddable":true,"href":"https:\/\/traditia.md\/ro\/wp-json\/wp\/v2\/users\/3"}],"replies":[{"embeddable":true,"href":"https:\/\/traditia.md\/ro\/wp-json\/wp\/v2\/comments?post=8315"}],"version-history":[{"count":0,"href":"https:\/\/traditia.md\/ro\/wp-json\/wp\/v2\/posts\/8315\/revisions"}],"wp:featuredmedia":[{"embeddable":true,"href":"https:\/\/traditia.md\/ro\/wp-json\/wp\/v2\/media\/8313"}],"wp:attachment":[{"href":"https:\/\/traditia.md\/ro\/wp-json\/wp\/v2\/media?parent=8315"}],"wp:term":[{"taxonomy":"category","embeddable":true,"href":"https:\/\/traditia.md\/ro\/wp-json\/wp\/v2\/categories?post=8315"},{"taxonomy":"post_tag","embeddable":true,"href":"https:\/\/traditia.md\/ro\/wp-json\/wp\/v2\/tags?post=8315"}],"curies":[{"name":"wp","href":"https:\/\/api.w.org\/{rel}","templated":true}]}}