{"id":8110,"date":"2022-10-14T08:30:07","date_gmt":"2022-10-14T05:30:07","guid":{"rendered":"https:\/\/traditia.md\/?p=8110"},"modified":"2022-10-13T22:22:35","modified_gmt":"2022-10-13T19:22:35","slug":"praznic-de-bucurie-acoperamantul-preasfintei-nascatoare-de-dumnezeu","status":"publish","type":"post","link":"https:\/\/traditia.md\/ro\/praznic-de-bucurie-acoperamantul-preasfintei-nascatoare-de-dumnezeu\/","title":{"rendered":"Praznic de bucurie \u2013 Acoper\u0103m\u00e2ntul Preasfintei N\u0103sc\u0103toare de Dumnezeu!"},"content":{"rendered":"<p><strong><em>La 14 octombrie Biserica s\u0103v\u00e2r\u0219e\u0219te pr\u0103znuirea Acoper\u0103m\u00e2ntului Preasfintei N\u0103sc\u0103toare de Dumnezeu \u0219i pururea Fecioarei Maria<\/em><\/strong><strong><em>. Propunem aten\u021biei cititorilor portalului predica Sf\u00e2ntului Ierarh Nicolae Velimirovici dedicat\u0103 acestei s\u0103rb\u0103tori.<\/em><\/strong><\/p>\n<p>Praznic de bucurie \u2013 Acoper\u0103m\u00e2ntul Preasfintei N\u0103sc\u0103toare de Dumnezeu! Acest praznic dovede\u0219te marea slav\u0103 cu care Sf\u00e2nta Maic\u0103 a lui Dumnezeu este \u00eencununat\u0103 \u00een acea lume. \u00cen aceast\u0103 zi ea s-a ar\u0103tat \u00een mare slav\u0103 \u0219i oamenii au v\u0103zut \u0219i s-au bucurat. Iar c\u00e2nd s-a ar\u0103tat oamenilor, pe bra\u021bele ei larg deschise a \u021binut un acoper\u0103m\u00e2nt de aur, ca s\u0103 arate tuturor cum ea ocrote\u0219te pe oameni \u0219i \u00eei acoper\u0103 de tot r\u0103ul.<\/p>\n<p>De aici bucurie \u00eendoit\u0103: mai \u00eent\u00e2i c\u0103 vedem o mare dreapt\u0103 \u0219i p\u0103timitoare \u00een via\u021ba p\u0103m\u00e2nteasc\u0103 \u00een at\u00e2ta slav\u0103 \u00een via\u021ba cea cereasc\u0103, iar apoi c\u0103 vedem cum ea \u0219i din acea via\u021b\u0103 se \u00eengrije\u0219te cu st\u0103ruin\u021b\u0103 de cre\u0219tini, de urma\u0219ii Fiului \u0219i Dumnezeului ei.<\/p>\n<p>A\u0219adar, dac\u0103 ea ne bucur\u0103 pe noi cu ar\u0103tarea \u0219i ocrotirea ei, atunci \u0219i acum, \u0219i \u00eentotdeauna se cuvine ca \u0219i noi, fra\u021bilor, s\u0103 o bucur\u0103m pe ea. Cu adev\u0103rat, \u0219i noi putem s\u0103 pricinuim bucurie Preasfintei N\u0103sc\u0103toare de Dumnezeu. \u00centreba\u021bi: Cum?<\/p>\n<p>Dac\u0103 credem \u00een Fiul lui Dumnezeu \u0219i Fiul Fecioarei Maria, prin aceasta noi pricinuim bucurie Sfintei Maicii lui Dumnezeu. Dac\u0103 avem dragoste c\u0103tre El, precum El are dragoste fa\u021b\u0103 de noi, din nou pricinuim bucurie Sfintei Maicii lui Dumnezeu.<\/p>\n<p>Dac\u0103 \u021binem poruncile lui Hristos, prin aceasta pricinuim bucurie ei, celei care L-a n\u0103scut pe Hristos Domnul. Dac\u0103 ne c\u0103im pentru p\u0103catele noastre, ea se bucur\u0103 cu \u00eengerii \u0219i \u00eentregul cer al lui Dumnezeu.<\/p>\n<p>C\u0103ci Domnul a zis: <em>\u201eC\u0103 a\u0219a \u0219i \u00een cer va fi mai mult\u0103 bucurie pentru un p\u0103c\u0103tos care se poc\u0103ie\u0219te, dec\u00e2t pentru nou\u0103zeci \u0219i nou\u0103 de drep\u021bi, care n-au nevoie de poc\u0103in\u021b\u0103.\u201d<\/em> (Lc. 15:7)<\/p>\n<p>Dac\u0103 gre\u0219im \u0219i nu ne c\u0103im, atunci o \u00eentrist\u0103m pe Preacurata Maic\u0103, pe Dumnezeu, \u0219i \u00eentrist\u0103m pe \u00eengerii lumina\u021bi ai lui Dumnezeu \u0219i toate cerurile drepte ale lui Dumnezeu. La ce ne folose\u0219te atunci pr\u0103znuirea? La ce ne folosesc atunci c\u0103 ne adun\u0103m la rug\u0103ciune \u0219i c\u00e2nt\u0103m c\u00e2nt\u0103ri duhovnice\u0219ti?<\/p>\n<p>Domnul nu caut\u0103 la limb\u0103, ci la inim\u0103. C\u0103ci atunci c\u00e2nd va veni s\u0103 judece lumea, nu va judeca dup\u0103 limb\u0103, ci dup\u0103 inim\u0103. Dac\u0103 va g\u0103si inimile noastre necurate, ne va lep\u0103da; dac\u0103 ne g\u0103se\u0219te inimile curate, pline de mil\u0103 \u0219i dragoste, ne va primi \u00een \u00cemp\u0103r\u0103\u021bia Sa cea ve\u0219nic\u0103. De aceea \u0219i \u00een\u021beleptul Vechiului Leg\u0103m\u00e2nt a zis: <em>\u201eP\u0103ze\u0219te-\u021bi inima mai mult dec\u00e2t orice, c\u0103ci din ea \u021b\u00e2\u0219ne\u0219te via\u021ba.\u201d<\/em> (Sol. 4:23).<\/p>\n<p>C\u00e2nd \u00eentr-un copac inima este putrezit\u0103, oare copacul se poate \u021bine mult\u0103 vreme? Iar inima omului putrezit\u0103 de p\u0103cat, \u0219i atunci c\u00e2nd putreze\u0219te, omul nu mai este om, ci umbr\u0103 care se trage pe p\u0103m\u00e2nt, p\u00e2n\u0103 c\u00e2nd nu piere de tot.<\/p>\n<p>S\u0103 nu se \u00eent\u00e2mple aceasta cu voi, fra\u021bii mei! S\u0103 nu ajunge\u021bi umbre, ci s\u0103 fi\u021bi oameni ai lui Dumnezeu!<\/p>\n<p><img fetchpriority=\"high\" decoding=\"async\" class=\"size-medium wp-image-8105 alignleft\" src=\"https:\/\/traditia.md\/wp-content\/uploads\/2022\/10\/pokrov_presvyatoj_bogorodiczy_1-193x300.jpg\" alt=\"\u041f\u043e\u043a\u0440\u043e\u0432_\u041f\u0440\u0435\u0441\u0432\u044f\u0442\u043e\u0439_\u0411\u043e\u0433\u043e\u0440\u043e\u0434\u0438\u0446\u044b_1\" width=\"193\" height=\"300\" srcset=\"https:\/\/traditia.md\/wp-content\/uploads\/2022\/10\/pokrov_presvyatoj_bogorodiczy_1-193x300.jpg 193w, https:\/\/traditia.md\/wp-content\/uploads\/2022\/10\/pokrov_presvyatoj_bogorodiczy_1.jpg 300w\" sizes=\"(max-width: 193px) 100vw, 193px\" \/>Iar atunci c\u00e2nd sunte\u021bi oamenii lui Dumnezeu, sunte\u021bi \u0219i mo\u0219tenitorii \u00cemp\u0103r\u0103\u021biei lui Dumnezeu. Iar c\u0103 cei drep\u021bi mo\u0219tenesc \u00cemp\u0103r\u0103\u021bia lui Dumnezeu, ne-a ar\u0103tat Sf\u00e2nta N\u0103sc\u0103toare de Dumnezeu prin ar\u0103tarea ei \u00een slav\u0103 \u0219i lumin\u0103 cu acoper\u0103m\u00e2ntul ei cu care acoper\u0103 de tot r\u0103ul \u0219i de tot duhul cel r\u0103u pe cei care cad c\u0103tre ea cu pl\u00e2nset, rug\u0103ciune \u0219i credin\u021b\u0103. Ea s-a ar\u0103tat \u0219i se arat\u0103.<\/p>\n<p>Nu se arat\u0103 \u00een zadar, ci s\u0103 deschid\u0103 ochii celor necredincio\u0219i, ca s\u0103 afle de via\u021ba ve\u0219nic\u0103 \u0219i de \u00cemp\u0103r\u0103\u021bia cereasc\u0103; s\u0103 m\u00e2ng\u00e2ie pe cei \u00eentrista\u021bi, ca s\u0103 \u0219tie c\u0103 \u00eei a\u0219teapt\u0103 mare bucurie \u00een acea lume; s\u0103 \u00eent\u0103reasc\u0103 pe cei mici \u0219i slabi, ca \u0219i ei s\u0103 treac\u0103 ferici\u021bi aceast\u0103 cale p\u0103m\u00e2nteasc\u0103 \u0219i s\u0103 intre \u00een Rai; s\u0103-i \u00eemb\u0103rb\u0103teze pe cei ce se poc\u0103iesc, ca s\u0103 nu se abat\u0103 de pe calea poc\u0103in\u021bei, ci s\u0103 nu cad\u0103 \u0219i s\u0103 se m\u00e2ntuiasc\u0103; ca fiecare strop al s\u00e2ngelui Fiului ei s\u0103-l r\u0103scumpere prin m\u00e2ntuirea multor \u0219i multor suflete omene\u0219ti; ca pentru fiecare pic\u0103tur\u0103 de s\u00e2nge al Fiului ei s\u0103 izb\u0103veasc\u0103 de pieire mii \u0219i mii de suflete omene\u0219ti.<\/p>\n<p>C\u0103ci, fra\u021bilor, preascump este s\u00e2ngele Fiului lui Dumnezeu, care este v\u0103rsat pentru oameni. Vai de cei care dispre\u021buiesc acest s\u00e2nge scump: chinul cel ve\u0219nic le va fi plat\u0103 dreapt\u0103. Ferice de voi, care pre\u021bui\u021bi acest s\u00e2nge \u0219i prin el v\u0103 m\u00e2ntui\u021bi cu voie \u0219i con\u0219tien\u021bi: via\u021ba ve\u0219nic\u0103 va fi recompensa voastr\u0103.<\/p>\n<p><img decoding=\"async\" class=\" wp-image-8107 alignleft\" src=\"https:\/\/traditia.md\/wp-content\/uploads\/2022\/10\/pokrov_presvyatoj_bogorodiczy_2.jpg\" alt=\"\u041f\u043e\u043a\u0440\u043e\u0432_\u041f\u0440\u0435\u0441\u0432\u044f\u0442\u043e\u0439_\u0411\u043e\u0433\u043e\u0440\u043e\u0434\u0438\u0446\u044b_2\" width=\"191\" height=\"157\" \/>Cu adev\u0103rat preascump este s\u00e2ngele Fiului Fecioarei Maria. To\u021bi oamenii de la \u00eenceputul p\u00e2n\u0103 la sf\u00e2r\u0219itul lumii, fie c\u0103 num\u0103rul lor este ca iarba p\u0103m\u00e2ntului \u0219i nisipul m\u0103rii, se pot r\u0103scump\u0103ra prin acest s\u00e2nge. Dar vai, nu to\u021bi se vor r\u0103scump\u0103ra, ci doar cei care doresc aceasta. Iar cei care nu doresc, vor fi lep\u0103da\u021bi, c\u0103ci au dispre\u021buit pre\u021bul cu care au fost pl\u0103ti\u021bi.<\/p>\n<p>Fra\u021bilor, nu dispre\u021bui\u021bi pe nimeni! C\u0103ci nu este om pe p\u0103m\u00e2nt pentru care Fiul Fecioarei Maria nu a dat scump s\u00e2ngele S\u0103u. Dac\u0103 cineva dispre\u021buie\u0219te acest s\u00e2nge cu care a fost r\u0103scump\u0103rat, acela singur va fi r\u0103spunz\u0103tor pentru pieirea sa. Dar voi s\u0103 nu fi\u021bi pricina pieirii niciunuia, c\u0103ci dac\u0103 dispre\u021bui\u021bi pe un om, voi dispre\u021bui\u021bi s\u00e2ngele lui Hristos care a fost v\u0103rsat pentru m\u00e2ntuirea acelui om.<\/p>\n<p>Mai degrab\u0103 str\u0103dui\u021bi-v\u0103 s\u0103-l \u00een\u021belep\u021bi\u021bi pe cel p\u0103c\u0103tos \u0219i s\u0103-l aduce\u021bi la credin\u021b\u0103. \u0218i dac\u0103 reu\u0219i\u021bi acestea, a\u021bi dob\u00e2ndit un frate \u0219i \u00eempreun\u0103-mo\u0219tenitor \u00een \u00eemp\u0103r\u0103\u021bia lui Hristos. Pe cel drept l\u0103uda\u021bi-l, pe cel p\u0103c\u0103tos \u00eendrepta\u021bi, pe cel poc\u0103it sprijini\u021bi! Dar precum apa murdar\u0103 nu poate \u00een\u0103lbi p\u00e2nza murdar\u0103, a\u0219a nici p\u0103c\u0103tosul nu poate cur\u0103\u021bi pe alt p\u0103c\u0103tos p\u00e2n\u0103 c\u00e2nd, mai \u00eent\u00e2i, nu se cur\u0103\u021be\u0219te pe sine. De aceea Domnul a \u00eendemnat: <em>\u201eDoctore, vindec\u0103-te pe tine \u00eensu\u021bi.\u201d<\/em> (Lc. 4:23) Voi, care dori\u021bi s\u0103 \u00eendrepta\u021bi pe al\u021bii, mai \u00eent\u00e2i s\u0103 v\u0103 \u00eendrepta\u021bi pe voi \u00een\u0219iv\u0103, iar apoi s\u0103 v\u0103 str\u0103dui\u021bi \u0219i pentru al\u021bii!<\/p>\n<p>Aceasta este \u0219i Legea lui Hristos. \u00cen a\u0219a fel o ve\u021bi bucura pe Preasf\u00e2nta Maica lui Dumnezeu, care necontenit ne bucur\u0103; \u0219i ne ocrote\u0219te de necazuri; \u0219i necontenit se roag\u0103 lui Dumnezeu pentru noi; \u0219i ne iube\u0219te ca o maic\u0103 pe copiii ei; \u0219i arde de dorin\u021b\u0103 ca to\u021bi s\u0103 ne m\u00e2ntuim \u0219i s\u0103 intr\u0103m \u00een \u00cemp\u0103r\u0103\u021bia Fiului ei.<\/p>\n<p>Dumnezeului nostru slav\u0103 \u0219i laud\u0103, iar vou\u0103 tuturor, s\u0103n\u0103tate \u0219i pace \u0219i bucurii \u0219i binecuv\u00e2ntare \u00een vecii vecilor. Amin.<\/p>\n<p style=\"text-align: right;\"><strong><em>Sf\u00e2ntul Nicolae Velimirovici, Evanghelia Maicii Domnului \u2013 Cuget\u0103ri, predici, rug\u0103ciuni, Editura Predania<\/em><\/strong><\/p>\n<p style=\"text-align: right;\"><em>Surs\u0103: <a href=\"http:\/\/www.cuvantul-ortodox.ro\/sfantul-nicolae-velimirovici-predica-la-praznicul-acoperamantului-maicii-domnului-cum-o-bucuram-si-cum-o-intristam-pe-preasfanta-nascatoare-de-dumnezeu\/\"><strong>Cuvantul-ortodox.ro<\/strong><\/a><\/em><\/p>\n","protected":false},"excerpt":{"rendered":"<p>La 14 octombrie Biserica s\u0103v\u00e2r\u0219e\u0219te pr\u0103znuirea Acoper\u0103m\u00e2ntului Preasfintei N\u0103sc\u0103toare de Dumnezeu \u0219i pururea Fecioarei Maria. Propunem aten\u021biei cititorilor portalului predica Sf\u00e2ntului Ierarh&hellip;<\/p>\n","protected":false},"author":3,"featured_media":8103,"comment_status":"open","ping_status":"closed","sticky":false,"template":"","format":"standard","meta":{"_lmt_disableupdate":"","_lmt_disable":"","slim_seo":{"title":"Praznic de bucurie \u2013 Acoper\u0103m\u00e2ntul Preasfintei N\u0103sc\u0103toare de Dumnezeu! - traditia.md","description":"La 14 octombrie Biserica s\u0103v\u00e2r\u0219e\u0219te pr\u0103znuirea Acoper\u0103m\u00e2ntului Preasfintei N\u0103sc\u0103toare de Dumnezeu \u0219i pururea Fecioarei Maria . Propunem aten\u021biei cititorilor por"},"footnotes":""},"categories":[40,38],"tags":[],"class_list":["post-8110","post","type-post","status-publish","format-standard","has-post-thumbnail","hentry","category-apararea-credintei","category-stiri"],"_links":{"self":[{"href":"https:\/\/traditia.md\/ro\/wp-json\/wp\/v2\/posts\/8110","targetHints":{"allow":["GET"]}}],"collection":[{"href":"https:\/\/traditia.md\/ro\/wp-json\/wp\/v2\/posts"}],"about":[{"href":"https:\/\/traditia.md\/ro\/wp-json\/wp\/v2\/types\/post"}],"author":[{"embeddable":true,"href":"https:\/\/traditia.md\/ro\/wp-json\/wp\/v2\/users\/3"}],"replies":[{"embeddable":true,"href":"https:\/\/traditia.md\/ro\/wp-json\/wp\/v2\/comments?post=8110"}],"version-history":[{"count":0,"href":"https:\/\/traditia.md\/ro\/wp-json\/wp\/v2\/posts\/8110\/revisions"}],"wp:featuredmedia":[{"embeddable":true,"href":"https:\/\/traditia.md\/ro\/wp-json\/wp\/v2\/media\/8103"}],"wp:attachment":[{"href":"https:\/\/traditia.md\/ro\/wp-json\/wp\/v2\/media?parent=8110"}],"wp:term":[{"taxonomy":"category","embeddable":true,"href":"https:\/\/traditia.md\/ro\/wp-json\/wp\/v2\/categories?post=8110"},{"taxonomy":"post_tag","embeddable":true,"href":"https:\/\/traditia.md\/ro\/wp-json\/wp\/v2\/tags?post=8110"}],"curies":[{"name":"wp","href":"https:\/\/api.w.org\/{rel}","templated":true}]}}