{"id":7700,"date":"2022-09-27T13:46:13","date_gmt":"2022-09-27T10:46:13","guid":{"rendered":"https:\/\/traditia.md\/?p=7700"},"modified":"2022-09-27T13:50:14","modified_gmt":"2022-09-27T10:50:14","slug":"inaltarea","status":"publish","type":"post","link":"https:\/\/traditia.md\/ro\/inaltarea\/","title":{"rendered":"\u00cen\u0103l\u021barea"},"content":{"rendered":"<p><strong><em>Cu prilejul praznicului de ast\u0103zi propunem aten\u021biei cititorilor o selec\u021bie de imagini vechi c\u0103tre s\u0103rb\u0103toarea \u00cent\u0103l\u021b\u0103rii Cinstitei \u0219i de Via\u021b\u0103 D\u0103t\u0103toarei Cruci a Domnului.<\/em><\/strong><\/p>\n<h5 style=\"text-align: center;\"><img fetchpriority=\"high\" decoding=\"async\" class=\"alignnone wp-image-7686 \" src=\"https:\/\/traditia.md\/wp-content\/uploads\/2022\/09\/vozdvizhenie_1.jpg\" alt=\"\u0412\u043e\u0437\u0434\u0432\u0438\u0436\u0435\u043d\u0438\u0435_1\" width=\"729\" height=\"486\" srcset=\"https:\/\/traditia.md\/wp-content\/uploads\/2022\/09\/vozdvizhenie_1.jpg 900w, https:\/\/traditia.md\/wp-content\/uploads\/2022\/09\/vozdvizhenie_1-300x200.jpg 300w, https:\/\/traditia.md\/wp-content\/uploads\/2022\/09\/vozdvizhenie_1-768x512.jpg 768w, https:\/\/traditia.md\/wp-content\/uploads\/2022\/09\/vozdvizhenie_1-585x390.jpg 585w, https:\/\/traditia.md\/wp-content\/uploads\/2022\/09\/vozdvizhenie_1-263x175.jpg 263w\" sizes=\"(max-width: 729px) 100vw, 729px\" \/><\/h5>\n<h5 style=\"text-align: center;\"><em>Miniatur\u0103 de carte (Minologia \u00eemp\u0103ratului Vasile al II-lea). Bizan\u0163. Secolul al X-lea<\/em><\/h5>\n<h5 style=\"text-align: center;\">\u00a0<\/h5>\n<p>&nbsp;<\/p>\n<h5 style=\"text-align: center;\"><img decoding=\"async\" class=\"aligncenter wp-image-7688 size-full\" src=\"https:\/\/traditia.md\/wp-content\/uploads\/2022\/09\/vozdvizhenie_2.jpg\" alt=\"\u0412\u043e\u0437\u0434\u0432\u0438\u0436\u0435\u043d\u0438\u0435_2\" width=\"700\" height=\"920\" srcset=\"https:\/\/traditia.md\/wp-content\/uploads\/2022\/09\/vozdvizhenie_2.jpg 700w, https:\/\/traditia.md\/wp-content\/uploads\/2022\/09\/vozdvizhenie_2-228x300.jpg 228w, https:\/\/traditia.md\/wp-content\/uploads\/2022\/09\/vozdvizhenie_2-585x769.jpg 585w\" sizes=\"(max-width: 700px) 100vw, 700px\" \/><\/h5>\n<h5 style=\"text-align: center;\"><em>Miniatur\u0103 de carte. Bizan\u021b. Secolul al XII-lea<\/em><\/h5>\n<h5 style=\"text-align: center;\">\u00a0<\/h5>\n<h5 style=\"text-align: center;\">\u00a0<\/h5>\n<p><img decoding=\"async\" class=\"aligncenter wp-image-7690 size-full\" src=\"https:\/\/traditia.md\/wp-content\/uploads\/2022\/09\/vozdvizhenie_3.jpg\" alt=\"\u0412\u043e\u0437\u0434\u0432\u0438\u0436\u0435\u043d\u0438\u0435_3\" width=\"700\" height=\"460\" srcset=\"https:\/\/traditia.md\/wp-content\/uploads\/2022\/09\/vozdvizhenie_3.jpg 700w, https:\/\/traditia.md\/wp-content\/uploads\/2022\/09\/vozdvizhenie_3-300x197.jpg 300w, https:\/\/traditia.md\/wp-content\/uploads\/2022\/09\/vozdvizhenie_3-585x384.jpg 585w\" sizes=\"(max-width: 700px) 100vw, 700px\" \/><\/p>\n<h5 style=\"text-align: center;\"><em>Fresc\u0103. Serbia. Secolul al XIV-lea<\/em><\/h5>\n<h5 style=\"text-align: center;\">\u00a0<\/h5>\n<h5 style=\"text-align: center;\">\u00a0<\/h5>\n<p><img loading=\"lazy\" decoding=\"async\" class=\"aligncenter wp-image-7692 size-full\" src=\"https:\/\/traditia.md\/wp-content\/uploads\/2022\/09\/vozdvizhenie_4.jpg\" alt=\"\u0412\u043e\u0437\u0434\u0432\u0438\u0436\u0435\u043d\u0438\u0435_4\" width=\"700\" height=\"931\" srcset=\"https:\/\/traditia.md\/wp-content\/uploads\/2022\/09\/vozdvizhenie_4.jpg 700w, https:\/\/traditia.md\/wp-content\/uploads\/2022\/09\/vozdvizhenie_4-226x300.jpg 226w, https:\/\/traditia.md\/wp-content\/uploads\/2022\/09\/vozdvizhenie_4-585x778.jpg 585w\" sizes=\"(max-width: 700px) 100vw, 700px\" \/><\/p>\n<h5 style=\"text-align: center;\"><em>Icoan\u0103 tablet\u0103. Rusia. Secolul al XV-lea<\/em><\/h5>\n<h5 style=\"text-align: center;\">\u00a0<\/h5>\n<h5 style=\"text-align: center;\">\u00a0<\/h5>\n<p><img loading=\"lazy\" decoding=\"async\" class=\"aligncenter wp-image-7694 size-full\" src=\"https:\/\/traditia.md\/wp-content\/uploads\/2022\/09\/vozdvizhenie_5.jpg\" alt=\"\u0412\u043e\u0437\u0434\u0432\u0438\u0436\u0435\u043d\u0438\u0435_5\" width=\"700\" height=\"785\" srcset=\"https:\/\/traditia.md\/wp-content\/uploads\/2022\/09\/vozdvizhenie_5.jpg 700w, https:\/\/traditia.md\/wp-content\/uploads\/2022\/09\/vozdvizhenie_5-268x300.jpg 268w, https:\/\/traditia.md\/wp-content\/uploads\/2022\/09\/vozdvizhenie_5-585x656.jpg 585w\" sizes=\"(max-width: 700px) 100vw, 700px\" \/><\/p>\n<h5 style=\"text-align: center;\"><em>Fresc\u0103. Athos. Secolul al XVI-lea<\/em><\/h5>\n<h5 style=\"text-align: center;\">\u00a0<\/h5>\n<h5 style=\"text-align: center;\">\u00a0<\/h5>\n<p><img loading=\"lazy\" decoding=\"async\" class=\"aligncenter wp-image-7696 size-full\" src=\"https:\/\/traditia.md\/wp-content\/uploads\/2022\/09\/vozdvizhenie_6.jpg\" alt=\"\u0412\u043e\u0437\u0434\u0432\u0438\u0436\u0435\u043d\u0438\u0435_6\" width=\"700\" height=\"1004\" srcset=\"https:\/\/traditia.md\/wp-content\/uploads\/2022\/09\/vozdvizhenie_6.jpg 700w, https:\/\/traditia.md\/wp-content\/uploads\/2022\/09\/vozdvizhenie_6-209x300.jpg 209w, https:\/\/traditia.md\/wp-content\/uploads\/2022\/09\/vozdvizhenie_6-585x839.jpg 585w\" sizes=\"(max-width: 700px) 100vw, 700px\" \/><\/p>\n<h5 style=\"text-align: center;\"><em>Icoan\u0103. Rusia. Sf\u00e2r\u0219. sec. XVIII \u2013 \u00eencep. sec. XIX<\/em><\/h5>\n<h5 style=\"text-align: center;\">\u00a0<\/h5>\n<h5 style=\"text-align: center;\">\u00a0<\/h5>\n<p><img loading=\"lazy\" decoding=\"async\" class=\"aligncenter wp-image-7698 size-full\" src=\"https:\/\/traditia.md\/wp-content\/uploads\/2022\/09\/vozdvizhenie_7.jpg\" alt=\"\u0412\u043e\u0437\u0434\u0432\u0438\u0436\u0435\u043d\u0438\u0435_7\" width=\"700\" height=\"689\" srcset=\"https:\/\/traditia.md\/wp-content\/uploads\/2022\/09\/vozdvizhenie_7.jpg 700w, https:\/\/traditia.md\/wp-content\/uploads\/2022\/09\/vozdvizhenie_7-300x295.jpg 300w, https:\/\/traditia.md\/wp-content\/uploads\/2022\/09\/vozdvizhenie_7-585x576.jpg 585w\" sizes=\"(max-width: 700px) 100vw, 700px\" \/><\/p>\n<h5 style=\"text-align: center;\"><em>Icoan\u0103. Rusia. Secolul al XIX-lea<\/em><\/h5>\n<p>&nbsp;<\/p>\n<p style=\"text-align: right;\"><em>Surs\u0103: <a href=\"https:\/\/pravlife.org\/ru\/content\/vozdvizhenie\"><strong>Pravlife.org<\/strong><\/a><\/em><\/p>\n","protected":false},"excerpt":{"rendered":"<p>Cu prilejul praznicului de ast\u0103zi propunem aten\u021biei cititorilor o selec\u021bie de imagini vechi c\u0103tre s\u0103rb\u0103toarea \u00cent\u0103l\u021b\u0103rii Cinstitei \u0219i de Via\u021b\u0103 D\u0103t\u0103toarei Cruci&hellip;<\/p>\n","protected":false},"author":3,"featured_media":7686,"comment_status":"open","ping_status":"closed","sticky":false,"template":"","format":"standard","meta":{"_lmt_disableupdate":"","_lmt_disable":"","slim_seo":{"title":"\u00cen\u0103l\u021barea - traditia.md","description":"Cu prilejul praznicului de ast\u0103zi propunem aten\u021biei cititorilor o selec\u021bie de imagini vechi c\u0103tre s\u0103rb\u0103toarea \u00cent\u0103l\u021b\u0103rii Cinstitei \u0219i de Via\u021b\u0103 D\u0103t\u0103toarei Cruci"},"footnotes":""},"categories":[41,38],"tags":[],"class_list":["post-7700","post","type-post","status-publish","format-standard","has-post-thumbnail","hentry","category-istorie-si-cultura","category-stiri"],"_links":{"self":[{"href":"https:\/\/traditia.md\/ro\/wp-json\/wp\/v2\/posts\/7700","targetHints":{"allow":["GET"]}}],"collection":[{"href":"https:\/\/traditia.md\/ro\/wp-json\/wp\/v2\/posts"}],"about":[{"href":"https:\/\/traditia.md\/ro\/wp-json\/wp\/v2\/types\/post"}],"author":[{"embeddable":true,"href":"https:\/\/traditia.md\/ro\/wp-json\/wp\/v2\/users\/3"}],"replies":[{"embeddable":true,"href":"https:\/\/traditia.md\/ro\/wp-json\/wp\/v2\/comments?post=7700"}],"version-history":[{"count":0,"href":"https:\/\/traditia.md\/ro\/wp-json\/wp\/v2\/posts\/7700\/revisions"}],"wp:featuredmedia":[{"embeddable":true,"href":"https:\/\/traditia.md\/ro\/wp-json\/wp\/v2\/media\/7686"}],"wp:attachment":[{"href":"https:\/\/traditia.md\/ro\/wp-json\/wp\/v2\/media?parent=7700"}],"wp:term":[{"taxonomy":"category","embeddable":true,"href":"https:\/\/traditia.md\/ro\/wp-json\/wp\/v2\/categories?post=7700"},{"taxonomy":"post_tag","embeddable":true,"href":"https:\/\/traditia.md\/ro\/wp-json\/wp\/v2\/tags?post=7700"}],"curies":[{"name":"wp","href":"https:\/\/api.w.org\/{rel}","templated":true}]}}