{"id":7241,"date":"2022-09-10T11:56:35","date_gmt":"2022-09-10T08:56:35","guid":{"rendered":"https:\/\/traditia.md\/?p=7241"},"modified":"2022-09-10T11:57:38","modified_gmt":"2022-09-10T08:57:38","slug":"10-septembrie-aflarea-moastelor-sfantului-cuvios-iov-de-la-poceaev","status":"publish","type":"post","link":"https:\/\/traditia.md\/ro\/10-septembrie-aflarea-moastelor-sfantului-cuvios-iov-de-la-poceaev\/","title":{"rendered":"10 septembrie \u2013 aflarea moa\u0219telor Sf\u00e2ntului Cuvios Iov de la Poceaev"},"content":{"rendered":"<p><strong><em>Sf\u00e2ntul Iov de la Poceaev este pr\u0103znuit pe 28 august s.v. \/ 10 septembrie s.n. (descoperirea sfintelor moa\u0219te) \u0219i 28 octombrie s.v. \/ 10 noiembrie s.n. (ziua adormirii).<\/em><\/strong><\/p>\n<p>Sf\u00e2ntul Iov, egumenul de la Poceaev s-a n\u0103scut \u00een jurul anului 1551 \u00een p\u0103r\u0163ile Pocu\u0163iei, \u00een Galicia, primind la botez numele de Ioan (Ivan). La v\u00e2rsta de 10 ani a mers ca frate la M\u0103n\u0103stirea \u201eSchimbarea la Fa\u021b\u0103\u201d \u2013 Ugorni\u0163ki, iar la v\u00e2rsta de 12 ani a fost tuns \u00een monahism primind numele de Iov.<\/p>\n<p>A petrecut tot timpul \u00een rug\u0103ciune, ascultare, meditare, citirea c\u0103r\u0163ilor sfinte \u015fi mai mult de at\u00e2t, \u00een deplin\u0103 smerenie. La v\u00e2rsta de treizeci de ani s-a \u00eenvrednicit de harul preo\u0163iei.<\/p>\n<p>\u00cen jurul anului 1580, la cererea cneazului Constantin de Ostrog, Sf\u00e2ntul Iov a fost numit egumen al M\u0103n\u0103stirii \u201eSf\u00e2nta Cruce\u201d din apropierea ora\u0219ului Dubne, unde vreme de peste dou\u0103zeci de ani a p\u0103storit m\u0103n\u0103stirea, \u00een perioada \u00een care ortodoxia se confrunta cu persecu\u021bii din partea catolicilor \u0219i a greco-catolicilor.<\/p>\n<p>Aici s-a \u00eengrijit prima oar\u0103 de restabilirea vie\u0163ii de ob\u015fte din m\u0103n\u0103stirea pe care o conducea, precum \u015fi de tip\u0103rirea c\u0103r\u0163ilor sfinte. Faima de care se bucura \u00een r\u00e2ndul mirenilor, l-a \u00eentristat pe egumenul Iov, care decide ca dup\u0103 dou\u0103zeci de ani de conducere a m\u0103n\u0103stirii din Dubne s\u0103 se izoleze \u00een mun\u0163ii Poceaevului, la m\u0103n\u0103stirea Lavra Poceaev.<\/p>\n<p>Astfel, la \u00eenceputul secolului al XVII-lea, Sf\u00e2ntul Iov s-a retras pe un deal de l\u00e2ng\u0103 Poceaev \u0219i s-a a\u0219ezat \u00eentr-o pe\u0219ter\u0103, nu departe de vechea M\u0103n\u0103stire a Adormirii Maicii Domnului, vestit\u0103 pentru Icoana f\u0103c\u0103toare de minuni a Maicii Domnului de la Poceaev (pr\u0103znuit\u0103 vineri \u00een S\u0103pt\u0103m\u00e2na Luminat\u0103, pe 23 iulie \u0219i pe 8 septembrie). Pustnicul sf\u00e2nt a fost \u00eendr\u0103git imediat de monahii din m\u0103n\u0103stire \u0219i astfel, monahul Iov a fost ales egumenul lor. Aici, egumenul Iov ridic\u0103 o biseric\u0103 din piatr\u0103 \u00een locul celei de lemn existent\u0103, s-a \u00eengrijit de dob\u00e2ndirea de cele necesare traiului monahal, neuit\u00e2nd \u00eens\u0103 nici de via\u0163a duhovniceasc\u0103, fiind un egumen bun \u0219i bl\u00e2nd cu fra\u021bii.<\/p>\n<p>Sf\u00e2ntul Iov a fost un \u00eenfl\u0103c\u0103rat ap\u0103r\u0103tor al credin\u021bei ortodoxe \u00eempotriva persecu\u021biilor catolicilor. \u00cen urma \u201eUnirii de la Brest\u201d, cre\u0219tinilor ortodoc\u0219i le-au fost \u00eenc\u0103lcate drepturile, fiind prigoni\u021bi, \u00eencerc\u00e2ndu-se prin for\u021b\u0103 convertirea lor la catolicism. Mul\u021bi ierarhi ortodoc\u0219i au devenit aposta\u021bi, dar Sf\u00e2ntul Iov \u0219i alti ap\u0103r\u0103tori ai ortodoxiei, au copiat \u0219i distribuit c\u0103r\u021bi ortodoxe pentru \u00eent\u0103rirea cre\u0219tinilor. Cneazul de Ostrog a fost cel responsabil cu tip\u0103rirea primei edi\u021bii a Bibliei ortodoxe (1581).<\/p>\n<p>Sf\u00e2ntul Iov a participat la Sinodul de la Kiev, \u00een 1628, av\u00e2nd un rol activ \u00een ap\u0103rarea ortodoxiei \u0219i a poporului rus \u00eempotriva unia\u021bilor.<\/p>\n<p>Uneori, sf\u00e2ntul st\u0103tea complet retras \u00een pe\u0219ter\u0103 timp de trei zile sau chiar o s\u0103pt\u0103m\u00e2n\u0103 \u00eentreag\u0103. Rug\u0103ciunea lui Iisus a curs ne\u00eencetat \u00een inima sa bl\u00e2nd\u0103. Conform m\u0103rturiei lui Dositei, ucenicul \u0219i biograful vie\u021bii cuviosului, Sf\u00e2ntul Iov era luminat de o lumin\u0103 cereasc\u0103 \u00een timp ce se ruga.<\/p>\n<p>Pe 28 octombrie 1651, cu credin\u021ba \u00eenvierii, Sf\u00e2ntul Iov adoarme \u00een Domnul, cunosc\u00e2ndu-\u0219i adormirea cu o s\u0103pt\u0103m\u00e2n\u0103 \u00eenainte. Sf\u00e2ntul Iov a tr\u0103it peste 100 de ani pe p\u0103m\u00e2nt \u0219i a condus M\u0103n\u0103stirea Poceaev mai mult de cincizeci de ani.<\/p>\n<p>Descoperirea moa\u0219telor Sf\u00e2ntului Iov a avut loc pe 28 august 1659. A doua descoperirea a moa\u0219telor s-a \u00eent\u00e2mplat pe 28 august 1833.<\/p>\n<p style=\"text-align: right;\"><em>Surs\u0103: <a href=\"https:\/\/doxologia.ro\/vietile-sfintilor\/sinaxar\/sfantul-iov-de-la-poceaev\"><strong>Doxologia.ro<\/strong><\/a><\/em><\/p>\n","protected":false},"excerpt":{"rendered":"<p>Sf\u00e2ntul Iov de la Poceaev este pr\u0103znuit pe 28 august s.v. \/ 10 septembrie s.n. (descoperirea sfintelor moa\u0219te) \u0219i 28 octombrie s.v.&hellip;<\/p>\n","protected":false},"author":3,"featured_media":7239,"comment_status":"open","ping_status":"closed","sticky":false,"template":"","format":"standard","meta":{"_lmt_disableupdate":"","_lmt_disable":"","slim_seo":{"title":"10 septembrie \u2013 aflarea moa\u0219telor Sf\u00e2ntului Cuvios Iov de la Poceaev - traditia.md","description":"Sf\u00e2ntul Iov de la Poceaev este pr\u0103znuit pe 28 august s.v. \/ 10 septembrie s.n. (descoperirea sfintelor moa\u0219te) \u0219i 28 octombrie s.v. \/ 10 noiembrie s.n. (ziua ad"},"footnotes":""},"categories":[40,38],"tags":[],"class_list":["post-7241","post","type-post","status-publish","format-standard","has-post-thumbnail","hentry","category-apararea-credintei","category-stiri"],"_links":{"self":[{"href":"https:\/\/traditia.md\/ro\/wp-json\/wp\/v2\/posts\/7241","targetHints":{"allow":["GET"]}}],"collection":[{"href":"https:\/\/traditia.md\/ro\/wp-json\/wp\/v2\/posts"}],"about":[{"href":"https:\/\/traditia.md\/ro\/wp-json\/wp\/v2\/types\/post"}],"author":[{"embeddable":true,"href":"https:\/\/traditia.md\/ro\/wp-json\/wp\/v2\/users\/3"}],"replies":[{"embeddable":true,"href":"https:\/\/traditia.md\/ro\/wp-json\/wp\/v2\/comments?post=7241"}],"version-history":[{"count":0,"href":"https:\/\/traditia.md\/ro\/wp-json\/wp\/v2\/posts\/7241\/revisions"}],"wp:featuredmedia":[{"embeddable":true,"href":"https:\/\/traditia.md\/ro\/wp-json\/wp\/v2\/media\/7239"}],"wp:attachment":[{"href":"https:\/\/traditia.md\/ro\/wp-json\/wp\/v2\/media?parent=7241"}],"wp:term":[{"taxonomy":"category","embeddable":true,"href":"https:\/\/traditia.md\/ro\/wp-json\/wp\/v2\/categories?post=7241"},{"taxonomy":"post_tag","embeddable":true,"href":"https:\/\/traditia.md\/ro\/wp-json\/wp\/v2\/tags?post=7241"}],"curies":[{"name":"wp","href":"https:\/\/api.w.org\/{rel}","templated":true}]}}