{"id":7056,"date":"2022-09-01T11:19:09","date_gmt":"2022-09-01T08:19:09","guid":{"rendered":"https:\/\/traditia.md\/?p=7056"},"modified":"2022-09-01T11:19:57","modified_gmt":"2022-09-01T08:19:57","slug":"ierarhul-ucrainean-este-important-sa-pretuim-ceea-ce-avem","status":"publish","type":"post","link":"https:\/\/traditia.md\/ro\/ierarhul-ucrainean-este-important-sa-pretuim-ceea-ce-avem\/","title":{"rendered":"Ierarhul ucrainean: \u201eEste important s\u0103 pre\u021buim ceea ce avem\u201d"},"content":{"rendered":"<p><strong><em>\u00cen aceste zile, toat\u0103 lumea este mai mult sau mai pu\u021bin \u00eengrijorat\u0103 de pierderea nivelului de confort cu care s-a deprins. Ca atare o astfel de grij\u0103 nu constituie un p\u0103cat. Dar merit\u0103 s\u0103 lu\u0103m \u00een considerare faptul c\u0103 exist\u0103 pierderi \u0219i mai importante\u201d, spune mitropolitul de Borispol \u0219i Brovary Antonii (Pakanici), \u0219eful Direc\u021biei executive a Bisericii Ortodoxe din Ucraina.<\/em><\/strong><\/p>\n<p>Adesea ni se pare c\u0103 noi tr\u0103im prost. Aceast\u0103 stare de spirit se refer\u0103 nu doar la condi\u021biile de trai, ci \u0219i la via\u021ba bisiericeasc\u0103. S\u0103 ne amintim c\u0103 nu cu mult timp \u00een urm\u0103 publicul bisericesc se pl\u00e2ngea c\u0103 \u00een Biseric\u0103 exist\u0103 o sumedenie de probleme. \u00cen \u0219irul acestora intrau \u0219i \u201eb\u0103bu\u021bele rele\u201d care, cic\u0103, alung\u0103 din biserici tineretul, \u0219i problema perceperii superficiale a slujbelor dumnezeie\u0219ti, \u0219i necorespunderea ideilor subiective despre evlavie cu via\u021ba real\u0103 din parohii, \u0219i multe altele. \u00cen acela\u0219i timp, \u00een ora\u0219e, \u0219i nu numai \u00een cele mari, chiar \u0219i cei mai preten\u021bio\u0219i enoria\u0219i puteau g\u0103si biserici pe placul oricui: \u00een aceasta se c\u00e2nt\u0103 mai bine, \u00een aceasta preo\u021bii sunt mai prieteno\u0219i, iar aceasta este pur \u0219i simplu mai aproape de cas\u0103.<\/p>\n<p>\u00cens\u0103 acum totul s-a schimbat. Pentru a putea aprecia la justa valoare ceea ce avem, uneori este nevoie s\u0103 apar\u0103 pericolul de a-l pierde.<\/p>\n<p>\u00cen zilele noastre importante devin deja nu c\u00e2nt\u0103rile cu voci alese \u00een stran\u0103 \u0219i nu picturile rafinate a spa\u021biului interior al bisericii, nu talentele de predicare ale parohilor \u0219i nici chiar absen\u021ba enoria\u0219ilor de v\u00e2rsta a treia care s\u0103-\u021bi fac\u0103 observa\u021bii \u2013 acum a devenit important cu totul altceva.<\/p>\n<p>Abia acum mul\u021bi \u00eencep s\u0103 \u00een\u021beleag\u0103 c\u0103 toate aceste \u201eprobleme\u201d ale Bisericii, despre care s-a discutat cu at\u00e2ta fervoare pe diverse platforme media biserice\u0219ti \u0219i nu doar, chiar dac\u0103 nu erau exagerate, nu mai joac\u0103 niciun rol pe l\u00e2ng\u0103 posibilitatea de a participa la Liturghie, posibilitatea de a se ruga deschis \u0219i de a participa la Tainele Bisericii. Or, acum pentru mul\u021bi oameni o astfel de posibilitate devine din ce \u00een ce mai rar\u0103, dac\u0103 nu chiar s-a pierdut definitiv.<\/p>\n<p>Bisericile continue s\u0103 fie acaparate de c\u0103tre schismatici \u00een pofida tuturor declara\u021biilor lor f\u0103\u021barnice. \u00cen plus, multe odoare sfinte sufer\u0103 \u0219i se distrug din cauza ac\u021biunilor militare.<\/p>\n<p>Noi at\u00e2t de des am\u00e2n\u0103m via\u021ba noastr\u0103 duhovniceasc\u0103 pe mai pe urm\u0103, f\u00e2r\u00e2 m\u0103car s\u0103 ne g\u00e2ndim c\u0103 acest \u201epe urm\u0103\u201d poate \u00een genere s\u0103 nu apar\u0103. \u0218i, din p\u0103cate, de multe ori doar vremurile groaznice de criz\u0103 pot s\u0103 ne trezeasc\u0103 \u0219i s\u0103 readuc\u0103 mintea noastr\u0103 agitat\u0103 la g\u00e2ndul c\u0103 \u201e&#8230;dar un lucru trebuie.\u201d (Luca 10:42).<\/p>\n<p>A\u0219adar, s\u0103 ne p\u0103zeasc\u0103 Domnul \u00een aceste vremuri grele \u0219i s\u0103 ne dea minte s\u0103 pre\u021buim ceea ce este cel mai important!<\/p>\n<p style=\"text-align: right;\"><em>Surs\u0103: <a href=\"https:\/\/pravlife.org\/ru\/content\/mitropolit-antoniy-pakanich-vazhno-cenit-chto-imeem\"><strong>Pravlife.org<\/strong><\/a><\/em><\/p>\n","protected":false},"excerpt":{"rendered":"<p>\u00cen aceste zile, toat\u0103 lumea este mai mult sau mai pu\u021bin \u00eengrijorat\u0103 de pierderea nivelului de confort cu care s-a deprins. Ca&hellip;<\/p>\n","protected":false},"author":3,"featured_media":7054,"comment_status":"open","ping_status":"closed","sticky":false,"template":"","format":"standard","meta":{"_lmt_disableupdate":"","_lmt_disable":"","slim_seo":{"title":"Ierarhul ucrainean: \u201eEste important s\u0103 pre\u021buim ceea ce avem\u201d - traditia.md","description":"\u00cen aceste zile, toat\u0103 lumea este mai mult sau mai pu\u021bin \u00eengrijorat\u0103 de pierderea nivelului de confort cu care s-a deprins. Ca atare o astfel de grij\u0103 nu constit"},"footnotes":""},"categories":[40],"tags":[],"class_list":["post-7056","post","type-post","status-publish","format-standard","has-post-thumbnail","hentry","category-apararea-credintei"],"_links":{"self":[{"href":"https:\/\/traditia.md\/ro\/wp-json\/wp\/v2\/posts\/7056","targetHints":{"allow":["GET"]}}],"collection":[{"href":"https:\/\/traditia.md\/ro\/wp-json\/wp\/v2\/posts"}],"about":[{"href":"https:\/\/traditia.md\/ro\/wp-json\/wp\/v2\/types\/post"}],"author":[{"embeddable":true,"href":"https:\/\/traditia.md\/ro\/wp-json\/wp\/v2\/users\/3"}],"replies":[{"embeddable":true,"href":"https:\/\/traditia.md\/ro\/wp-json\/wp\/v2\/comments?post=7056"}],"version-history":[{"count":0,"href":"https:\/\/traditia.md\/ro\/wp-json\/wp\/v2\/posts\/7056\/revisions"}],"wp:featuredmedia":[{"embeddable":true,"href":"https:\/\/traditia.md\/ro\/wp-json\/wp\/v2\/media\/7054"}],"wp:attachment":[{"href":"https:\/\/traditia.md\/ro\/wp-json\/wp\/v2\/media?parent=7056"}],"wp:term":[{"taxonomy":"category","embeddable":true,"href":"https:\/\/traditia.md\/ro\/wp-json\/wp\/v2\/categories?post=7056"},{"taxonomy":"post_tag","embeddable":true,"href":"https:\/\/traditia.md\/ro\/wp-json\/wp\/v2\/tags?post=7056"}],"curies":[{"name":"wp","href":"https:\/\/api.w.org\/{rel}","templated":true}]}}