{"id":7043,"date":"2022-09-01T09:18:55","date_gmt":"2022-09-01T06:18:55","guid":{"rendered":"https:\/\/traditia.md\/?p=7043"},"modified":"2022-09-01T09:19:49","modified_gmt":"2022-09-01T06:19:49","slug":"un-regizor-ortodox-roman-a-vizitat-departamentul-pentru-relatii-bisericesti-externe","status":"publish","type":"post","link":"https:\/\/traditia.md\/ro\/un-regizor-ortodox-roman-a-vizitat-departamentul-pentru-relatii-bisericesti-externe\/","title":{"rendered":"Un regizor ortodox rom\u00e2n a vizitat Departamentul pentru Rela\u021bii Biserice\u0219ti Externe"},"content":{"rendered":"<p>Pe 26 august, la Departamentul pentru Rela\u021bii Biserice\u0219ti Externe al Patriarhiei Moscovei de la M\u0103n\u0103stirea \u201eSf\u00e2ntul Daniel\u201d a avut loc o \u00eent\u00e2lnire \u00eentre protoiereul Igor Yakimciuk, vicepre\u0219edintele interimar al DRBE, \u0219i p\u0103rintele regizor Ciprian Mega, cleric al Bisericii Ortodoxe Rom\u00e2ne, care a sosit la Moscova pentru a participa la cea de-a 44-a edi\u021bie a Festivalului Interna\u021bional de Film de la Moscova. La \u00eent\u00e2lnire au participat \u0219i produc\u0103torul L. Mega \u0219i S. Ciobanu, angaja\u021bi ai companiei \u201eEirina Film\u201d, care \u00eel \u00eenso\u021besc pe p\u0103rintele regizor \u00een aceast\u0103 c\u0103l\u0103torie.<\/p>\n<p>\u00cen cadrul dialogului, care s-a desf\u0103\u0219urat \u00eentr-o atmosfer\u0103 cald\u0103 \u0219i fr\u0103\u021beasc\u0103, s-a discutat despre rela\u021biile fr\u0103\u021be\u0219ti dintre Bisericile Ortodoxe Rus\u0103 \u0219i Rom\u00e2n\u0103, precum \u0219i despre rolul tot mai mare al artei \u00een via\u021ba societ\u0103\u021bii ortodoxe contemporane.<\/p>\n<p>La cel de-al 44-lea Festival Interna\u021bional de Film de la Moscova vor fi prezentate dou\u0103 filme ale p\u0103rintelui Ciprian Mega. Unul dintre ele, \u201eGlasul care strig\u0103 \u00een pustie\u201d (2022), va fi prezentat \u00een premier\u0103 la festival, pe 28 august. Acesta este dedicat m\u0103rturisirii p\u0103rintelui Gheorghe Calciu-Dumitreasa (1925-2006), care a luptat pentru libertatea religioas\u0103 \u0219i drepturile omului \u00een Rom\u00e2nia comunist\u0103.<\/p>\n<p style=\"text-align: right;\"><em>Surs\u0103: <a href=\"http:\/\/mospat.ru\/ro\/news\/89568\/\"><strong>Mospat.ru<\/strong><\/a><\/em><\/p>\n","protected":false},"excerpt":{"rendered":"<p>Pe 26 august, la Departamentul pentru Rela\u021bii Biserice\u0219ti Externe al Patriarhiei Moscovei de la M\u0103n\u0103stirea \u201eSf\u00e2ntul Daniel\u201d a avut loc o \u00eent\u00e2lnire&hellip;<\/p>\n","protected":false},"author":3,"featured_media":7041,"comment_status":"open","ping_status":"closed","sticky":false,"template":"","format":"standard","meta":{"_lmt_disableupdate":"","_lmt_disable":"","slim_seo":{"title":"Un regizor ortodox rom\u00e2n a vizitat Departamentul pentru Rela\u021bii Biserice\u0219ti Externe - traditia.md","description":"Pe 26 august, la Departamentul pentru Rela\u021bii Biserice\u0219ti Externe al Patriarhiei Moscovei de la M\u0103n\u0103stirea \u201eSf\u00e2ntul Daniel\u201d a avut loc o \u00eent\u00e2lnire \u00eentre protoie"},"footnotes":""},"categories":[41,38],"tags":[],"class_list":["post-7043","post","type-post","status-publish","format-standard","has-post-thumbnail","hentry","category-istorie-si-cultura","category-stiri"],"_links":{"self":[{"href":"https:\/\/traditia.md\/ro\/wp-json\/wp\/v2\/posts\/7043","targetHints":{"allow":["GET"]}}],"collection":[{"href":"https:\/\/traditia.md\/ro\/wp-json\/wp\/v2\/posts"}],"about":[{"href":"https:\/\/traditia.md\/ro\/wp-json\/wp\/v2\/types\/post"}],"author":[{"embeddable":true,"href":"https:\/\/traditia.md\/ro\/wp-json\/wp\/v2\/users\/3"}],"replies":[{"embeddable":true,"href":"https:\/\/traditia.md\/ro\/wp-json\/wp\/v2\/comments?post=7043"}],"version-history":[{"count":0,"href":"https:\/\/traditia.md\/ro\/wp-json\/wp\/v2\/posts\/7043\/revisions"}],"wp:featuredmedia":[{"embeddable":true,"href":"https:\/\/traditia.md\/ro\/wp-json\/wp\/v2\/media\/7041"}],"wp:attachment":[{"href":"https:\/\/traditia.md\/ro\/wp-json\/wp\/v2\/media?parent=7043"}],"wp:term":[{"taxonomy":"category","embeddable":true,"href":"https:\/\/traditia.md\/ro\/wp-json\/wp\/v2\/categories?post=7043"},{"taxonomy":"post_tag","embeddable":true,"href":"https:\/\/traditia.md\/ro\/wp-json\/wp\/v2\/tags?post=7043"}],"curies":[{"name":"wp","href":"https:\/\/api.w.org\/{rel}","templated":true}]}}