{"id":7027,"date":"2022-08-31T10:36:47","date_gmt":"2022-08-31T07:36:47","guid":{"rendered":"https:\/\/traditia.md\/?p=7027"},"modified":"2022-08-31T10:37:43","modified_gmt":"2022-08-31T07:37:43","slug":"seminar-de-initiere-a-profesorilor-de-religie-din-raionul-ialoveni","status":"publish","type":"post","link":"https:\/\/traditia.md\/ro\/seminar-de-initiere-a-profesorilor-de-religie-din-raionul-ialoveni\/","title":{"rendered":"Seminar de ini\u021biere a profesorilor de religie din raionul Ialoveni"},"content":{"rendered":"<p><strong><em>La 26 august 2022, \u00een incinta Liceului Teoretic \u201eAndrei Vartic\u201d din ora\u0219ul Ialoveni \u00een baza dispozi\u021biei Direc\u021biei raionale pentru educa\u021bie a avut loc reuniunea metodic\u0103 a profesorilor de religie din raionul Ialoveni. <\/em><\/strong><\/p>\n<p>Reuniunea metodic\u0103 raional\u0103 a fost condus\u0103 de preotul Eugen Spr\u00eencean, metodistul responsabil de disciplina Religie al protopopiatului \u0219i al Direc\u021biei educa\u021bie Ialoveni.<\/p>\n<p>\u00cen cadrul reuniunii metodice au fost prezentate principalele aspecte ale realiz\u0103rii procesului educa\u021bional la disciplina religie \u00een baza scrisorii metodice. O aten\u021bie deosebit\u0103 s-a acordat organiz\u0103rii Portofoliului profesorului de religie \u00een baza Nomenclatorului documenta\u021biei \u0219colare, la fel a fost diseminat\u0103 Instruc\u021biunea privind alegerea disciplinelor op\u021bionale aprobat\u0103 de Ministerul Educa\u021biei, Culturii \u0219i Cercet\u0103rii la 31.05.2021.<\/p>\n<p>\u0218eful Cabinetului metodic al Mitropoliei Moldovei a prezentat elabor\u0103rile didactice la disciplin\u0103, \u00een special Ghidurile de proiectare la religie pentru clasele gimnaziale precum \u0219i curriculele alternative pe care ar putea s\u0103 le utilizeze profesorul de religie: Curriculum la <strong>Arta comportamentului moral<\/strong>, Curriculum la <strong>Etica vie\u021bii de familie<\/strong>.<\/p>\n<p>\u00cen finalul reuniunii s-a convenit realizarea unui seminar practic pentru disciplina religie \u00een primul semestru al acestui an \u0219colar, colaborarea cu Cabinetul metodic \u00een vederea disemin\u0103rii materialelor didactice \u00een ajutorul profesorului de religie, s-a sugerat realizarea de c\u0103tre Cabinetul metodic a unui Ghid de ore practice la religie (excursii, ore la biseric\u0103 etc).<\/p>\n<p style=\"text-align: right;\"><em>Surs\u0103: <a href=\"https:\/\/mitropolia.md\/seminar-de-initiere-a-profesorilor-de-religie-din-r-ul-ialoveni\/\"><strong>Mitropolia.md<\/strong><\/a><\/em><\/p>\n","protected":false},"excerpt":{"rendered":"<p>La 26 august 2022, \u00een incinta Liceului Teoretic \u201eAndrei Vartic\u201d din ora\u0219ul Ialoveni \u00een baza dispozi\u021biei Direc\u021biei raionale pentru educa\u021bie a avut&hellip;<\/p>\n","protected":false},"author":3,"featured_media":7025,"comment_status":"open","ping_status":"closed","sticky":false,"template":"","format":"standard","meta":{"_lmt_disableupdate":"","_lmt_disable":"","slim_seo":{"title":"Seminar de ini\u021biere a profesorilor de religie din raionul Ialoveni - traditia.md","description":"La 26 august 2022, \u00een incinta Liceului Teoretic \u201eAndrei Vartic\u201d din ora\u0219ul Ialoveni \u00een baza dispozi\u021biei Direc\u021biei raionale pentru educa\u021bie a avut loc reuniunea"},"footnotes":""},"categories":[39,38],"tags":[],"class_list":["post-7027","post","type-post","status-publish","format-standard","has-post-thumbnail","hentry","category-biserica-si-societatea","category-stiri"],"_links":{"self":[{"href":"https:\/\/traditia.md\/ro\/wp-json\/wp\/v2\/posts\/7027","targetHints":{"allow":["GET"]}}],"collection":[{"href":"https:\/\/traditia.md\/ro\/wp-json\/wp\/v2\/posts"}],"about":[{"href":"https:\/\/traditia.md\/ro\/wp-json\/wp\/v2\/types\/post"}],"author":[{"embeddable":true,"href":"https:\/\/traditia.md\/ro\/wp-json\/wp\/v2\/users\/3"}],"replies":[{"embeddable":true,"href":"https:\/\/traditia.md\/ro\/wp-json\/wp\/v2\/comments?post=7027"}],"version-history":[{"count":0,"href":"https:\/\/traditia.md\/ro\/wp-json\/wp\/v2\/posts\/7027\/revisions"}],"wp:featuredmedia":[{"embeddable":true,"href":"https:\/\/traditia.md\/ro\/wp-json\/wp\/v2\/media\/7025"}],"wp:attachment":[{"href":"https:\/\/traditia.md\/ro\/wp-json\/wp\/v2\/media?parent=7027"}],"wp:term":[{"taxonomy":"category","embeddable":true,"href":"https:\/\/traditia.md\/ro\/wp-json\/wp\/v2\/categories?post=7027"},{"taxonomy":"post_tag","embeddable":true,"href":"https:\/\/traditia.md\/ro\/wp-json\/wp\/v2\/tags?post=7027"}],"curies":[{"name":"wp","href":"https:\/\/api.w.org\/{rel}","templated":true}]}}