{"id":6892,"date":"2022-08-26T09:46:31","date_gmt":"2022-08-26T06:46:31","guid":{"rendered":"https:\/\/traditia.md\/?p=6892"},"modified":"2022-08-26T09:48:08","modified_gmt":"2022-08-26T06:48:08","slug":"traditionalul-drum-al-crucii-si-rugaciunii-al-crestinilor-din-blagocinia-rascani-la-manastirea-nicoreni-sfantul-ilie","status":"publish","type":"post","link":"https:\/\/traditia.md\/ro\/traditionalul-drum-al-crucii-si-rugaciunii-al-crestinilor-din-blagocinia-rascani-la-manastirea-nicoreni-sfantul-ilie\/","title":{"rendered":"Tradi\u021bionalul Drum al Crucii \u0219i rug\u0103ciunii al cre\u0219tinilor din blagocinia R\u00e2\u0219cani la m\u0103n\u0103stirea Nicoreni \u201eSf\u00e2ntul Ilie\u201d"},"content":{"rendered":"<p><strong><em>Cu binecuv\u00e2ntarea \u00cenaltpreasfin\u021bitului Vladimir, mitropolit al Chi\u0219in\u0103ului \u0219i al \u00centregii Moldove, pentru al 9-lea an consecutiv \u00een perioada postului Adormirii Maicii Domnului cre\u0219tinii din c\u00e2teva parohii ale blagociniei R\u00e2\u0219cani au organizat, pe 22 august, un pelerinaj la m\u0103n\u0103stirea Sf\u00e2ntul Prooroc Ilie din satul Nicoreni.<\/em><\/strong><\/p>\n<p>Pelerinajul a \u00eenceput cu un Acatist \u0219i Tedeum de s\u0103n\u0103tate \u0219i ajutor pelerinilor \u00een c\u0103l\u0103torie, s\u0103v\u00e2r\u0219it \u00een bisericile parohiilor implicate. Ulterior, \u00een sunetele dang\u0103telor de clopote, to\u021bi au purces la drum, pe jos, purt\u00e2nd iconi\u021be \u00een m\u00e2ini \u0219i pe Hristos \u00een suflet.<\/p>\n<p>Pelerinajul, fiind o \u00eennoire \u0219i \u00eembog\u0103\u021bire a vie\u021bii spirituale, a fost \u00eenso\u021bit de c\u00e2nt\u0103ri de slav\u0103 \u0219i de sunetul de toac\u0103.<\/p>\n<p>Ne bucur\u0103m c\u0103 \u0219i \u00een acest an la pelerinaj au participat mul\u021bi tineri, dornici s\u0103 aduc\u0103 jertf\u0103 pl\u0103cut\u0103 Domnului. De fapt, pelerinajul organizat a avut drept scop apropierea tinerilor de Domnul, prin Sf\u00e2nta Biseric\u0103, pentru a le altoi valorile morale at\u00e2t de necesare \u00een aceast\u0103 perioad\u0103 zbuciumat\u0103.<\/p>\n<p>Odat\u0103 cu l\u0103sarea serii, ajun\u0219i \u00een preajma m\u0103n\u0103stirii, cre\u0219tinii au f\u0103cut un popas de c\u00e2nt\u0103ri \u0219i rug\u0103ciuni. Dup\u0103 care au fost \u00eent\u00e2mpina\u021bi de c\u0103lug\u0103rii din m\u0103n\u0103stire, fiind s\u0103v\u00e2r\u0219it un Tedeum.<\/p>\n<p>Rug\u0103ciunile s\u0103v\u00e2r\u0219ite \u00een soborul m\u0103n\u0103stirii au \u00eenceputul la ora 23:00, cuprinz\u00e2nd: Sfin\u021birea Mic\u0103 a Apei, Mezonoptica, Rug\u0103ciunile de diminea\u021b\u0103, Ceasurile, apogeul fiind Sf\u00e2nta \u0219i Dumnezeiasc\u0103 Liturghie oficiata de un sobor de preo\u021bi \u00een frunte cu blagocinul bisericilor din raionul R\u00ee\u0219cani, protoiereul Teodor Domni\u021ba. \u00cen timpul Sfintei Liturghii mul\u021bi cre\u0219tini s-au \u00eenvrednicit de a se \u00eemp\u0103rt\u0103\u0219i cu Trupul \u0219i S\u00e2ngele lui Hristos.<\/p>\n<p>Dup\u0103 \u00eencheierea Liturghiei, cre\u0219tinii s-au \u00eenchinat, au luat binecuv\u00e2ntare \u0219i s-au \u00eenapoiat la casele lor.<\/p>\n<p style=\"text-align: right;\"><em>Sursa: <a href=\"https:\/\/ortodox.md\/traditionalul-drum-al-crucii-si-rugaciunii-crestinilor-din-blagocinia-rascani-la-manastirea-nicoreni\/\"><strong>Ortodox.md<\/strong><\/a><\/em><\/p>\n<p><img fetchpriority=\"high\" decoding=\"async\" class=\"alignnone size-full wp-image-6888\" src=\"https:\/\/traditia.md\/wp-content\/uploads\/2022\/08\/drumul_crucii_nicoreni_3.jpg\" alt=\"Drumul_Crucii_Nicoreni_3\" width=\"300\" height=\"225\" \/> <img decoding=\"async\" class=\"alignnone size-full wp-image-6886\" src=\"https:\/\/traditia.md\/wp-content\/uploads\/2022\/08\/drumul_crucii_nicoreni_2.jpg\" alt=\"Drumul_Crucii_Nicoreni_2\" width=\"300\" height=\"225\" \/> <img decoding=\"async\" class=\"alignnone size-full wp-image-6884\" src=\"https:\/\/traditia.md\/wp-content\/uploads\/2022\/08\/drumul_crucii_nicoreni_1.jpg\" alt=\"Drumul_Crucii_Nicoreni_1\" width=\"300\" height=\"173\" \/><\/p>\n","protected":false},"excerpt":{"rendered":"<p>Cu binecuv\u00e2ntarea \u00cenaltpreasfin\u021bitului Vladimir, mitropolit al Chi\u0219in\u0103ului \u0219i al \u00centregii Moldove, pentru al 9-lea an consecutiv \u00een perioada postului Adormirii Maicii Domnului&hellip;<\/p>\n","protected":false},"author":3,"featured_media":6890,"comment_status":"open","ping_status":"closed","sticky":false,"template":"","format":"standard","meta":{"_lmt_disableupdate":"","_lmt_disable":"","slim_seo":{"title":"Tradi\u021bionalul Drum al Crucii \u0219i rug\u0103ciunii al cre\u0219tinilor din blagocinia R\u00e2\u0219cani la m\u0103n\u0103stirea Nicoreni \u201eSf\u00e2ntul Ilie\u201d - traditia.md","description":"Cu binecuv\u00e2ntarea \u00cenaltpreasfin\u021bitului Vladimir, mitropolit al Chi\u0219in\u0103ului \u0219i al \u00centregii Moldove, pentru al 9-lea an consecutiv \u00een perioada postului Adormirii"},"footnotes":""},"categories":[39,38],"tags":[],"class_list":["post-6892","post","type-post","status-publish","format-standard","has-post-thumbnail","hentry","category-biserica-si-societatea","category-stiri"],"_links":{"self":[{"href":"https:\/\/traditia.md\/ro\/wp-json\/wp\/v2\/posts\/6892","targetHints":{"allow":["GET"]}}],"collection":[{"href":"https:\/\/traditia.md\/ro\/wp-json\/wp\/v2\/posts"}],"about":[{"href":"https:\/\/traditia.md\/ro\/wp-json\/wp\/v2\/types\/post"}],"author":[{"embeddable":true,"href":"https:\/\/traditia.md\/ro\/wp-json\/wp\/v2\/users\/3"}],"replies":[{"embeddable":true,"href":"https:\/\/traditia.md\/ro\/wp-json\/wp\/v2\/comments?post=6892"}],"version-history":[{"count":0,"href":"https:\/\/traditia.md\/ro\/wp-json\/wp\/v2\/posts\/6892\/revisions"}],"wp:featuredmedia":[{"embeddable":true,"href":"https:\/\/traditia.md\/ro\/wp-json\/wp\/v2\/media\/6890"}],"wp:attachment":[{"href":"https:\/\/traditia.md\/ro\/wp-json\/wp\/v2\/media?parent=6892"}],"wp:term":[{"taxonomy":"category","embeddable":true,"href":"https:\/\/traditia.md\/ro\/wp-json\/wp\/v2\/categories?post=6892"},{"taxonomy":"post_tag","embeddable":true,"href":"https:\/\/traditia.md\/ro\/wp-json\/wp\/v2\/tags?post=6892"}],"curies":[{"name":"wp","href":"https:\/\/api.w.org\/{rel}","templated":true}]}}