{"id":6777,"date":"2022-08-19T08:00:35","date_gmt":"2022-08-19T05:00:35","guid":{"rendered":"https:\/\/traditia.md\/?p=6777"},"modified":"2022-08-18T21:17:15","modified_gmt":"2022-08-18T18:17:15","slug":"schimbarea-la-fata-a-domnului","status":"publish","type":"post","link":"https:\/\/traditia.md\/ro\/schimbarea-la-fata-a-domnului\/","title":{"rendered":"Schimbarea la Fa\u021b\u0103 a Domnului"},"content":{"rendered":"<p><strong>Ce \u0219tim despre praznicul de ast\u0103zi?<\/strong><\/p>\n<p>Data: 19 august<\/p>\n<p>Statutul: unul din cele Doisprezece Praznice \u00cemp\u0103r\u0103te\u0219ti.<\/p>\n<p>Evenimentul: ne amintim de acel eveniment evanghelic c\u00e2nd, pe Muntele Tabor, apostolii Ioan, Petru \u0219i Iacov L-au v\u0103zut pe Hristos \u00een toat\u0103 slava Sa Dumnezeiasc\u0103 \u0219i ve\u0219nic\u0103.<\/p>\n<p><strong>Istoria:<\/strong><\/p>\n<p>Se apropiau ultimele zile ale vie\u021bii p\u0103m\u00e2nte\u0219ti a lui Hristos, \u00eenainte de intrarea solemn\u0103 \u00een Ierusalim, de Cina cea de Tain\u0103, de moartea pe Cruce \u0219i \u00cenvierea Sa. \u00cen ajunul acestor zile, groaznice \u0219i m\u0103re\u021be, Domnul pentru prima dat\u0103 i-a \u00eentrebat direct pe ucenicii S\u0103i drept cine \u00eel consider\u0103 ei? Atunci Petru a r\u0103spuns ferm \u0219i f\u0103r\u0103 ezitare: <em>Tu e\u0219ti Hristosul, Fiul Dumnezeului Celui viu<\/em> (Mt. 16:16), exprim\u00e2nd astfel p\u0103rerea tuturor apostolilor. Semnifica\u021bia cuvintelor sale consta \u00een faptul c\u0103 p\u00e2n\u0103 \u00een acel moment Isus \u00censu\u0219i nu le-a revelat \u00een mod explicit natura Sa Dumnezeiasc\u0103 \u2013 pentru ca apostolii s\u0103 cread\u0103 \u00een El ca \u00een Dumnezeu nu prin for\u021b\u0103, ci \u00een mod liber. Or, El ar fi putut s\u0103 se descopere ucenicilor \u00een toat\u0103 m\u0103re\u021bia \u0219i slava Sa deja la \u00eenceputul predic\u0103rii \u00een mijlocul oamenilor, \u00eens\u0103 atunci apostolii L-ar fi m\u0103rturisit pe Isus ca Dumnezeu pur \u0219i simplu din fric\u0103, sub impresia a ceea ce le-ar fi fost descoperit.<\/p>\n<p>Tot atunci Domnul, \u00eencep\u00e2nd s\u0103-i preg\u0103teasc\u0103 pe apostoli c\u0103tre evenimentele viitoare, a spus c\u0103 <em>El trebuie s\u0103 mearg\u0103 la Ierusalim \u015fi s\u0103 p\u0103timeasc\u0103 multe de la b\u0103tr\u00e2ni \u015fi de la arhierei \u015fi de la c\u0103rturari \u015fi s\u0103 fie ucis, \u015fi a treia zi s\u0103 \u00eenvieze.<\/em> (Mt. 16:21) Aceste cuvinte i-au \u00eentristat at\u00e2t de tare pe apostoli, \u00eenc\u00e2t Petru a \u00eenceput chiar s\u0103-l dojeneasc\u0103 pe \u00cenv\u0103\u021b\u0103tor: <em>Fie-\u0162i mil\u0103 de Tine s\u0103 nu \u0162i se \u00eent\u00e2mple \u0162ie aceasta<\/em> (Mt. 16:22).<\/p>\n<p>Dup\u0103 c\u00e2teva zile Domnul, lu\u00e2nd cu el pe Petru, pe Iacov \u0219i pe Ioan, a urcat pe Muntele Tabor s\u0103 se roage. \u0218i c\u00e2nd au ajuns \u00een v\u00e2rf, Hristos S-a schimbat la fa\u0163\u0103, \u00eenaintea lor, \u015fi a str\u0103lucit fa\u0163a Lui ca soarele, iar ve\u015fmintele Lui s-au f\u0103cut albe ca lumina. (Mt. 17:1-2) \u00cen aceia\u0219i clip\u0103 au ap\u0103rut doi mari prooroci ai Vechiului Testament, \u200b\u200bIlie \u0219i Moise, care au vorbit cu Domnul despre suferin\u021ba \u0219i moartea Sa viitoare (Lc. 9:31).<\/p>\n<p>\u0218i \u00eendat\u0103 pe munte a cobor\u00e2t un nor luminos din care s-a auzit glasul lui Dumnezeu Tat\u0103l<em>: Acesta este Fiul Meu Cel iubit, \u00een Care am binevoit; pe Acesta asculta\u0163i-L.<\/em> (Mt. 17:5) Apostolii au c\u0103zut la p\u0103m\u00e2nt \u00eengrozi\u021bi.<\/p>\n<p>C\u00e2nd \u00eens\u0103 au auzit cuvintele care le-au fost adresate: scula\u0163i-v\u0103 \u015fi nu v\u0103 teme\u0163i (Mt. 17:7) \u0219i s-au ridicat, proorocii Vechiului Testament \u0219i norul nu mai erau, iar \u00cenv\u0103\u021b\u0103torul st\u0103tea \u00eenaintea lor \u2013 dar deja nu mai str\u0103lucea \u0219i nici ve\u0219mintele nu-I mai erau albe.<\/p>\n<p>Astfel, M\u00e2ntuitorul le-a dezv\u0103luit apostolilor natura Sa Dumnezeiasc\u0103, \u00eent\u0103rindu-i \u00een credin\u021b\u0103 \u00eenainte de Patimile Sale \u0219i de moartea Sa pe Golgota \u0219i ar\u0103t\u00e2nd fiec\u0103ruia dintre noi, cei care \u00cel urm\u0103m, acea lumina cu care ne vom schimba \u00een \u00cemp\u0103r\u0103\u021bia Cerurilor.<\/p>\n<p style=\"text-align: right;\"><em>Surs\u0103: <a href=\"https:\/\/foma.ru\/korotko-o-prazdnike-preobrazhenie.html\"><strong>Foma.ru<\/strong><\/a><\/em><\/p>\n","protected":false},"excerpt":{"rendered":"<p>Ce \u0219tim despre praznicul de ast\u0103zi? Data: 19 august Statutul: unul din cele Doisprezece Praznice \u00cemp\u0103r\u0103te\u0219ti. Evenimentul: ne amintim de acel eveniment&hellip;<\/p>\n","protected":false},"author":3,"featured_media":6775,"comment_status":"open","ping_status":"closed","sticky":false,"template":"","format":"standard","meta":{"_lmt_disableupdate":"","_lmt_disable":"","slim_seo":{"title":"Schimbarea la Fa\u021b\u0103 a Domnului - traditia.md","description":"Ce \u0219tim despre praznicul de ast\u0103zi? Data: 19 august Statutul: unul din cele Doisprezece Praznice \u00cemp\u0103r\u0103te\u0219ti. Evenimentul: ne amintim de acel eveniment evanghel"},"footnotes":""},"categories":[39,38],"tags":[1574,1573,1575],"class_list":["post-6777","post","type-post","status-publish","format-standard","has-post-thumbnail","hentry","category-biserica-si-societatea","category-stiri","tag-apostolii","tag-doisprezece-praznice-imparatesti","tag-muntele-tabor"],"_links":{"self":[{"href":"https:\/\/traditia.md\/ro\/wp-json\/wp\/v2\/posts\/6777","targetHints":{"allow":["GET"]}}],"collection":[{"href":"https:\/\/traditia.md\/ro\/wp-json\/wp\/v2\/posts"}],"about":[{"href":"https:\/\/traditia.md\/ro\/wp-json\/wp\/v2\/types\/post"}],"author":[{"embeddable":true,"href":"https:\/\/traditia.md\/ro\/wp-json\/wp\/v2\/users\/3"}],"replies":[{"embeddable":true,"href":"https:\/\/traditia.md\/ro\/wp-json\/wp\/v2\/comments?post=6777"}],"version-history":[{"count":0,"href":"https:\/\/traditia.md\/ro\/wp-json\/wp\/v2\/posts\/6777\/revisions"}],"wp:featuredmedia":[{"embeddable":true,"href":"https:\/\/traditia.md\/ro\/wp-json\/wp\/v2\/media\/6775"}],"wp:attachment":[{"href":"https:\/\/traditia.md\/ro\/wp-json\/wp\/v2\/media?parent=6777"}],"wp:term":[{"taxonomy":"category","embeddable":true,"href":"https:\/\/traditia.md\/ro\/wp-json\/wp\/v2\/categories?post=6777"},{"taxonomy":"post_tag","embeddable":true,"href":"https:\/\/traditia.md\/ro\/wp-json\/wp\/v2\/tags?post=6777"}],"curies":[{"name":"wp","href":"https:\/\/api.w.org\/{rel}","templated":true}]}}