{"id":6515,"date":"2022-08-07T12:45:23","date_gmt":"2022-08-07T09:45:23","guid":{"rendered":"https:\/\/traditia.md\/?p=6515"},"modified":"2022-08-07T12:47:54","modified_gmt":"2022-08-07T09:47:54","slug":"pe-ceea-ce-a-nascut-viata-in-pantece-o-ai-purtat-de-dumnezeu-ganditoare-sfanta-ana","status":"publish","type":"post","link":"https:\/\/traditia.md\/ro\/pe-ceea-ce-a-nascut-viata-in-pantece-o-ai-purtat-de-dumnezeu-ganditoare-sfanta-ana\/","title":{"rendered":"Pe Ceea ce a n\u0103scut Via\u0163a \u00een p\u00e2ntece o ai purtat, de Dumnezeu G\u00e2nditoare Sf\u00e2nt\u0103 Ana"},"content":{"rendered":"<p>Sf\u00e2nta Ana, care, prin harul lui Dumnezeu, s-a f\u0103cut bunica dup\u0103 trup a Domnului nostru Iisus Hristos, se tr\u0103gea din semin\u021bia lui Levi. Ea era ultima fiic\u0103 a M\u0103riei \u0219i a preotului Mathan, care a preo\u021bit pe timpul \u00eemp\u0103r\u0103\u021biei Cleopatrei \u0219i a lui Sapor, \u00eemp\u0103ratul per\u0219ilor, mai \u00eenainte de \u00eemp\u0103r\u0103\u021bia lui Irod Antipa. Preotul Mathan a avut trei fete: Maria, Sovi \u0219i Ana. Pe cea dint\u00e2i a m\u0103ritat-o \u00een Betleem \u0219i a n\u0103scut pe Salomeea; pe cea de-a doua a m\u0103ritat-o tot \u00een Betleem \u0219i a n\u0103scut pe Elisabeta, so\u021bia preotului Zaharia \u0219i mama \u00cenaintemerg\u0103torului; iar pe cea de a treia, adic\u0103 pe Sf\u00e2nta Ana, a m\u0103ritat-o \u00een p\u0103m\u00e2ntul Galileei \u0219i a n\u0103scut pe Maria, Maica Domnului nostru Iisus Hristos. De aceea Salomeea, Elisabeta \u0219i Sf\u00e2nta Maria, sunt fete din trei surori, iar M\u00e2ntuitorul nostru era v\u0103r de-al doilea dup\u0103 trup cu Sf\u00e2ntul Ioan \u00cenaintemerg\u0103torul.<\/p>\n<p>Deci aceast\u0103 Sf\u00e2nt\u0103 Ana, dup\u0103 ce a n\u0103scut pe m\u00e2ntuirea a toat\u0103 lumea, dup\u0103 ce a \u00een\u021b\u0103rcat-o \u0219i dup\u0103 ce a d\u0103ruit-o \u00een biseric\u0103 la v\u00e2rsta de trei ani, ca pe un dar f\u0103r\u0103 de prihan\u0103 lui Dumnezeu Atot\u021biitorul, a vie\u021buit cealalt\u0103 vreme a vie\u021bii sale \u00een post, rug\u0103ciuni \u0219i faceri de bine c\u0103tre cei lipsi\u021bi, \u0219i s-a dus \u00een pace c\u0103tre Domnul, la v\u00e2rsta de 69 de ani. Sf\u00e2ntul Ioachim s-a s\u0103v\u00e2r\u0219it la 84 de ani, \u00eenc\u00e2t Sf\u00e2nta Fecioar\u0103 Maria, pe c\u00e2nd se afla \u00eenc\u0103 \u00een templu, la v\u00e2rsta de 11 ani, a r\u0103mas f\u0103r\u0103 p\u0103rin\u021bi.<\/p>\n<p>&nbsp;<\/p>\n<p style=\"text-align: center;\"><strong>Tropar la S\u0103rb\u0103toarea Adormirii Sfintei Ana, glasul 4<\/strong><\/p>\n<p><strong><em>Pe Ceea ce a n\u0103scut Via\u0163a \u00een p\u00e2ntece o ai purtat, pe Curata Maica lui Dumnezeu, de Dumnezeu G\u00e2nditoare, Sf\u00e2nt\u0103 Ana. Pentru aceasta acum, la primirea cereasc\u0103, unde este loca\u015ful celor ce se veselesc \u00eentru slav\u0103, bucur\u00e2ndu-te acum te-ai mutat; cere pentru cei ce te cinstesc pe tine cu dragoste iertare de gre\u015feli, pururea fericit\u0103.<\/em><\/strong><\/p>\n<p style=\"text-align: right;\"><em>Surs\u0103: <a href=\"https:\/\/doxologia.ro\/viata-sfant\/adormirea-sfintei-ana-mama-preasfintei-nascatoare-de-dumnezeu\"><strong>Doxologia.ro<\/strong><\/a><\/em><\/p>\n","protected":false},"excerpt":{"rendered":"<p>Sf\u00e2nta Ana, care, prin harul lui Dumnezeu, s-a f\u0103cut bunica dup\u0103 trup a Domnului nostru Iisus Hristos, se tr\u0103gea din semin\u021bia lui&hellip;<\/p>\n","protected":false},"author":3,"featured_media":6513,"comment_status":"open","ping_status":"closed","sticky":false,"template":"","format":"standard","meta":{"_lmt_disableupdate":"","_lmt_disable":"","slim_seo":{"title":"Pe Ceea ce a n\u0103scut Via\u0163a \u00een p\u00e2ntece o ai purtat, de Dumnezeu G\u00e2nditoare Sf\u00e2nt\u0103 Ana - traditia.md","description":"Sf\u00e2nta Ana, care, prin harul lui Dumnezeu, s-a f\u0103cut bunica dup\u0103 trup a Domnului nostru Iisus Hristos, se tr\u0103gea din semin\u021bia lui Levi. Ea era ultima fiic\u0103 a M\u0103"},"footnotes":""},"categories":[40,38],"tags":[1512,1513],"class_list":["post-6515","post","type-post","status-publish","format-standard","has-post-thumbnail","hentry","category-apararea-credintei","category-stiri","tag-mama-preasfintei-nascatoare-de-dumnezeu","tag-sarbatoarea-adormirii-sfintei-ana"],"_links":{"self":[{"href":"https:\/\/traditia.md\/ro\/wp-json\/wp\/v2\/posts\/6515","targetHints":{"allow":["GET"]}}],"collection":[{"href":"https:\/\/traditia.md\/ro\/wp-json\/wp\/v2\/posts"}],"about":[{"href":"https:\/\/traditia.md\/ro\/wp-json\/wp\/v2\/types\/post"}],"author":[{"embeddable":true,"href":"https:\/\/traditia.md\/ro\/wp-json\/wp\/v2\/users\/3"}],"replies":[{"embeddable":true,"href":"https:\/\/traditia.md\/ro\/wp-json\/wp\/v2\/comments?post=6515"}],"version-history":[{"count":0,"href":"https:\/\/traditia.md\/ro\/wp-json\/wp\/v2\/posts\/6515\/revisions"}],"wp:featuredmedia":[{"embeddable":true,"href":"https:\/\/traditia.md\/ro\/wp-json\/wp\/v2\/media\/6513"}],"wp:attachment":[{"href":"https:\/\/traditia.md\/ro\/wp-json\/wp\/v2\/media?parent=6515"}],"wp:term":[{"taxonomy":"category","embeddable":true,"href":"https:\/\/traditia.md\/ro\/wp-json\/wp\/v2\/categories?post=6515"},{"taxonomy":"post_tag","embeddable":true,"href":"https:\/\/traditia.md\/ro\/wp-json\/wp\/v2\/tags?post=6515"}],"curies":[{"name":"wp","href":"https:\/\/api.w.org\/{rel}","templated":true}]}}