{"id":6340,"date":"2022-07-24T16:04:08","date_gmt":"2022-07-24T13:04:08","guid":{"rendered":"https:\/\/traditia.md\/?p=6340"},"modified":"2022-07-24T16:05:57","modified_gmt":"2022-07-24T13:05:57","slug":"mintea-lipsita-de-credinta-e-o-uneltitoare","status":"publish","type":"post","link":"https:\/\/traditia.md\/ro\/mintea-lipsita-de-credinta-e-o-uneltitoare\/","title":{"rendered":"Mintea lipsit\u0103 de credin\u0163\u0103 e o uneltitoare"},"content":{"rendered":"<p><strong><em>La 24 iulie Biserica pr\u0103znuie\u0219te Duminica a 6-a dup\u0103 Cincizecime, a sl\u0103b\u0103nogului. \u00cen aceast\u0103 zi la Dumnezeiasca Liturghie se cite\u0219te urm\u0103torul fragment din Evanghelia dup\u0103 Matei (9:1-8):<\/em><\/strong><\/p>\n<p><em>Intr\u00e2nd \u00een corabie, Iisus a trecut \u015fi a venit \u00een cetatea Sa. \u015ei iat\u0103, I-au adus un sl\u0103b\u0103nog z\u0103c\u00e2nd pe pat. \u015ei Iisus, v\u0103z\u00e2nd credin\u0163a lor, a zis sl\u0103b\u0103nogului: \u00cendr\u0103zne\u015fte, fiule! Iertate sunt p\u0103catele tale!<\/em><\/p>\n<p><em>Dar unii dintre c\u0103rturari ziceau \u00een sine: Acesta hule\u015fte. \u015ei Iisus, \u015ftiind g\u00e2ndurile lor, le-a zis: Pentru ce cugeta\u0163i rele \u00een inimile voastre? C\u0103ci ce este mai lesne a zice: Iertate sunt p\u0103catele tale, sau a zice: Scoal\u0103-te \u015fi umbl\u0103? Dar ca s\u0103 \u015fti\u0163i c\u0103 putere are Fiul Omului pe p\u0103m\u00e2nt a ierta p\u0103catele, a zis sl\u0103b\u0103nogului: Scoal\u0103-te, ia-\u0163i patul \u015fi mergi la casa ta.<\/em><\/p>\n<p><em>\u015ei, scul\u00e2ndu-se, s-a dus la casa sa. Iar mul\u0163imile v\u0103z\u00e2nd acestea, s-au \u00eensp\u0103im\u00e2ntat \u015fi au sl\u0103vit pe Dumnezeu, Cel care d\u0103 oamenilor asemenea putere.<\/em><\/p>\n<p>&nbsp;<\/p>\n<p><strong>Iat\u0103 cum t\u00e2lcuie\u0219te acest text evanghelic Sf\u00e2ntul Ierarh Teofan Z\u0103vor\u00e2tul:<\/strong><\/p>\n<p>Domnul iart\u0103 p\u0103catele sl\u0103b\u0103nogului. Acesta ar fi fost un prilej de bucurie; dar mintea viclean\u0103 a c\u0103rturarilor \u00eenv\u0103\u0163a\u0163i spune: \u201eOmul acesta hule\u015fte&#8221;. Chiar \u015fi dup\u0103 ce a urmat minunea vindec\u0103rii sl\u0103b\u0103nogului, \u00eent\u0103rind acest adev\u0103r m\u00e2ng\u00e2ietor pentru noi, c\u0103 \u201eputere are Fiul Omului pe p\u0103m\u00e2nt a ierta p\u0103catele&#8221;, poporul a dat slav\u0103 lui Dumnezeu, dar despre c\u0103rturari nu se spune nimic, pesemne fiindc\u0103 \u015fi \u00een fa\u0163a minunii urzeau oarecare \u00eentreb\u0103ri viclene.<\/p>\n<p>Mintea lipsit\u0103 de credin\u0163\u0103 e o uneltitoare: na\u015fte \u00eentruna b\u0103nuieli viclene \u015fi urze\u015fte hule asupra tuturor lucrurilor privitoare la credin\u0163\u0103. Ba nu crede \u00een minuni, ba cere o minune \u00eenvederat\u0103; dar c\u00e2nd aceasta i se d\u0103, \u00eendator\u00e2nd-o s\u0103 se plece credin\u0163ei, nu se ru\u015fineaz\u0103 s\u0103 se dea \u00een l\u0103turi, t\u00e2lcuind str\u00e2mb lucr\u0103rile cele minunate ale lui Dumnezeu.<\/p>\n<p>La fel se poart\u0103 \u015fi fa\u0163\u0103 de dovezile asupra adev\u0103rului dumnezeiesc, iar dovezi \u00eei aduc at\u00e2t experien\u0163a, c\u00e2t \u015fi ra\u0163iunea, destul de puternice \u015fi de numeroase, dar \u015fi pe acestea le acoper\u0103 cu \u00eendoiala. Ia la bani m\u0103run\u0163i tot ce \u00een\u015fir\u0103 ea \u015fi ai s\u0103 vezi c\u0103 toate sunt numai viclenie, chiar dac\u0103 \u00een gura ei par \u201ede\u015ftept\u0103ciuni&#8221;; astfel ajungi, f\u0103r\u0103 s\u0103 vrei, la concluzia c\u0103 a\u0219a-zisa inteligen\u0163\u0103 \u015fi viclenia sunt unul \u015fi acela\u015fi lucru.<\/p>\n<p>In t\u0103r\u00e2mul credin\u0163ei, Apostolul gr\u0103ie\u015fte: \u201eNoi avem mintea lui Hristos&#8221;. Dar a cui minte e \u00een afara t\u0103r\u00e2mului credin\u0163ei ? A celui viclean. Ca atare, viclenia a \u015fi devenit tr\u0103s\u0103tura care \u00eel deosebe\u015fte.<\/p>\n<p style=\"text-align: right;\"><strong><em>Sf\u00e2ntul Ierarh Teofan Z\u0103vor\u00e2tul. T\u00e2lcuiri din Sf\u00e2nta Scriptur\u0103 pentru fiecare zi din an<\/em><\/strong><\/p>\n","protected":false},"excerpt":{"rendered":"<p>La 24 iulie Biserica pr\u0103znuie\u0219te Duminica a 6-a dup\u0103 Cincizecime, a sl\u0103b\u0103nogului. \u00cen aceast\u0103 zi la Dumnezeiasca Liturghie se cite\u0219te urm\u0103torul fragment&hellip;<\/p>\n","protected":false},"author":3,"featured_media":6338,"comment_status":"open","ping_status":"closed","sticky":false,"template":"","format":"standard","meta":{"_lmt_disableupdate":"","_lmt_disable":"","slim_seo":{"title":"Mintea lipsit\u0103 de credin\u0163\u0103 e o uneltitoare - traditia.md","description":"La 24 iulie Biserica pr\u0103znuie\u0219te Duminica a 6-a dup\u0103 Cincizecime, a sl\u0103b\u0103nogului. \u00cen aceast\u0103 zi la Dumnezeiasca Liturghie se cite\u0219te urm\u0103torul fragment din Evan"},"footnotes":""},"categories":[40,38],"tags":[1467,1468,1239],"class_list":["post-6340","post","type-post","status-publish","format-standard","has-post-thumbnail","hentry","category-apararea-credintei","category-stiri","tag-duminica-a-6-a-dupa-cincizecime","tag-evanghelia-dupa-matei","tag-sfantul-ierarh-teofan-zavoratul"],"_links":{"self":[{"href":"https:\/\/traditia.md\/ro\/wp-json\/wp\/v2\/posts\/6340","targetHints":{"allow":["GET"]}}],"collection":[{"href":"https:\/\/traditia.md\/ro\/wp-json\/wp\/v2\/posts"}],"about":[{"href":"https:\/\/traditia.md\/ro\/wp-json\/wp\/v2\/types\/post"}],"author":[{"embeddable":true,"href":"https:\/\/traditia.md\/ro\/wp-json\/wp\/v2\/users\/3"}],"replies":[{"embeddable":true,"href":"https:\/\/traditia.md\/ro\/wp-json\/wp\/v2\/comments?post=6340"}],"version-history":[{"count":0,"href":"https:\/\/traditia.md\/ro\/wp-json\/wp\/v2\/posts\/6340\/revisions"}],"wp:featuredmedia":[{"embeddable":true,"href":"https:\/\/traditia.md\/ro\/wp-json\/wp\/v2\/media\/6338"}],"wp:attachment":[{"href":"https:\/\/traditia.md\/ro\/wp-json\/wp\/v2\/media?parent=6340"}],"wp:term":[{"taxonomy":"category","embeddable":true,"href":"https:\/\/traditia.md\/ro\/wp-json\/wp\/v2\/categories?post=6340"},{"taxonomy":"post_tag","embeddable":true,"href":"https:\/\/traditia.md\/ro\/wp-json\/wp\/v2\/tags?post=6340"}],"curies":[{"name":"wp","href":"https:\/\/api.w.org\/{rel}","templated":true}]}}