{"id":6332,"date":"2022-07-23T12:27:05","date_gmt":"2022-07-23T09:27:05","guid":{"rendered":"https:\/\/traditia.md\/?p=6332"},"modified":"2022-07-23T12:29:35","modified_gmt":"2022-07-23T09:29:35","slug":"cuvantul-lui-dumnezeu-in-fiecare-casa","status":"publish","type":"post","link":"https:\/\/traditia.md\/ro\/cuvantul-lui-dumnezeu-in-fiecare-casa\/","title":{"rendered":"Cuv\u00e2ntul lui Dumnezeu \u00een fiecare cas\u0103"},"content":{"rendered":"<p><strong><em>Continu\u0103 realizarea proiectului \u201eCuv\u00e2ntul lui Dumnezeu \u00eemp\u0103rt\u0103\u0219it \u00een fiecare cas\u0103\u201d care a devenit posibil gra\u021bie dona\u021biilor de carte cu tematic\u0103 ortodox\u0103 din partea tinerilor de la Asocia\u021bia \u201eSf\u00e2ntul Filaret cel Milostiv\u201d din Ia\u0219i, pecum \u0219i din partea asocia\u021biei studen\u021be\u0219ti condus\u0103 de protoiereul Octavian Mo\u0219in, paroh al bisericii \u201e\u00cent\u00e2mpinarea Domnului\u201d pe l\u00e2ng\u0103 Universitatea de Stat din Moldova.<\/em><\/strong><\/p>\n<p>&nbsp;<\/p>\n<h4><strong>Carte religioas\u0103 \u00een parohia Napadova<\/strong><\/h4>\n<p><img fetchpriority=\"high\" decoding=\"async\" class=\"wp-image-6328 size-full alignleft\" src=\"https:\/\/traditia.md\/wp-content\/uploads\/2022\/07\/napadova.jpg\" alt=\"Napadova\" width=\"335\" height=\"450\" srcset=\"https:\/\/traditia.md\/wp-content\/uploads\/2022\/07\/napadova.jpg 335w, https:\/\/traditia.md\/wp-content\/uploads\/2022\/07\/napadova-223x300.jpg 223w\" sizes=\"(max-width: 335px) 100vw, 335px\" \/>\u00cen cadrul proiectului s-a ajuns \u00een parohia \u201eSf\u00e2ntul Ierarh Nicolae\u201d din satul Napadova, raionul Flore\u0219ti.<\/p>\n<p>Poposind \u00een aceast\u0103 localitate, de-a dreptul ai impresia c\u0103 e\u0219ti la \u201ecap\u0103tul lumii\u201d. O zon\u0103 deosebit de pitoreasc\u0103 pe malul Nistrului, p\u0103storit\u0103 cu mult\u0103 r\u00e2vn\u0103 de c\u0103tre t\u00e2n\u0103rul slujitor Ciprian Boian, preotul care vrea s\u0103 dea un nou suflu localit\u0103\u021bii, fiind implicat \u00een \u0219coal\u0103 \u0219i \u00een diverse proiecte sociale.<\/p>\n<p>Visul p\u0103rintelui este s\u0103 dea o nou\u0103 via\u021b\u0103 parohiei, pe care o p\u0103store\u0219te mai bine de patru ani.<\/p>\n<p>Protoiereul Ciprian \u00eencearc\u0103 s\u0103 amenajeze curtea sf\u00e2ntului loca\u0219, construind c\u00e2teva edificii auxiliare.<\/p>\n<p>Un prim obiectiv al p\u0103rintelui este amenajarea unei biblioteci parohiale. \u00cen acest sens, prin concursul Asocia\u021biei Studen\u021bilor Cre\u0219tini Ortodoc\u0219i din Moldova \u0219i Asocia\u021biei \u201eSf\u00e2ntul Filaret cel Milostiv\u201d din Ia\u0219i la biserica din Napadova a ajuns un raft \u0219i primele c\u0103r\u021bi, din care credincio\u0219ii vor putea cunoa\u0219te cele dumnezeie\u0219ti.<\/p>\n<p>&nbsp;<\/p>\n<h4><strong>Un col\u021bi\u0219or de carte religioas\u0103 la Sadaclia<\/strong><\/h4>\n<p><img decoding=\"async\" class=\"alignleft wp-image-6330 size-full\" src=\"https:\/\/traditia.md\/wp-content\/uploads\/2022\/07\/sadaclia.jpg\" alt=\"Sadaclia\" width=\"450\" height=\"300\" srcset=\"https:\/\/traditia.md\/wp-content\/uploads\/2022\/07\/sadaclia.jpg 450w, https:\/\/traditia.md\/wp-content\/uploads\/2022\/07\/sadaclia-300x200.jpg 300w, https:\/\/traditia.md\/wp-content\/uploads\/2022\/07\/sadaclia-263x175.jpg 263w\" sizes=\"(max-width: 450px) 100vw, 450px\" \/>Beneficiari ai proiectului \u201eCuv\u00e2ntul lui Dumnezeu \u00eemp\u0103rt\u0103\u0219it \u00een fiecare cas\u0103\u201d au devenit \u0219i tinerii din cadrul Asocia\u021biei ob\u0219te\u0219ti \u201eATOS\u201d pe l\u00e2ng\u0103 parohia satului Sadaclia cu hramul \u201eNa\u0219terea Maicii Domnului\u201d, raionul Basarabeasca.<\/p>\n<p>La sediului asocia\u021biei ei au reu\u0219it s\u0103 \u00eencropeasc\u0103 o mic\u0103 bibliotec\u0103, dar din p\u0103cate dona\u021biile de carte au fost mai mult pe filiera laic\u0103.<\/p>\n<p>Acum membrii asocia\u021biei sunt bucuro\u0219i s\u0103-\u0219i \u00eembog\u0103\u021beasc\u0103 biblioteca cu un raft \u0219i c\u0103r\u021bi cu tematic\u0103 ortodox\u0103, donate de c\u0103tre tineri de la Asocia\u021bia \u201eSf\u00e2ntul Filaret cel Milostiv\u201d din Ia\u0219i \u0219i din partea asocia\u021biei studen\u021be\u0219ti condus\u0103 de c\u0103tre p\u0103rintele Octavian Mo\u0219in.<\/p>\n<p>Prin str\u0103daniile diaconului Adrian Macari, Asocia\u021bia \u201eATOS\u201d din localitate desf\u0103\u0219oar\u0103 diverse activit\u0103\u021bi cu copiii, adolescen\u021bii \u0219i tinerii.<\/p>\n<p>Astfel, prin intermediul tinerilor Cuv\u00e2ntul lui Dumnezeu este r\u0103sp\u00e2ndit la c\u00e2t mai mult\u0103 lume din sat.<\/p>\n<p style=\"text-align: right;\"><em>\u00a0<\/em><em>Surs\u0103: <strong>Tineretulortodox.md<\/strong><\/em><\/p>\n","protected":false},"excerpt":{"rendered":"<p>Continu\u0103 realizarea proiectului \u201eCuv\u00e2ntul lui Dumnezeu \u00eemp\u0103rt\u0103\u0219it \u00een fiecare cas\u0103\u201d care a devenit posibil gra\u021bie dona\u021biilor de carte cu tematic\u0103 ortodox\u0103 din&hellip;<\/p>\n","protected":false},"author":3,"featured_media":6326,"comment_status":"open","ping_status":"closed","sticky":false,"template":"","format":"standard","meta":{"_lmt_disableupdate":"","_lmt_disable":"","slim_seo":{"title":"Cuv\u00e2ntul lui Dumnezeu \u00een fiecare cas\u0103 - traditia.md","description":"Continu\u0103 realizarea proiectului \u201eCuv\u00e2ntul lui Dumnezeu \u00eemp\u0103rt\u0103\u0219it \u00een fiecare cas\u0103\u201d care a devenit posibil gra\u021bie dona\u021biilor de carte cu tematic\u0103 ortodox\u0103 din pa"},"footnotes":""},"categories":[39,38],"tags":[1462,144,47],"class_list":["post-6332","post","type-post","status-publish","format-standard","has-post-thumbnail","hentry","category-biserica-si-societatea","category-stiri","tag-carte-cu-tematica-ortodoxa","tag-octavian-mosin","tag-oktavian-moshin"],"_links":{"self":[{"href":"https:\/\/traditia.md\/ro\/wp-json\/wp\/v2\/posts\/6332","targetHints":{"allow":["GET"]}}],"collection":[{"href":"https:\/\/traditia.md\/ro\/wp-json\/wp\/v2\/posts"}],"about":[{"href":"https:\/\/traditia.md\/ro\/wp-json\/wp\/v2\/types\/post"}],"author":[{"embeddable":true,"href":"https:\/\/traditia.md\/ro\/wp-json\/wp\/v2\/users\/3"}],"replies":[{"embeddable":true,"href":"https:\/\/traditia.md\/ro\/wp-json\/wp\/v2\/comments?post=6332"}],"version-history":[{"count":0,"href":"https:\/\/traditia.md\/ro\/wp-json\/wp\/v2\/posts\/6332\/revisions"}],"wp:featuredmedia":[{"embeddable":true,"href":"https:\/\/traditia.md\/ro\/wp-json\/wp\/v2\/media\/6326"}],"wp:attachment":[{"href":"https:\/\/traditia.md\/ro\/wp-json\/wp\/v2\/media?parent=6332"}],"wp:term":[{"taxonomy":"category","embeddable":true,"href":"https:\/\/traditia.md\/ro\/wp-json\/wp\/v2\/categories?post=6332"},{"taxonomy":"post_tag","embeddable":true,"href":"https:\/\/traditia.md\/ro\/wp-json\/wp\/v2\/tags?post=6332"}],"curies":[{"name":"wp","href":"https:\/\/api.w.org\/{rel}","templated":true}]}}