{"id":5338,"date":"2022-06-05T07:00:09","date_gmt":"2022-06-05T04:00:09","guid":{"rendered":"https:\/\/traditia.md\/?p=5338"},"modified":"2022-06-05T03:59:52","modified_gmt":"2022-06-05T00:59:52","slug":"sa-pastram-cu-sfintenie-dreapta-credinta-ortodoxa","status":"publish","type":"post","link":"https:\/\/traditia.md\/ro\/sa-pastram-cu-sfintenie-dreapta-credinta-ortodoxa\/","title":{"rendered":"S\u0103 p\u0103str\u0103m cu sfin\u021benie dreapta credin\u021b\u0103 ortodox\u0103"},"content":{"rendered":"<p><em>\u201eTrei sunt care m\u0103rturisesc \u00een cer: Tat\u0103l, Cuv\u00e2ntul \u0219i Duhul Sf\u00e2nt \u0219i Ace\u0219ti trei Una sunt!\u201d<\/em> (I In. 5:7)<\/p>\n<p>Iubi\u021bi credincio\u0219i,<\/p>\n<p>Ast\u0103zi, \u00een Duminica a 7-a dup\u0103 Sfintele Pa\u0219ti, Biserica Ortodox\u0103 pr\u0103znuie\u0219te primul Sinod Ecumenic al lumii cre\u0219tine, care a avut loc \u00een anul 325 \u00een ora\u0219ul Niceea, pentru a condamna erezia, adic\u0103 \u00eenv\u0103\u021barea gre\u0219it\u0103, eretic\u0103 a lui Arie. Sinodul s-a organizat de Sf\u00e2ntul \u00cemp\u0103rat Constantin cel Mare cu mama sa Elena, la cererea Sfin\u021bilor P\u0103rin\u021bi de atunci, fiind primul \u00eemp\u0103rat cre\u0219tin din lume (306-337).<\/p>\n<p>Ce este un sinod ecumenic? Este adunarea tuturor marilor ierarhi ortodoc\u0219i \u2013 episcopi, mitropoli\u021bi \u0219i patriarhi din toat\u0103 lumea, cu scopul de a discuta unele \u00eenv\u0103\u021b\u0103turi de credin\u021b\u0103 cre\u0219tin\u0103 neclare \u00eenc\u0103, \u0219i de a le fixa \u00een legi fixe, neschimbabile, numite dogme. De asemenea, un sinod ecumenic judec\u0103 \u0219i condamn\u0103 toate abaterile de credin\u021b\u0103, str\u0103ine de \u00eenv\u0103\u021b\u0103tura Sfintei Evanghelii \u0219i a Sfin\u021bilor P\u0103rin\u021bi \u0219i exclude din Biseric\u0103, adic\u0103 d\u0103 anatema, pe to\u021bi ereticii care sf\u00e2\u0219ie unitatea de credin\u021b\u0103 a Bisericii, simbolizat\u0103 prin c\u0103ma\u0219a de in a Domnului, f\u0103cut\u0103 dintr-o sigur\u0103 bucat\u0103, cum zice \u00een Sf\u00e2nta Evanghelie: <em>\u201eC\u0103ma\u0219a era f\u0103r\u0103 cus\u0103tur\u0103, de sus \u021besut\u0103 \u00een \u00eentregime\u201d<\/em> (Ioan 19, 23). Prin cuv\u00e2ntul \u201esinod\u201d \u00een\u021belegem adunare, consiliu; prin cuv\u00e2ntul \u201eerezie\u201d \u00een\u021belegem p\u0103rerea sau \u00eenv\u0103\u021b\u0103tura particular\u0103 a cuiva despre Dumnezeu, \u00eempotriva \u00eenv\u0103\u021b\u0103turii adev\u0103rate a Bisericii lui Hristos.<\/p>\n<p>De ce a avut loc Sinodul I Ecumenic? Care a fost pricina care i-a silit pe Sfin\u021bii P\u0103rin\u021bi s\u0103 se adune la un loc \u0219i s\u0103 apere dreapta credin\u021b\u0103? Pricina a fost apari\u021bia unui mare eretic, anume Arie, care \u00eenv\u0103\u021ba pe cre\u0219tini o credin\u021b\u0103 nou\u0103, zic\u00e2nd c\u0103 Fiul lui Dumnezeu nu ar fi de o fiin\u021b\u0103 cu Tat\u0103l \u0219i c\u0103 a \u201efost un timp c\u00e2nd Fiul nu era\u201d. El numea pe Iisus Hristos \u201ecreatur\u0103 superioar\u0103\u201d, \u201ecea dint\u00e2i dintre creaturi\u201d. Acest eretic era un preot din Alexandria Egiptului, foarte m\u00e2ndru \u0219i neascult\u0103tor, \u00eens\u0103 bun predicator, care a tr\u0103it \u00een secolele III-IV. Erezia lui s-a r\u0103sp\u00e2ndit \u00een c\u00e2\u021biva ani at\u00e2t de mult \u00eenc\u00e2t rupsese Biserica \u00een dou\u0103 \u0219i amenin\u021ba s\u0103 se r\u0103sp\u00e2ndeasc\u0103 \u00een tot imperiul roman de r\u0103s\u0103rit \u0219i de apus.<\/p>\n<p>Sfin\u021bii P\u0103rin\u021bi, nemaiput\u00e2nd r\u0103bda hulele lui Arie \u00eempotriva M\u00e2ntuitorului \u0219i a Preasfintei Treimi, au cerut ajutorul drept credinciosului \u00eemp\u0103rat Constantin cel Mare, ca s\u0103 contribuie cu puterea sa imperial\u0103 la lini\u0219tirea Bisericii lui Hristos \u0219i condamnarea \u00eenv\u0103\u021b\u0103turii hulitoare a lui Arie \u0219i a discipolilor s\u0103i. Inspirat de Duhul Sf\u00e2nt, marele \u00eemp\u0103rat cre\u0219tin a hot\u0103r\u00e2t s\u0103 organizeze primul Sinod Ecumenic la Niceea \u00een anul 325 pe cheltuiala imperiului, fiind invita\u021bi to\u021bi marii ierarhi ai Bisericii cre\u0219tine din R\u0103s\u0103rit \u0219i din Apus. Astfel au luat parte 318 Sfin\u021bi P\u0103rin\u021bi la care s-a ad\u0103ugat \u0219i o delega\u021bie a Papei Silvestru I al Romei, pentru c\u0103 p\u00e2n\u0103 \u00een anul 1054, Biserica cre\u0219tin\u0103 era una, nedesp\u0103r\u021bit\u0103 \u00een dou\u0103 \u2013 cea Ortodox\u0103 de R\u0103s\u0103rit \u0219i cea Romano-Catolic\u0103 de Apus. De aceea \u0219i sinoadele p\u00e2n\u0103 la dezbinarea Bisericii se numesc \u201eecumenice\u201d, adic\u0103 generale, pentru c\u0103 au luat parte la ele \u0219i ierarhi din partea Bisericii Romei.<\/p>\n<div id=\"attachment_5329\" style=\"width: 236px\" class=\"wp-caption alignleft\"><img fetchpriority=\"high\" decoding=\"async\" aria-describedby=\"caption-attachment-5329\" class=\"wp-image-5329 size-medium\" src=\"https:\/\/traditia.md\/wp-content\/uploads\/2022\/06\/svyatitel_nikolaj-226x300.jpg\" alt=\"\u0421\u0432\u044f\u0442\u0438\u0442\u0435\u043b\u044c_\u041d\u0438\u043a\u043e\u043b\u0430\u0439\" width=\"226\" height=\"300\" srcset=\"https:\/\/traditia.md\/wp-content\/uploads\/2022\/06\/svyatitel_nikolaj-226x300.jpg 226w, https:\/\/traditia.md\/wp-content\/uploads\/2022\/06\/svyatitel_nikolaj.jpg 300w\" sizes=\"(max-width: 226px) 100vw, 226px\" \/><p id=\"caption-attachment-5329\" class=\"wp-caption-text\">Sf\u00e2ntul Ierarh Nicolae d\u0103 o palm\u0103 lui Arie<\/p><\/div>\n<p>Sinodul de la Niceea a fost deschis chiar de Sfin\u021bii \u00cemp\u0103ra\u021bi Constantin \u0219i Elena \u0219i a durat toat\u0103 vara. \u00cen timpul sinodului, la care a fost de fa\u021b\u0103 \u0219i ereticul Arie cu ai lui, Sfin\u021bii P\u0103rin\u021bi s-au ostenit mult s\u0103 \u00eentoarc\u0103 pe eretici la ortodoxie, dar ei n-au vrut s\u0103 asculte. Ba s-a \u00eent\u00e2mplat ca \u00een timpul discu\u021biilor, Sf\u00e2ntul Ierarh Nicolae s\u0103-i dea o palm\u0103 lui Arie c\u0103ci nu putea r\u0103bda hulele lui. Atunci Sf\u00e2ntul Constantin cel Mare a poruncit s\u0103 i se ia omoforul \u0219i Evanghelia \u0219i s\u0103 fie aruncat \u00een temni\u021b\u0103 pentru c\u0103 a \u00eendr\u0103znit s\u0103 loveasc\u0103. Noaptea \u00eens\u0103 i s-a ar\u0103tat M\u00e2ntuitorul \u00een temni\u021b\u0103 \u0219i i-a dat din nou Evanghelia \u00een m\u00e2ini, iar Maica Domnului i-a pus omoforul pe piept. Diminea\u021b\u0103, auzind \u00eemp\u0103ratul acestea, l-a adus pe Sf\u00e2ntul Nicolae iar\u0103\u0219i la sinod \u0219i \u00ee\u0219i cereau iertare to\u021bi de la el, v\u0103z\u00e2nd r\u00e2vna \u0219i r\u0103bdarea lui pentru credin\u021b\u0103.<\/p>\n<p>La fel \u0219i Sf\u00e2ntul Ierarh Spiridon, c\u0103ut\u00e2nd s\u0103 l\u0103mureasc\u0103 pe Arie despre taina Preasfintei Treimi \u0219i cum c\u0103 toate cele trei persoane sunt de o fiin\u021b\u0103 \u0219i de aceea\u0219i cinste, a luat o c\u0103r\u0103mid\u0103 ars\u0103 \u0219i, f\u0103c\u00e2nd semnul sfintei cruci, c\u00e2nd a str\u00e2ns c\u0103r\u0103mida, focul care a ars-o s-a ridicat \u00een sus, apa a curs pe p\u0103m\u00e2nt \u0219i lutul a r\u0103mas \u00een m\u00e2na lui. C\u0103r\u0103mida era simbolul Preasfintei Treimi. Focul \u00eenchipuia pe Tat\u0103l, lutul pe Fiul \u00eentrupat \u0219i apa pe Duhul Sf\u00e2nt, M\u00e2ng\u00e2ietorul care a fost trimis \u00een lume.<\/p>\n<div id=\"attachment_5331\" style=\"width: 222px\" class=\"wp-caption alignleft\"><img decoding=\"async\" aria-describedby=\"caption-attachment-5331\" class=\"wp-image-5331 size-medium\" src=\"https:\/\/traditia.md\/wp-content\/uploads\/2022\/06\/svyatitel_spiridon-212x300.jpg\" alt=\"\u0421\u0432\u044f\u0442\u0438\u0442\u0435\u043b\u044c_\u0421\u043f\u0438\u0440\u0438\u0434\u043e\u043d\" width=\"212\" height=\"300\" srcset=\"https:\/\/traditia.md\/wp-content\/uploads\/2022\/06\/svyatitel_spiridon-212x300.jpg 212w, https:\/\/traditia.md\/wp-content\/uploads\/2022\/06\/svyatitel_spiridon.jpg 300w\" sizes=\"(max-width: 212px) 100vw, 212px\" \/><p id=\"caption-attachment-5331\" class=\"wp-caption-text\">Sf\u00e2ntul Ierarh Spiridon al Trimitundei<\/p><\/div>\n<p>\u00cen timpul sinodului cei 318 Sfin\u021bi P\u0103rin\u021bi au dat anatem\u0103 pe ereticul Arie \u0219i \u00eenv\u0103\u021b\u0103turile sale hulitoare de Dumnezeu. P\u0103rin\u021bii au dogmatisit c\u0103 cele trei persoane ale Preasfintei Treimi: Tat\u0103l, Fiul \u0219i Duhul Sf\u00e2nt, sunt de o fiin\u021b\u0103 \u0219i nedesp\u0103r\u021bite. Tot la acest sf\u00e2nt sinod s-a \u00eentocmit partea \u00eent\u00e2i a Crezului, primele \u0219apte articole despre Tat\u0103l \u0219i Fiul. Ultimile cinci articole despre Sf\u00e2ntul Duh aveau s\u0103 se \u00eentocmeasc\u0103 la Sinodul II Ecumenic din anul 381. Crezul cuprinde pe scurt dogmele credin\u021bei ortodoxe, \u0219i se roste\u0219te zilnic \u00een biserici \u0219i prin casele cre\u0219tinilor ca o m\u0103rturisire a dreptei credin\u021be apostolice.<\/p>\n<p>De\u0219i Arie a fost surghiunit \u00een sudul Dun\u0103rii el nu a vrut s\u0103 asculte de Biseric\u0103, ci mai mult c\u0103uta s\u0103 semene \u00eentre cre\u0219tini \u00eenv\u0103\u021b\u0103tura sa hulitoare. De aceea a fost greu pedepsit de Dumnezeu, \u00eenc\u00e2t i s-au v\u0103rsat m\u0103runtaiele \u0219i a murit cumplit, spre ve\u0219nic\u0103 os\u00e2nd\u0103 \u00een gheena iadului.<\/p>\n<p>Iubi\u021bi credincio\u0219i,<\/p>\n<p>Cu toate c\u0103 ereticul Arie, cel mai mare eretic din lumea cre\u0219tin\u0103, ca \u0219i eresul s\u0103u, au disp\u0103rut, de-a lungul secolelor Biserica lui Hristos a fost lovit\u0103 mereu de noi secte \u0219i erezii, unele mai periculoase dec\u00e2t altele. Cea mai grea dezbinare a Bisericii cre\u0219tine a fost \u00een anul 1054 c\u00e2nd a avut loc marea schism\u0103 (ruptur\u0103) \u00eentre R\u0103s\u0103rit \u0219i Apus, lu\u00e2nd astfel na\u0219tere dou\u0103 Biserici separate: cea Ortodox\u0103 cu centru la Constantinopol \u0219i cea Romano-Catolic\u0103 cu centru la Vatican (Roma). La r\u00e2ndul ei Biserica Catolic\u0103 a mai fost lovit\u0103 de \u00eenc\u0103 dou\u0103 eresuri \u0219i sciziuni. Este vorba de eresul lui Luther, al doilea Arie, \u0219i de Calvin din secolul al XVI-lea, urma\u021bi dup\u0103 aproape un secol de schisma anglican\u0103 din secolul al XVII-lea.<\/p>\n<p>Primul eres a cuprins aproape integral \u021b\u0103rile din nordul Europei, a\u0219a numitele \u021b\u0103ri protestante; iar religia anglican\u0103 s-a r\u0103sp\u00e2ndit \u00een Anglia, America de Nord \u0219i Australia, form\u00e2nd Biserica anglican\u0103.<\/p>\n<p>Vede\u021bi cum a reu\u0219it satana s\u0103 rup\u0103 c\u0103ma\u0219a lui Hristos, adic\u0103 s\u0103 dezbine \u0219i s\u0103 sf\u00e2\u0219ie unitatea Bisericii \u00eentemeiat\u0103 de El? Noi to\u021bi m\u0103rturisim \u201eo credin\u021b\u0103, un Domn, un botez\u201d, \u00eens\u0103 datorit\u0103 m\u00e2ndriei \u0219i \u00eencep\u0103torilor de eresuri, care au schimbat \u00eenv\u0103\u021b\u0103tura de credin\u021b\u0103 ortodox\u0103, apostolic\u0103, cu dogme noi dup\u0103 mintea lor, precum \u0219i din cauza p\u0103catelor noastre ale tuturor, au ap\u0103rut \u00een ultimele secole mai multe Biserici cre\u0219tine \u2013 dou\u0103 apostolice \u2013 cea Ortodox\u0103 \u0219i cea Catolic\u0103 \u0219i trei f\u0103r\u0103 succesiune apostolic\u0103: protestant\u0103, reformat\u0103 \u0219i anglican\u0103.<\/p>\n<div id=\"attachment_5325\" style=\"width: 289px\" class=\"wp-caption alignleft\"><img decoding=\"async\" aria-describedby=\"caption-attachment-5325\" class=\"wp-image-5325 size-medium\" src=\"https:\/\/traditia.md\/wp-content\/uploads\/2022\/06\/martin_lyuter-279x300.jpg\" alt=\"\u041c\u0430\u0440\u0442\u0438\u043d_\u041b\u044e\u0442\u0435\u0440\" width=\"279\" height=\"300\" srcset=\"https:\/\/traditia.md\/wp-content\/uploads\/2022\/06\/martin_lyuter-279x300.jpg 279w, https:\/\/traditia.md\/wp-content\/uploads\/2022\/06\/martin_lyuter.jpg 300w\" sizes=\"(max-width: 279px) 100vw, 279px\" \/><p id=\"caption-attachment-5325\" class=\"wp-caption-text\">Martin Luther<\/p><\/div>\n<p>Dar dezbin\u0103rile religioase nu s-au oprit aici. \u00cencep\u00e2nd din secolele XVIII \u0219i mai ales XIX, au ap\u0103rut \u00een America \u0219i \u00een apusul Europei noi grup\u0103ri religioase rupte din trupul Bisericii apostolice, numite \u201esecte\u201d.<\/p>\n<p>Ast\u0103zi, \u00een lume se afl\u0103 p\u00e2n\u0103 la o mie de secte \u0219i grup\u0103ri religioase cre\u0219tine, unele mai fanatice, mai periculoase dec\u00e2t altele, cum ar fi \u201emartorii lui Iehova\u201d, \u201etemplul satanei\u201d, cu a\u0219a-numita \u201eliturghie neagr\u0103\u201d, \u00een care se ador\u0103 diavolul \u00een locul lui Dumnezeu. Ei caut\u0103 s\u0103-\u0219i fac\u0103 noi membri \u00een r\u00e2ndul credincio\u0219ilor interesa\u021bi, a celor certa\u021bi cu disciplina Bisericii lui Hristos, a celor s\u0103raci, c\u0103rora le promit ajutoare materiale \u0219i mai ales a tinerilor, pe care \u00eei pot corupe mai u\u0219or.<\/p>\n<p>S\u0103 lu\u0103m deci aminte la noi \u0219i la familile noastre ortodoxe. \u00cenmul\u021birea sectelor este un semn v\u0103zut apocaliptic, care preveste\u0219te sf\u00e2r\u0219itul veacurilor.<\/p>\n<p>Prima datorie a fiilor Bisericii Ortodoxe este aceea de a cunoa\u0219te c\u00e2t mai bine Sf\u00e2nta Scriptur\u0103, Sf\u00e2nta Tradi\u021bie, Catehismul \u0219i operele principale ale Sfin\u021bilor P\u0103rin\u021bi. A doua datorie, dac\u0103 nu cea dint\u00e2i, este s\u0103 tr\u0103im cu mare credin\u021b\u0103 \u00een Dumnezeu \u0219i s\u0103 ducem cu r\u00e2vn\u0103 \u0219i evlavie via\u021ba noastr\u0103 religioas\u0103 de familie, \u00een des\u0103v\u00e2r\u0219it\u0103 moralitate. Sectele cer teorie, ne atac\u0103 cu texte din Sf\u00e2nta Scriptur\u0103. Noi s\u0103 le r\u0103spundem, nu cu vorbe, nu at\u00e2t cu texte din Biblie, c\u00e2t mai ales cu via\u021ba moral\u0103 smerit\u0103, curat\u0103, sf\u00e2nt\u0103. Vorbele nu pot \u00eenlocui faptele. \u00cen fa\u021ba unor cre\u0219tini corec\u021bi, milostivi \u0219i evlavio\u0219i, ei se ru\u0219ineaz\u0103 \u0219i tac.<\/p>\n<p>A treia mare datorie ce ne revine este s\u0103 ne cre\u0219tem copiii \u00een fric\u0103 de Dumnezeu, cu mare grij\u0103 \u0219i aten\u021bie. C\u0103ci dac\u0103 nu-i educ\u0103m noi cum trebuie sau \u00eei smintim cu via\u021ba noastr\u0103, a p\u0103rin\u021bilor, \u00eei pierdem suflete\u0219te pe fii, nu ne mai apar\u021bin \u0219i foarte u\u0219or \u00eei pot am\u0103gi sectele, patimile, be\u021bia, desfr\u00e2ul \u0219i necredin\u021ba. Un t\u00e2n\u0103r o dat\u0103 c\u0103zut, greu mai poate fi salvat, tras de la sect\u0103. Copiii, ca \u0219i p\u0103rin\u021bii, trebuie s\u0103 \u0219tie de mici Tat\u0103l nostru, Crezul \u0219i Psalmul 50, \u0219i s\u0103 \u00eenve\u021be cuno\u0219tin\u021bele religioase principale din Catehismul ortodox. Cine nu \u0219tie pe de rost m\u0103car aceste trei rug\u0103ciuni nu poate fi \u00eemp\u0103rt\u0103\u0219it cu Sfintele Taine.<\/p>\n<p>Alt\u0103 mare datorie a cre\u0219tinilor ortodoc\u0219i este s\u0103 fie oameni de rug\u0103ciune c\u0103 f\u0103r\u0103 ea nu putem face nimic. S\u0103 nu lipseasc\u0103 \u00een s\u0103rb\u0103tori nimeni de la Sf\u00e2nta Liturghie \u0219i de la predic\u0103, afar\u0103 de mare nevoie. Rug\u0103ciunea cu credin\u021b\u0103, cu post \u0219i lacrimi este via\u021ba noastr\u0103, p\u00e2inea noastr\u0103 duhovniceasc\u0103, m\u00e2ntuirea noastr\u0103. Apoi trebuie s\u0103 tr\u0103iasc\u0103 \u00een dragoste cu to\u021bi oamenii, mai ales cu cei din familie \u0219i s\u0103 fac\u0103 dup\u0103 putere milostenie, care \u201eacoper\u0103 mul\u021bime de p\u0103cate\u201d.<\/p>\n<p>O alt\u0103 datorie principal\u0103 este ca fiecare s\u0103 aib\u0103 un duhovnic bun, \u00een\u021belept, la care s\u0103-\u0219i m\u0103rturiseasc\u0103 p\u0103catele \u00een cele patru posturi, s\u0103-i cear\u0103 sfaturi pentru toate \u0219i s\u0103-l asculte ca pe \u00censu\u0219i Hristos. Cre\u0219tinii no\u0219tri nu trebuie s\u0103 mearg\u0103 la adun\u0103rile sectante, nici s\u0103-i primeasc\u0103 \u00een cas\u0103, \u0219i nici s\u0103 discute cu ei, dac\u0103 nu vor s\u0103 cad\u0103 \u00een cursele lor. Cine face aceasta nu va fi am\u0103git niciodat\u0103 de diavol, nici de patimi, nici de cursele oamenilor r\u0103i.<\/p>\n<p>Iubi\u021bi credincio\u0219i,<\/p>\n<div id=\"attachment_5323\" style=\"width: 251px\" class=\"wp-caption alignleft\"><img loading=\"lazy\" decoding=\"async\" aria-describedby=\"caption-attachment-5323\" class=\"wp-image-5323 size-medium\" src=\"https:\/\/traditia.md\/wp-content\/uploads\/2022\/06\/arhimandrit_kleopa-241x300.jpg\" alt=\"\u0430\u0440\u0445\u0438\u043c\u0430\u043d\u0434\u0440\u0438\u0442_\u041a\u043b\u0435\u043e\u043f\u0430\" width=\"241\" height=\"300\" srcset=\"https:\/\/traditia.md\/wp-content\/uploads\/2022\/06\/arhimandrit_kleopa-241x300.jpg 241w, https:\/\/traditia.md\/wp-content\/uploads\/2022\/06\/arhimandrit_kleopa.jpg 321w\" sizes=\"(max-width: 241px) 100vw, 241px\" \/><p id=\"caption-attachment-5323\" class=\"wp-caption-text\">Arhimandritul Cleopa Ilie<\/p><\/div>\n<p>Ast\u0103zi este Duminica Sfin\u021bilor P\u0103rin\u021bi de la Sinodul I Ecumenic, care au ap\u0103rat dreapta credin\u021b\u0103, au dat anatema pe eretici \u0219i au formulat Crezul ortodox. S\u0103 r\u0103m\u00e2nem credincio\u0219i Evangheliei lui Hristos \u0219i Bisericii Ortodoxe, ai c\u0103rei fii suntem. Ea ne-a n\u0103scut prin baia Botezului, ea ne-a crescut \u0219i \u00eenv\u0103\u021bat calea m\u00e2ntuirii. S\u0103 cinstim Biserica Ortodox\u0103 care ne-a n\u0103scut. S\u0103 cinstim pe to\u021bi sfin\u021bii \u0219i icoanele lor ca cei ce sunt \u201eprietenii Domnului\u201d \u0219i se roag\u0103 pentru noi la cer. S\u0103 tr\u0103im \u00een dragoste unii cu al\u021bii, singura cale care mai poate salva lumea de la pierzare. S\u0103 cre\u0219tem copiii \u00een iubire de Dumnezeu, c\u0103 de ei depinde cel mai mult m\u00e2ntuirea noastr\u0103 \u0219i s\u0103 p\u0103str\u0103m cu sfin\u021benie dreapta credin\u021b\u0103 ortodox\u0103, f\u0103r\u0103 de care nu ne putem m\u00e2ntui oric\u00e2te fapte bune am avea.<\/p>\n<p>\u00cenchei cu o scurt\u0103 istorioar\u0103.<\/p>\n<p>Un p\u0103rinte cu via\u021b\u0103 sf\u00e2nt\u0103 a intrat noaptea s\u0103 se roage \u00een biseric\u0103 \u0219i prin minune dumnezeiasc\u0103 a v\u0103zut altarul deschis, iar l\u00e2ng\u0103 sf\u00e2nta mas\u0103 \u0219edea un prunc luminat cu c\u0103ma\u0219a rupt\u0103.<\/p>\n<p>\u0218i l-a \u00eentrebat cuviosul: \u201eCopile, cine e\u0219ti tu?\u201d<\/p>\n<p>Iar el a r\u0103spuns: \u201eEu sunt Hristos, M\u00e2ntuitorul lumii!\u201d<\/p>\n<p>\u201eDar cine \u021bi-a rupt c\u0103ma\u0219a?\u201d \u00eentreab\u0103 sihastrul.<\/p>\n<p>Iar Domnul i-a r\u0103spuns: \u201eMi-a rupt-o Arie, ereticul!\u201d \u0219i S-a f\u0103cut nev\u0103zut.<\/p>\n<p>Oricine propov\u0103duie\u0219te alt\u0103 Evanghelie dec\u00e2t cea vestit\u0103 de Hristos, de Apostoli \u0219i de Biseric\u0103, sf\u00e2\u0219ie c\u0103ma\u0219a Domnului \u0219i-\u0219i agonise\u0219te os\u00e2nd\u0103 ve\u0219nic\u0103, f\u0103r\u0103 iertare.<\/p>\n<p>S\u0103 c\u0103dem deci \u00een genunchi \u0219i s\u0103 sl\u0103vim cu evlavie \u0219i dreapt\u0103 credin\u021b\u0103 pe Tat\u0103l, pe Fiul \u0219i pe Sf\u00e2ntul Duh, Treimea cea de o fiin\u021b\u0103 \u0219i nedesp\u0103r\u021bit\u0103. Amin.<\/p>\n<p style=\"text-align: right;\"><em>Surs\u0103: <a href=\"https:\/\/doxologia.ro\/viata-bisericii\/predici\/parintele-cleopa-despre-pastrarea-dreptei-credinte\"><strong>Doxologia.ro<\/strong><\/a><\/em><\/p>\n<p style=\"text-align: left;\">Foto: Sinodul I Ecumenic<\/p>\n","protected":false},"excerpt":{"rendered":"<p>\u201eTrei sunt care m\u0103rturisesc \u00een cer: Tat\u0103l, Cuv\u00e2ntul \u0219i Duhul Sf\u00e2nt \u0219i Ace\u0219ti trei Una sunt!\u201d (I In. 5:7) Iubi\u021bi credincio\u0219i, Ast\u0103zi,&hellip;<\/p>\n","protected":false},"author":3,"featured_media":5327,"comment_status":"open","ping_status":"closed","sticky":false,"template":"","format":"standard","meta":{"_lmt_disableupdate":"","_lmt_disable":"","slim_seo":{"title":"S\u0103 p\u0103str\u0103m cu sfin\u021benie dreapta credin\u021b\u0103 ortodox\u0103 - traditia.md","description":"\u201eTrei sunt care m\u0103rturisesc \u00een cer: Tat\u0103l, Cuv\u00e2ntul \u0219i Duhul Sf\u00e2nt \u0219i Ace\u0219ti trei Una sunt!\u201d (I In. 5:7) Iubi\u021bi credincio\u0219i, Ast\u0103zi, \u00een Duminica a 7-a dup\u0103 Sfin"},"footnotes":""},"categories":[40,38],"tags":[],"class_list":["post-5338","post","type-post","status-publish","format-standard","has-post-thumbnail","hentry","category-apararea-credintei","category-stiri"],"_links":{"self":[{"href":"https:\/\/traditia.md\/ro\/wp-json\/wp\/v2\/posts\/5338","targetHints":{"allow":["GET"]}}],"collection":[{"href":"https:\/\/traditia.md\/ro\/wp-json\/wp\/v2\/posts"}],"about":[{"href":"https:\/\/traditia.md\/ro\/wp-json\/wp\/v2\/types\/post"}],"author":[{"embeddable":true,"href":"https:\/\/traditia.md\/ro\/wp-json\/wp\/v2\/users\/3"}],"replies":[{"embeddable":true,"href":"https:\/\/traditia.md\/ro\/wp-json\/wp\/v2\/comments?post=5338"}],"version-history":[{"count":0,"href":"https:\/\/traditia.md\/ro\/wp-json\/wp\/v2\/posts\/5338\/revisions"}],"wp:featuredmedia":[{"embeddable":true,"href":"https:\/\/traditia.md\/ro\/wp-json\/wp\/v2\/media\/5327"}],"wp:attachment":[{"href":"https:\/\/traditia.md\/ro\/wp-json\/wp\/v2\/media?parent=5338"}],"wp:term":[{"taxonomy":"category","embeddable":true,"href":"https:\/\/traditia.md\/ro\/wp-json\/wp\/v2\/categories?post=5338"},{"taxonomy":"post_tag","embeddable":true,"href":"https:\/\/traditia.md\/ro\/wp-json\/wp\/v2\/tags?post=5338"}],"curies":[{"name":"wp","href":"https:\/\/api.w.org\/{rel}","templated":true}]}}