{"id":5251,"date":"2022-06-01T16:56:56","date_gmt":"2022-06-01T13:56:56","guid":{"rendered":"https:\/\/traditia.md\/?p=5251"},"modified":"2022-06-01T16:59:14","modified_gmt":"2022-06-01T13:59:14","slug":"pentru-prima-data-un-presedinte-sarb-a-rostit-la-inaugurare-o-rugaciune","status":"publish","type":"post","link":"https:\/\/traditia.md\/ro\/pentru-prima-data-un-presedinte-sarb-a-rostit-la-inaugurare-o-rugaciune\/","title":{"rendered":"Pentru prima dat\u0103 un pre\u0219edinte s\u00e2rb a rostit la inaugurare o rug\u0103ciune"},"content":{"rendered":"<p>La 31 mai a avut loc \u00eenvestirea pre\u0219edintelui Serbiei Aleksandar Vu\u010di\u0107. Potrivit <em>BBC<\/em>, el a depus jur\u0103m\u00e2ntul \u021bin\u00e2nd m\u00e2na pe Evanghelia lui Miroslav din secolul al XII-lea \u0219i textul Constitu\u021biei Serbiei.<\/p>\n<p>\u201eJur s\u0103-mi dedic toat\u0103 puterea p\u0103str\u0103rii suveranit\u0103\u021bii \u0219i integrit\u0103\u021bii teritoriului Republicii Serbia, inclusiv al Kosovo \u0219i Metohija ca parte integrant\u0103 a acesteia, realiz\u0103rii drepturilor \u0219i libert\u0103\u021bilor cet\u0103\u021benilor \u0219i minorit\u0103\u021bilor, respectului \u0219i ap\u0103r\u0103rii Constitu\u021biei \u0219i a legii, p\u0103str\u0103r\u0103\u0103 p\u0103cii \u0219i a bun\u0103st\u0103rii tuturor cet\u0103\u021benilor Republicii Serbia. \u00cemi voi \u00eendeplini \u00eendatoririle \u00een mod con\u0219tiincios \u0219i responsabil. A\u0219a s\u0103 m\u0103 ajute Dumnezeu!\u201d a spus Aleksandar Vu\u010di\u0107 \u0219i \u0219i-a f\u0103cut semnul crucii.<\/p>\n<p>\u00cen anul 2017, la prima sa \u00eenvestire preziden\u021bial\u0103, Vu\u010di\u0107 pentru prima dat\u0103 \u00een istorie a depus jur\u0103m\u00e2ntul cu m\u00e2na pe Evanghelia lui Miroslav, cel mai vechi monument al scrisului s\u00e2rbesc, relateaz\u0103 <em>serbiaonline<\/em>.<\/p>\n<p style=\"text-align: right;\"><em>Surs\u0103: <a href=\"https:\/\/spzh.news\/ru\/news\/88790-prezident-serbii-vpervyje-proiznes-molitvu-na-inauguracii\"><strong>Spzh.news<\/strong><\/a><\/em><\/p>\n","protected":false},"excerpt":{"rendered":"<p>La 31 mai a avut loc \u00eenvestirea pre\u0219edintelui Serbiei Aleksandar Vu\u010di\u0107. Potrivit BBC, el a depus jur\u0103m\u00e2ntul \u021bin\u00e2nd m\u00e2na pe Evanghelia lui&hellip;<\/p>\n","protected":false},"author":3,"featured_media":5249,"comment_status":"open","ping_status":"closed","sticky":false,"template":"","format":"standard","meta":{"_lmt_disableupdate":"","_lmt_disable":"","slim_seo":{"title":"Pentru prima dat\u0103 un pre\u0219edinte s\u00e2rb a rostit la inaugurare o rug\u0103ciune - traditia.md","description":"La 31 mai a avut loc \u00eenvestirea pre\u0219edintelui Serbiei Aleksandar Vu\u010di\u0107. Potrivit BBC , el a depus jur\u0103m\u00e2ntul \u021bin\u00e2nd m\u00e2na pe Evanghelia lui Miroslav din secolul"},"footnotes":""},"categories":[39,38],"tags":[1055,1054,1056],"class_list":["post-5251","post","type-post","status-publish","format-standard","has-post-thumbnail","hentry","category-biserica-si-societatea","category-stiri","tag-aleksandar-vucic","tag-evanghelia-lui-miroslav","tag-presedintele-serbiei"],"_links":{"self":[{"href":"https:\/\/traditia.md\/ro\/wp-json\/wp\/v2\/posts\/5251","targetHints":{"allow":["GET"]}}],"collection":[{"href":"https:\/\/traditia.md\/ro\/wp-json\/wp\/v2\/posts"}],"about":[{"href":"https:\/\/traditia.md\/ro\/wp-json\/wp\/v2\/types\/post"}],"author":[{"embeddable":true,"href":"https:\/\/traditia.md\/ro\/wp-json\/wp\/v2\/users\/3"}],"replies":[{"embeddable":true,"href":"https:\/\/traditia.md\/ro\/wp-json\/wp\/v2\/comments?post=5251"}],"version-history":[{"count":0,"href":"https:\/\/traditia.md\/ro\/wp-json\/wp\/v2\/posts\/5251\/revisions"}],"wp:featuredmedia":[{"embeddable":true,"href":"https:\/\/traditia.md\/ro\/wp-json\/wp\/v2\/media\/5249"}],"wp:attachment":[{"href":"https:\/\/traditia.md\/ro\/wp-json\/wp\/v2\/media?parent=5251"}],"wp:term":[{"taxonomy":"category","embeddable":true,"href":"https:\/\/traditia.md\/ro\/wp-json\/wp\/v2\/categories?post=5251"},{"taxonomy":"post_tag","embeddable":true,"href":"https:\/\/traditia.md\/ro\/wp-json\/wp\/v2\/tags?post=5251"}],"curies":[{"name":"wp","href":"https:\/\/api.w.org\/{rel}","templated":true}]}}