{"id":5241,"date":"2022-06-01T08:58:03","date_gmt":"2022-06-01T05:58:03","guid":{"rendered":"https:\/\/traditia.md\/?p=5241"},"modified":"2022-06-01T09:01:04","modified_gmt":"2022-06-01T06:01:04","slug":"odovania-pastelui-inainte-praznuirea-inaltarii-domnului","status":"publish","type":"post","link":"https:\/\/traditia.md\/ro\/odovania-pastelui-inainte-praznuirea-inaltarii-domnului\/","title":{"rendered":"Odovania Pa\u0219telui. \u00cenainte-pr\u0103znuirea \u00cen\u0103l\u021b\u0103rii Domnului"},"content":{"rendered":"<p>Odovania [\u00een greac\u0103: \u1f00\u03c0\u03cc\u03b4\u03bf\u03c3\u03b9\u03c2 (apodosis); \u00een slavon\u0103: \u043e\u0442\u0434\u0430\u043d\u0438\u0435 (otdaniye)] sau \u00eencheierea Pa\u0219telui este ultima zi \u00een care \u00cenvierea Domnului este pr\u0103znuit\u0103 \u00een Biseric\u0103 \u00een cursul unui an liturgic. De ziua Odovaniei se s\u0103v\u00e2r\u0219e\u0219te slujba dumnezeiasc\u0103 pascal\u0103 \u2013 cu rug\u0103ciuni \u0219i c\u00e2nt\u0103ri solemne care s-au c\u00e2ntat \u00een ziua \u00eens\u0103\u0219i a s\u0103rb\u0103torii. Cu alte cuvinte, slujba Odovaniei Pa\u0219telui coincide totalmente cu slujbele dumnezeie\u0219ti din S\u0103pt\u0103m\u00e2na Luminat\u0103. Veni\u021bi to\u021bi s\u0103 ne p\u0103trundem \u00eenc\u0103 odat\u0103 de bucuria pascal\u0103!<\/p>\n<p><strong><em>\u00a0<\/em><\/strong><\/p>\n<p><strong><em>M\u00e2ine, la 2 iunie, peste 40 de zile dup\u0103 Pa\u0219ti, cre\u0219tinii ortodoc\u0219i vor marca marea s\u0103rb\u0103toare a \u00cen\u0103l\u021b\u0103rii Domnului \u2013 unul din cele 12 Praznice \u00cemp\u0103r\u0103te\u0219ti.<\/em><\/strong><\/p>\n<p>\u00cen aceast\u0103 zi credincio\u0219ii \u00ee\u0219i vor aminti de \u00een\u0103l\u021barea Domnului Isus Hristos \u00een \u00cemp\u0103r\u0103\u021bia Cerurilor, care a avut loc pe Muntele M\u0103slinilor \u00een prezen\u021ba apostolilor \u0219i a Maicii Domnului (Fapte 1:1-12).<\/p>\n<p>Potrivit Evangheliilor \u0219i C\u0103r\u021bii Faptelor, dup\u0103 \u00cenvierea Sa Hristos timp de 40 de zile S-a ar\u0103tat apostolilor \u0219i a vorbit despre \u00cemp\u0103r\u0103\u021bia lui Dumnezeu.<\/p>\n<p>\u00cen ultima zi a afl\u0103rii Sale pe p\u0103m\u00e2nt, Domnul i-a adunat pe apostoli la Ierusalim \u0219i le-a poruncit s\u0103 nu se \u00eempr\u0103\u0219tie, spun\u00e2nd c\u0103 \u00een c\u00e2teva zile Duhul Sf\u00e2nt va pogor\u00ee peste ei.<\/p>\n<p>Pe Muntele M\u0103slinilor Hristos a f\u0103cut ultimele f\u0103g\u0103duin\u021be ucenicilor S\u0103i, inclusiv despre a Doua Sa Venire, iar apoi, ridic\u00e2nd m\u00e2inile, i-a binecuv\u00e2ntat.<\/p>\n<p>\u00cen momentul binecuv\u00e2nt\u0103rii El a \u00eenceput s\u0103 se \u00eendep\u0103rteze de ei \u0219i s\u0103 se \u00eenal\u021be la cer, ascunz\u00e2ndu-se \u00eentr-un nor. Ucenicii s-au \u00eenchinat Domnului \u00een\u0103l\u021bat \u0219i \u00eenc\u0103 mult timp au continuat s\u0103 stea \u00een picioare \u0219i s\u0103 priveasc\u0103 la cer.<\/p>\n<p>Atunci doi \u00eengeri \u00een ve\u0219minte albe au ap\u0103rut \u00een fa\u021ba lor \u0219i le-au zis: <em>\u201eB\u0103rba\u0163i galileieni, de ce sta\u0163i privind la cer? Acest Iisus care S-a \u00een\u0103l\u0163at de la voi la cer, astfel va \u015fi veni, precum L-a\u0163i v\u0103zut merg\u00e2nd la cer.\u201d<\/em><\/p>\n<p>Dup\u0103 aceea ucenicii lui Hristos s-au \u00eentors la Ierusalim \u0219i au r\u0103mas acolo to\u021bi \u00eempreun\u0103, a\u0219tept\u00e2nd pogor\u00e2rea Duhului Sf\u00e2nt, care s-a \u00eent\u00e2mplat 10 zile mai t\u00e2rziu.<\/p>\n<p style=\"text-align: right;\"><em>Surs\u0103: <strong>Foma.ru<\/strong><\/em><\/p>\n","protected":false},"excerpt":{"rendered":"<p>Odovania [\u00een greac\u0103: \u1f00\u03c0\u03cc\u03b4\u03bf\u03c3\u03b9\u03c2 (apodosis); \u00een slavon\u0103: \u043e\u0442\u0434\u0430\u043d\u0438\u0435 (otdaniye)] sau \u00eencheierea Pa\u0219telui este ultima zi \u00een care \u00cenvierea Domnului este pr\u0103znuit\u0103 \u00een&hellip;<\/p>\n","protected":false},"author":3,"featured_media":5239,"comment_status":"open","ping_status":"closed","sticky":false,"template":"","format":"standard","meta":{"_lmt_disableupdate":"","_lmt_disable":"","slim_seo":{"title":"Odovania Pa\u0219telui. \u00cenainte-pr\u0103znuirea \u00cen\u0103l\u021b\u0103rii Domnului - traditia.md","description":"Odovania [\u00een greac\u0103: \u1f00\u03c0\u03cc\u03b4\u03bf\u03c3\u03b9\u03c2 (apodosis); \u00een slavon\u0103: \u043e\u0442\u0434\u0430\u043d\u0438\u0435 (otdaniye)] sau \u00eencheierea Pa\u0219telui este ultima zi \u00een care \u00cenvierea Domnului este pr\u0103znuit\u0103 \u00een Bis"},"footnotes":""},"categories":[40,38],"tags":[1048,1049,1047,1046],"class_list":["post-5241","post","type-post","status-publish","format-standard","has-post-thumbnail","hentry","category-apararea-credintei","category-stiri","tag-12-praznice-imparatesti","tag-40-de-zile-dupa-pasti","tag-inaltarea-domnului","tag-odovania-pastelui"],"_links":{"self":[{"href":"https:\/\/traditia.md\/ro\/wp-json\/wp\/v2\/posts\/5241","targetHints":{"allow":["GET"]}}],"collection":[{"href":"https:\/\/traditia.md\/ro\/wp-json\/wp\/v2\/posts"}],"about":[{"href":"https:\/\/traditia.md\/ro\/wp-json\/wp\/v2\/types\/post"}],"author":[{"embeddable":true,"href":"https:\/\/traditia.md\/ro\/wp-json\/wp\/v2\/users\/3"}],"replies":[{"embeddable":true,"href":"https:\/\/traditia.md\/ro\/wp-json\/wp\/v2\/comments?post=5241"}],"version-history":[{"count":0,"href":"https:\/\/traditia.md\/ro\/wp-json\/wp\/v2\/posts\/5241\/revisions"}],"wp:featuredmedia":[{"embeddable":true,"href":"https:\/\/traditia.md\/ro\/wp-json\/wp\/v2\/media\/5239"}],"wp:attachment":[{"href":"https:\/\/traditia.md\/ro\/wp-json\/wp\/v2\/media?parent=5241"}],"wp:term":[{"taxonomy":"category","embeddable":true,"href":"https:\/\/traditia.md\/ro\/wp-json\/wp\/v2\/categories?post=5241"},{"taxonomy":"post_tag","embeddable":true,"href":"https:\/\/traditia.md\/ro\/wp-json\/wp\/v2\/tags?post=5241"}],"curies":[{"name":"wp","href":"https:\/\/api.w.org\/{rel}","templated":true}]}}