{"id":5235,"date":"2022-05-31T19:40:40","date_gmt":"2022-05-31T16:40:40","guid":{"rendered":"https:\/\/traditia.md\/?p=5235"},"modified":"2022-05-31T19:44:38","modified_gmt":"2022-05-31T16:44:38","slug":"autoritatile-de-la-chisinau-nu-permit-desfasurarea-marsului-comunitatii-lgbt-in-capitala-moldovei","status":"publish","type":"post","link":"https:\/\/traditia.md\/ro\/autoritatile-de-la-chisinau-nu-permit-desfasurarea-marsului-comunitatii-lgbt-in-capitala-moldovei\/","title":{"rendered":"Autorit\u0103\u021bile de la Chi\u0219in\u0103u nu permit desf\u0103\u0219urarea mar\u0219ului comunit\u0103\u021bii LGBT \u00een capitala Moldovei"},"content":{"rendered":"<p><strong><em>Despre aceasta primarul municipiului, Ion Ceban, a declarat la 31 mai pe canalul s\u0103u de Telegram: \u201eV\u0103 informez c\u0103 preconizata parad\u0103 gay nu a primit permisiunea municipalit\u0103\u021bii\u201d.<\/em><\/strong><\/p>\n<p>\u201eFace\u021bi ce vre\u021bi la voi acas\u0103, nu \u00een public\u201d, a ad\u0103ugat primarul pe pagina sa de Facebook.<\/p>\n<p>Ceva mai devreme, \u00een aceea\u0219i zi, mitropolitul Chi\u0219in\u0103ului \u0219i al \u00eentregii Moldove Vladimir a adresat autorit\u0103\u021bilor centrale \u0219i locale rug\u0103mintea \u201es\u0103 fie oprit acest flagel distructiv, care \u00eentineaz\u0103 moralice\u0219te societatea noastr\u0103 declarat\u0103 ortodox\u0103.\u201d<\/p>\n<p>\u00cen adresarea sa, publicat\u0103 pe site-ul <a href=\"https:\/\/mitropolia.md\/adresarea-inaltpreasfintitului-mitropolit-vladimir-in-legatura-cu-desfasurarea-marsului-solidaritatii-organizat-de-comunitatea-lgbt\/\">Bisericii Ortodoxe din Moldova<\/a>, \u00cent\u00e2ist\u0103t\u0103torul a reamintit c\u0103 \u00een ultimii ani \u201eMitropolia Moldovei a insistat \u00een nenum\u0103rate r\u00e2nduri s\u0103 nu fie autorizate astfel de mar\u0219uri, \u00eendemn\u00e2nd at\u00e2t autorit\u0103\u021bile, c\u00e2t \u0219i membrii, simpatizan\u021bii \u0219i promotorii comunit\u0103\u021bii LGBT s\u0103 renun\u021be la acest proiect, care reprezint\u0103 o jignire public\u0103 nu doar la adresa cultelor religioase, ci \u0219i a societ\u0103\u021bii\u201d.<\/p>\n<p>Mitropolitul Vladimir consider\u0103 c\u0103 o asemenea parad\u0103 a minorit\u0103\u021bilor sfideaz\u0103 \u00een mod abuziv \u015fi public valorile majorit\u0103\u021bii societ\u0103\u021bii moldovene\u0219ti. \u201eOrganizatorii acestei parade \u0219i mentorii lor din afara \u021b\u0103rii ar trebui deja s\u0103 cunoasc\u0103 realit\u0103\u021bile de aici, din experien\u021bele din anii trecu\u021bi, \u00eentruc\u00e2t asemenea manifest\u0103ri provoac\u0103 de fiecare dat\u0103 pericole, violen\u021be, dar \u0219i alterca\u021bii de ambele p\u0103r\u021bi\u201d, se spune \u00een adresarea \u00cenaltpreasfin\u021biei Sale.<\/p>\n<p>\u201eNu exist\u0103 nici un motiv legal, moral, dar \u0219i ra\u021bional care ar determina mobilizarea \u0219i sus\u021binerea autorit\u0103\u021bilor noastre publice locale a unui asemenea manifest absurd. \u00cendemn\u0103m autorit\u0103\u021bile municipale s\u0103 sisteze prin orice mijloace promovarea manifest\u0103rii comportamentelor netradi\u021bionale \u015fi prin aceasta a p\u0103catelor strig\u0103toare la cer, care inund\u0103 din ce \u00een ce mai accentuat plaiul nostru\u201d, concluzioneaz\u0103 \u00cent\u00e2ist\u0103t\u0103torul Bisericii Ortodoxe din Moldova.<\/p>\n<p style=\"text-align: right;\"><em>Cor. <\/em><\/p>\n","protected":false},"excerpt":{"rendered":"<p>Despre aceasta primarul municipiului, Ion Ceban, a declarat la 31 mai pe canalul s\u0103u de Telegram: \u201eV\u0103 informez c\u0103 preconizata parad\u0103 gay&hellip;<\/p>\n","protected":false},"author":3,"featured_media":5232,"comment_status":"open","ping_status":"closed","sticky":false,"template":"","format":"standard","meta":{"_lmt_disableupdate":"","_lmt_disable":"","slim_seo":{"title":"Autorit\u0103\u021bile de la Chi\u0219in\u0103u nu permit desf\u0103\u0219urarea mar\u0219ului comunit\u0103\u021bii LGBT \u00een capitala Moldovei - traditia.md","description":"Despre aceasta primarul municipiului, Ion Ceban, a declarat la 31 mai pe canalul s\u0103u de Telegram: \u201eV\u0103 informez c\u0103 preconizata parad\u0103 gay nu a primit permisiunea"},"footnotes":""},"categories":[44,38],"tags":[1041,1040,397,167,1042],"class_list":["post-5235","post","type-post","status-publish","format-standard","has-post-thumbnail","hentry","category-actualitate","category-stiri","tag-ion-ceban","tag-marsul-lgbt-in-moldova","tag-mitropolia-moldovei","tag-mitropolitul-vladimir","tag-parada-gay-chisinau"],"_links":{"self":[{"href":"https:\/\/traditia.md\/ro\/wp-json\/wp\/v2\/posts\/5235","targetHints":{"allow":["GET"]}}],"collection":[{"href":"https:\/\/traditia.md\/ro\/wp-json\/wp\/v2\/posts"}],"about":[{"href":"https:\/\/traditia.md\/ro\/wp-json\/wp\/v2\/types\/post"}],"author":[{"embeddable":true,"href":"https:\/\/traditia.md\/ro\/wp-json\/wp\/v2\/users\/3"}],"replies":[{"embeddable":true,"href":"https:\/\/traditia.md\/ro\/wp-json\/wp\/v2\/comments?post=5235"}],"version-history":[{"count":0,"href":"https:\/\/traditia.md\/ro\/wp-json\/wp\/v2\/posts\/5235\/revisions"}],"wp:featuredmedia":[{"embeddable":true,"href":"https:\/\/traditia.md\/ro\/wp-json\/wp\/v2\/media\/5232"}],"wp:attachment":[{"href":"https:\/\/traditia.md\/ro\/wp-json\/wp\/v2\/media?parent=5235"}],"wp:term":[{"taxonomy":"category","embeddable":true,"href":"https:\/\/traditia.md\/ro\/wp-json\/wp\/v2\/categories?post=5235"},{"taxonomy":"post_tag","embeddable":true,"href":"https:\/\/traditia.md\/ro\/wp-json\/wp\/v2\/tags?post=5235"}],"curies":[{"name":"wp","href":"https:\/\/api.w.org\/{rel}","templated":true}]}}