{"id":5083,"date":"2022-05-26T11:39:01","date_gmt":"2022-05-26T08:39:01","guid":{"rendered":"https:\/\/traditia.md\/?p=5083"},"modified":"2022-05-26T11:41:24","modified_gmt":"2022-05-26T08:41:24","slug":"secularismul-duce-la-justificarea-amoralitatii","status":"publish","type":"post","link":"https:\/\/traditia.md\/ro\/secularismul-duce-la-justificarea-amoralitatii\/","title":{"rendered":"Secularismul duce la justificarea amoralit\u0103\u021bii"},"content":{"rendered":"<p><strong><em>Lu\u00e2nd cuv\u00e2ntul pe data de 23 mai 2022 la Lecturile educative interna\u021bionale care \u00ee\u0219i desf\u0103\u0219oar\u0103 lucr\u0103rile \u00een ora\u0219ul Moscova, Sanctitatea Sa Patriarhul Chiril a l\u0103murit cum ideologia secularist\u0103 zdruncin\u0103 fundamentul moral al societ\u0103\u021bii.<\/em><\/strong><\/p>\n<p>\u201eEsen\u021ba secularismului const\u0103 \u00een mic\u0219orarea \u0219i chiar, dup\u0103 posibilitate, excluderea influen\u021bei ideilor religioase asupra dezvolt\u0103rii sociale \u0219i statale. Ideologia secularist\u0103 elimin\u0103 cu toate puterile religia spre periferia vie\u021bii sociale \u0219i e gata s\u0103 o suporte doar sub forma unei tradi\u021bii culturale care satisface nevoile particulare duhovnice\u0219ti ale persoanei.<\/p>\n<p>\u00cen tendin\u021ba sa de a se izola prin toate mijloacele de religie, de bazele duhovnice\u0219ti tradi\u021bionale, secularismul care e dus la extrem\u0103 este \u00een stare s\u0103 conduc\u0103 la justificarea unor lucruri cu totul amorale. Exemple triste de acest fel le vedem ast\u0103zi \u00een societatea occidental\u0103 care este p\u0103truns\u0103 \u00een profunzime de spiritul secularismului.<\/p>\n<p>Astfel de manifest\u0103ri ale p\u0103catului, precum sunt avorturile, eutanazia, concubinajele persoanelor de acela\u0219i sex c\u0103rora li se acord\u0103 dreptul de a educa copii, deja sunt recunoscute \u00een societatea occidental\u0103 drept norm\u0103. R\u0103sp\u00e2ndirea acestor idei zdruncin\u0103 fundamentul moral al vie\u021bii poporului, impune hedonismul \u0219i o atitudine consumatorist\u0103 fa\u021b\u0103 de cei din jur \u0219i, la final, duce la devalorizarea a \u00eens\u0103\u0219i vie\u021biii \u0219i la opunerea fa\u021b\u0103 de planul lui Dumnezeu cu privire la menirea omului.<\/p>\n<p>Pierderea de c\u0103tre unii oameni \u0219i de o parte considerabil\u0103 a societ\u0103\u021bilor occidentale a principiilor morale, la a c\u0103ror baz\u0103 se g\u0103se\u0219te credin\u021ba cre\u0219tin\u0103 \u0219i valorile evanghelice care au format cultura european\u0103, duce \u00een mod inevitabil la pierderea identit\u0103\u021bii civiliza\u021bionale. Este o mare lec\u021bie \u0219i o pre\u00eent\u00e2mpinare pentru noi to\u021bi.<\/p>\n<p>\u00cen leg\u0103tur\u0103 cu aceasta apare \u00eentrebarea principal\u0103 pe care mul\u021bi cre\u0219tini \u0219i-o pun \u00een ziua de azi: cum s\u0103 p\u0103str\u0103m\u00a0 fidelitate M\u00e2ntuitorului \u00een astfel de condi\u021bii? Cum s\u0103 r\u0103m\u00e2nem cre\u0219tini? Primul lucru pe care vreau s\u0103 \u00eel spun \u00een calitate de Patriarh celor care pun astfel de \u00eentreb\u0103ri, extrem de corecte \u0219i importante: niciodat\u0103 s\u0103 nu v\u0103 teme\u021bi s\u0103 v\u0103 m\u0103rturisi\u021bi credin\u021ba!<\/p>\n<p style=\"text-align: right;\"><em>Sursa: <\/em><a href=\"http:\/\/www.patriarchia.ru\/db\/text\/5928249.html\"><strong><em>Patriarchia.ru<\/em><\/strong><\/a><\/p>\n","protected":false},"excerpt":{"rendered":"<p>Lu\u00e2nd cuv\u00e2ntul pe data de 23 mai 2022 la Lecturile educative interna\u021bionale care \u00ee\u0219i desf\u0103\u0219oar\u0103 lucr\u0103rile \u00een ora\u0219ul Moscova, Sanctitatea Sa Patriarhul&hellip;<\/p>\n","protected":false},"author":3,"featured_media":5089,"comment_status":"open","ping_status":"closed","sticky":false,"template":"","format":"standard","meta":{"_lmt_disableupdate":"","_lmt_disable":"","slim_seo":{"title":"Secularismul duce la justificarea amoralit\u0103\u021bii - traditia.md","description":"Lu\u00e2nd cuv\u00e2ntul pe data de 23 mai 2022 la Lecturile educative interna\u021bionale care \u00ee\u0219i desf\u0103\u0219oar\u0103 lucr\u0103rile \u00een ora\u0219ul Moscova, Sanctitatea Sa Patriarhul Chiril a"},"footnotes":""},"categories":[39,38],"tags":[972,970,82,971,969],"class_list":["post-5083","post","type-post","status-publish","format-standard","has-post-thumbnail","hentry","category-biserica-si-societatea","category-stiri","tag-ideologia-secularista","tag-lecturile-educative-internationale","tag-patriarhul-chiril","tag-principii-morale","tag-secularismul"],"_links":{"self":[{"href":"https:\/\/traditia.md\/ro\/wp-json\/wp\/v2\/posts\/5083","targetHints":{"allow":["GET"]}}],"collection":[{"href":"https:\/\/traditia.md\/ro\/wp-json\/wp\/v2\/posts"}],"about":[{"href":"https:\/\/traditia.md\/ro\/wp-json\/wp\/v2\/types\/post"}],"author":[{"embeddable":true,"href":"https:\/\/traditia.md\/ro\/wp-json\/wp\/v2\/users\/3"}],"replies":[{"embeddable":true,"href":"https:\/\/traditia.md\/ro\/wp-json\/wp\/v2\/comments?post=5083"}],"version-history":[{"count":0,"href":"https:\/\/traditia.md\/ro\/wp-json\/wp\/v2\/posts\/5083\/revisions"}],"wp:featuredmedia":[{"embeddable":true,"href":"https:\/\/traditia.md\/ro\/wp-json\/wp\/v2\/media\/5089"}],"wp:attachment":[{"href":"https:\/\/traditia.md\/ro\/wp-json\/wp\/v2\/media?parent=5083"}],"wp:term":[{"taxonomy":"category","embeddable":true,"href":"https:\/\/traditia.md\/ro\/wp-json\/wp\/v2\/categories?post=5083"},{"taxonomy":"post_tag","embeddable":true,"href":"https:\/\/traditia.md\/ro\/wp-json\/wp\/v2\/tags?post=5083"}],"curies":[{"name":"wp","href":"https:\/\/api.w.org\/{rel}","templated":true}]}}