{"id":4953,"date":"2022-05-22T08:47:22","date_gmt":"2022-05-22T05:47:22","guid":{"rendered":"https:\/\/traditia.md\/?p=4953"},"modified":"2022-05-22T09:05:58","modified_gmt":"2022-05-22T06:05:58","slug":"sa-ne-gandim-la-locul-nostru-in-lucrarea-mantuirii","status":"publish","type":"post","link":"https:\/\/traditia.md\/ro\/sa-ne-gandim-la-locul-nostru-in-lucrarea-mantuirii\/","title":{"rendered":"S\u0103 ne g\u00e2ndim la locul nostru \u00een lucrarea m\u00e2ntuirii"},"content":{"rendered":"<p><strong><em>Ast\u0103zi, la 22 mai 2022, \u00een Duminica a cincea dup\u0103 Pa\u0219ti, Biserica \u00ee\u0219i aminte\u0219te de femeia samariteanc\u0103 a c\u0103rei \u00eent\u00e2lnire la f\u00e2nt\u00e2n\u0103 cu M\u00e2ntuitorul este descris\u0103 \u00een Evanghelia dup\u0103 Ioan.<\/em><\/strong><\/p>\n<p>V\u0103 propunem predica mitropolitului Antonie de Suroj rostit\u0103 cu prilejul acestui praznic:<\/p>\n<div id=\"attachment_4949\" style=\"width: 310px\" class=\"wp-caption alignleft\"><img fetchpriority=\"high\" decoding=\"async\" aria-describedby=\"caption-attachment-4949\" class=\"size-medium wp-image-4949\" src=\"https:\/\/traditia.md\/wp-content\/uploads\/2022\/05\/mitropolit_antonij-300x279.jpeg\" alt=\"\u043c\u0438\u0442\u0440\u043e\u043f\u043e\u043b\u0438\u0442_\u0410\u043d\u0442\u043e\u043d\u0438\u0439\" width=\"300\" height=\"279\" srcset=\"https:\/\/traditia.md\/wp-content\/uploads\/2022\/05\/mitropolit_antonij-300x279.jpeg 300w, https:\/\/traditia.md\/wp-content\/uploads\/2022\/05\/mitropolit_antonij.jpeg 350w\" sizes=\"(max-width: 300px) 100vw, 300px\" \/><p id=\"caption-attachment-4949\" class=\"wp-caption-text\">Mitropolitul Antonie de Suroj<\/p><\/div>\n<p>\u00ab\u00cen numele Tat\u0103lui, \u0219i al Fiului, \u0219i al Sf\u00e2ntului Duh.<\/p>\n<p>C\u00e2nd Hristos a vorbit femeii samaritence, ucenicii S\u0103i s-au mirat: cum poate El s\u0103 vorbeasc\u0103 unei str\u0103ine? Dar Dumnezeu este Dumnezeul tuturor: Domnul i-a creat pe to\u021bi, dragostea Sa \u00eei cuprinde pe to\u021bi, Hristos a venit la to\u021bi, El a tr\u0103it pentru to\u021bi, El a murit pentru to\u021bi, a resim\u021bit p\u0103r\u0103sirea Sa de Dumnezeu pentru to\u021bi \u0219i a intrat \u00een iadul, misterios \u0219i cumplit, al fiec\u0103rei persoane. Ucenicii \u00eenc\u0103 \u00eemp\u0103r\u021beau oamenii \u00een prieteni \u0219i du\u0219mani; Hristos \u00eei cuprinde pe to\u021bi cu o unic\u0103 iubire. \u0218i noi suntem chema\u021bi, fiind ai lui Hristos, s\u0103-i trat\u0103m la fel pe to\u021bi acei de dragul c\u0103rora a venit M\u00e2ntuitorul pe p\u0103m\u00e2nt, de dragul c\u0103rora Tat\u0103l a dat la moarte pe Fiul S\u0103u Unul N\u0103scut.<\/p>\n<p>Dar oare a\u0219a trat\u0103m noi, oamenii? Nu-i \u00eemp\u0103r\u021bim noi oare \u00een \u201eai no\u0219tri\u201d \u0219i \u201estr\u0103ini\u201d, \u00een prieteni \u0219i du\u0219mani? Suntem chema\u021bi nu la prietenii lui Dumnezeu, ci la \u201edu\u0219manii\u201d lui Dumnezeu \u2013 s\u0103 mergem cu vestea bun\u0103 despre m\u00e2ntuire, cu vestea bun\u0103 despre via\u021ba nou\u0103 care este \u00een Dumnezeu \u0219i care este dat\u0103 de El.<\/p>\n<p>La sf\u00e2r\u015fitul Evangheliei de ast\u0103zi M\u00e2ntuitorul spune: holdele sunt albe deja, seceri\u015ful este deja gata, dar sunt pu\u0163ini lucr\u0103tori&#8230; \u015ei c\u00e2nd ne uit\u0103m la societatea cre\u015ftin\u0103, la Biserica noastr\u0103 \u015fi la toate Bisericile care \u0219i-au luat numele lui Hristos \u2013 \u0219i pe bun\u0103 dreptate! \u2013 nu sim\u021bim noi oare groaz\u0103 de la g\u00e2ndul c\u0103 suntem at\u00e2t de mul\u021bi, \u00eens\u0103 cuv\u00e2ntul lui Dumnezeu moare \u00een mijlocul nostru? R\u0103sun\u0103 \u2013 \u0219i moare, tun\u0103 \u2013 \u0219i nu se mai aude nimic&#8230; Suntem chema\u021bi de Hristos s\u0103 fim prezen\u021ba Lui pe p\u0103m\u00e2nt, martorii Lui; suntem chema\u021bi s\u0103 fim pe p\u0103m\u00e2nt \u00eentr-un fel o continuare a prezen\u021bei Sale \u00eentrupate; mai mult dec\u00e2t at\u00e2t, dac\u0103 se poate spune a\u0219a: a prezen\u021bei \u0219i a lui Hristos, \u0219i a Duhului Sf\u00e2nt care tr\u0103ie\u0219te \u00een noi. Ei \u0219i? \u2013 milioane din jurul nostru sunt \u00eenseta\u021bi; au sete de cuv\u00e2ntul adev\u0103rului, au sete de cuv\u00e2ntul n\u0103dejdei, de cuv\u00e2ntul iubirii, de cuv\u00e2ntul credin\u021bei, au sete de un mesager al lui Hristos care s\u0103 vin\u0103 la ei, mesager \u00een care s\u0103 recunoasc\u0103 pe Cel care l-a trimis: pe M\u00e2ntuitorul, nu pe Judec\u0103torul, ci pe un Prieten capabil s\u0103-i spun\u0103 lui Iuda \u00eensu\u0219i \u201ePrietene\u201d&#8230; Holdele sunt albe, milioanelor li-i sete, milioane au fl\u0103m\u00e2nzit; iar noi tr\u0103im o via\u021b\u0103 izolat\u0103, \u00eenfrico\u0219at\u0103.<\/p>\n<p>C\u00e2nd femeia samariteanc\u0103 a auzit de Hristos, cuvintele care ajunseser\u0103 la sufletul ei s-au rev\u0103rsat \u00een acel suflet precum apa vie p\u0103trunde \u00een solul uscat al pustiei \u2013 ea a abandonat totul; a uitat de ce a venit la f\u00e2nt\u00e2n\u0103; s-a gr\u0103bit \u00een ora\u0219 pentru a le \u00eemp\u0103rt\u0103\u0219i oamenilor minunea: ea l-a \u00eent\u00e2lnit pe Cel \u00een care a sim\u021bit pe Mesia, pe M\u00e2ntuitorul lumii Hristos. \u0218i ceea ce a povestit ea \u0219i ce i s-a \u00eent\u00e2mplat a fost at\u00e2t de neobi\u0219nuit \u00eenc\u00e2t oamenii au crezut cuv\u00e2ntului ei \u0219i s-au dus la Hristos&#8230; Cine oare, auzind cuv\u00e2ntul nostru, este gata s\u0103 renun\u021be la toate, s\u0103 lepede toate c\u0103ut\u0103rile de\u0219arte \u0219i s\u0103 vin\u0103 la Hristos Care este \u0219i Adev\u0103rul, \u0219i Calea, \u0219i Via\u021ba? M\u0103rturia noastr\u0103 este slab\u0103, palid\u0103; m\u0103rturia ei a fost ca o flac\u0103r\u0103; a fost limpede ca lumina: oamenii au auzit m\u0103rturia \u0219i nu au v\u0103zut femeia. C\u00e2nd vorbim noi, c\u00e2t de des oamenii ne v\u0103d doar pe noi, dar nu aud cuv\u00e2ntul care sun\u0103, care ar fi trebuit s\u0103 tune prin noi, prin limpezimea noastr\u0103 s\u0103 ajung\u0103 la ei, ca via\u021ba.<\/p>\n<p>Iar apoi, venind la Hristos, oamenii i-au spus acestei femei ni\u0219te cuvinte pe care adesea le trat\u0103m dureros: noi nu mai credem dup\u0103 cuv\u00e2ntul t\u0103u, noi singuri l-am v\u0103zut!.. C\u00e2t de des dorim ca o persoan\u0103 s\u0103-\u0219i aminteasc\u0103 cu recuno\u0219tin\u021b\u0103 c\u0103 anume noi am fost acei care am adus-o la Hristos, i-am deschis u\u0219a Bisericii, i-am dat bucurie, n\u0103dejde, germenul credin\u021bei&#8230; Cu c\u00e2t\u0103 bun\u0103voin\u021b\u0103 s-a f\u0103cut nev\u0103zut\u0103 femeia samariteanc\u0103; i s-a \u00eent\u00e2mplat acela\u0219i lucru ca \u0219i lui Ioan Botez\u0103torul: Hristos s-a ridicat la \u00een\u0103l\u021bimea Sa \u00eenaintea oamenilor \u2013 \u0219i ei au uitat de Ioan&#8230;<\/p>\n<p>S\u0103 ne g\u00e2ndim a\u0219adar \u0219i noi la locul nostru \u00een lucrarea m\u00e2ntuirii. C\u00e2t de des eu aud oameni spun\u00e2nd: de ce suntem pu\u021bini noi? De ce aceast\u0103 minunat\u0103 prop\u0103v\u0103duire a Ortodoxiei nu aprinde, nu lumineaz\u0103 pe to\u021bi cei din jur? \u2013 pentru c\u0103 noi suntem palizi! Pentru c\u0103 cuv\u00e2ntul nostru este slab, pentru c\u0103 ne este fric\u0103 s\u0103 prop\u0103v\u0103duim \u00een toat\u0103 vocea \u2013 \u0219i nu numai cu glasul, ci cu toat\u0103 via\u021ba \u2013 vestea noastr\u0103 cea bun\u0103 sau, mai corect zis, Vestea cea Bun\u0103 a lui Dumnezeu.<\/p>\n<p>S\u0103 ne g\u00e2ndim a\u0219adar la femeia samariteanc\u0103. Hristos a venit la to\u021bi; El ne-a anun\u021bat c\u0103 va veni vremea c\u00e2nd nu aici \u0219i nici nu acolo va trebui s\u0103-i c\u0103ut\u0103m pe cei care cu adev\u0103rat se \u00eenchin\u0103 lui Dumnezeu \u0219i Tat\u0103lui, fiindc\u0103 cei care \u00ce se \u00eenchin\u0103 trebuie s\u0103 se \u00eenchine \u00een Duh \u0219i \u00een Adev\u0103r. Dar acest Duh, acest Adev\u0103r trebuie s\u0103 str\u0103luceasc\u0103 prin noi; noi suntem trimi\u0219i \u00een lume, noi suntem apostolii lui Hristos, noi suntem martorii Lui \u0219i prin noi va fi judecat Hristos&#8230; S\u0103 ne g\u00e2ndim la responsabilitatea noastr\u0103 \u0219i cu bucurie s\u0103 ne \u00eemp\u0103rt\u0103\u0219im cu acea bog\u0103\u021bie, cu acea fericire, cu acea credin\u021b\u0103 \u0219i speran\u021ba, cu acel triumf, pe care ni le d\u0103 Hristos. Amin.\u00bb<\/p>\n<p>20 mai 1984<\/p>\n<p style=\"text-align: right;\"><em>Surs\u0103<\/em><em>:<\/em><a href=\"https:\/\/www.matrony.ru\/propoved-mitropolita-antoniya-surozhskogo-v-nedelyu-o-samaryanyne\/\"><em> <strong>Matrony.ru<\/strong><\/em><\/a><\/p>\n","protected":false},"excerpt":{"rendered":"<p>Ast\u0103zi, la 22 mai 2022, \u00een Duminica a cincea dup\u0103 Pa\u0219ti, Biserica \u00ee\u0219i aminte\u0219te de femeia samariteanc\u0103 a c\u0103rei \u00eent\u00e2lnire la f\u00e2nt\u00e2n\u0103&hellip;<\/p>\n","protected":false},"author":3,"featured_media":4951,"comment_status":"open","ping_status":"closed","sticky":false,"template":"","format":"standard","meta":{"_lmt_disableupdate":"","_lmt_disable":"","slim_seo":{"title":"S\u0103 ne g\u00e2ndim la locul nostru \u00een lucrarea m\u00e2ntuirii - traditia.md","description":"Ast\u0103zi, la 22 mai 2022, \u00een Duminica a cincea dup\u0103 Pa\u0219ti, Biserica \u00ee\u0219i aminte\u0219te de femeia samariteanc\u0103 a c\u0103rei \u00eent\u00e2lnire la f\u00e2nt\u00e2n\u0103 cu M\u00e2ntuitorul este descris\u0103"},"footnotes":""},"categories":[40,38],"tags":[904,363,905,515,311],"class_list":["post-4953","post","type-post","status-publish","format-standard","has-post-thumbnail","hentry","category-apararea-credintei","category-stiri","tag-duminica-a-cincea-dupa-pasti","tag-evanghelia","tag-femeia-samariteanca","tag-hristos","tag-mitropolitul-antonie-de-suroj"],"_links":{"self":[{"href":"https:\/\/traditia.md\/ro\/wp-json\/wp\/v2\/posts\/4953","targetHints":{"allow":["GET"]}}],"collection":[{"href":"https:\/\/traditia.md\/ro\/wp-json\/wp\/v2\/posts"}],"about":[{"href":"https:\/\/traditia.md\/ro\/wp-json\/wp\/v2\/types\/post"}],"author":[{"embeddable":true,"href":"https:\/\/traditia.md\/ro\/wp-json\/wp\/v2\/users\/3"}],"replies":[{"embeddable":true,"href":"https:\/\/traditia.md\/ro\/wp-json\/wp\/v2\/comments?post=4953"}],"version-history":[{"count":0,"href":"https:\/\/traditia.md\/ro\/wp-json\/wp\/v2\/posts\/4953\/revisions"}],"wp:featuredmedia":[{"embeddable":true,"href":"https:\/\/traditia.md\/ro\/wp-json\/wp\/v2\/media\/4951"}],"wp:attachment":[{"href":"https:\/\/traditia.md\/ro\/wp-json\/wp\/v2\/media?parent=4953"}],"wp:term":[{"taxonomy":"category","embeddable":true,"href":"https:\/\/traditia.md\/ro\/wp-json\/wp\/v2\/categories?post=4953"},{"taxonomy":"post_tag","embeddable":true,"href":"https:\/\/traditia.md\/ro\/wp-json\/wp\/v2\/tags?post=4953"}],"curies":[{"name":"wp","href":"https:\/\/api.w.org\/{rel}","templated":true}]}}