{"id":4860,"date":"2022-05-18T10:36:05","date_gmt":"2022-05-18T07:36:05","guid":{"rendered":"https:\/\/traditia.md\/?p=4860"},"modified":"2022-05-19T13:18:16","modified_gmt":"2022-05-19T10:18:16","slug":"sanctitatea-sa-patriarhul-chiril-pastoritii-nostri-se-afla-si-in-rusia-si-in-ucraina-si-noi-ne-rugam-fierbinte-pentru-instaurarea-pacii","status":"publish","type":"post","link":"https:\/\/traditia.md\/ro\/sanctitatea-sa-patriarhul-chiril-pastoritii-nostri-se-afla-si-in-rusia-si-in-ucraina-si-noi-ne-rugam-fierbinte-pentru-instaurarea-pacii\/","title":{"rendered":"Sanctitatea Sa Patriarhul Chiril: P\u0103stori\u021bii no\u0219tri se afl\u0103 \u0219i \u00een Rusia, \u0219i \u00een Ucraina \u0219i noi ne rug\u0103m fierbinte pentru instaurarea p\u0103cii"},"content":{"rendered":"<p><strong><em>Sanctitatea Sa Patriarhul Moscovei \u0219i al \u00centregii Rusii Chiril, \u021bin\u00e2nd un discurs pe data de 17 mai 2022 la Consiliul Federa\u021biei al Adun\u0103rii Federale a Federa\u021biei Ruse \u00een cadrul celei de a X-a \u00cent\u00e2lniri Parlamentare, a amintit despre unitatea duhovniceasc\u0103 a popoarelor Rusiei \u0219i Ucrainei.<\/em><\/strong><\/p>\n<p>\u201eP\u0103stori\u021bii no\u0219tri se afl\u0103 \u0219i \u00een Rusia, \u0219i \u00een Ucraina \u0219i noi ne rug\u0103m fierbinte pentru instaurarea p\u0103cii, pentru ca Domnul s\u0103 r\u0103stoarne planul for\u021bei din exterior care alimenteaz\u0103 ura\u201d, a spus \u00cent\u00e2ist\u0103t\u0103torul Bisericii Ortodoxe Ruse, adres\u00e2ndu-se c\u0103tre cei prezen\u021bi.<\/p>\n<p>\u201eNu putem s\u0103 nu men\u021bion\u0103m c\u0103 scindarea Ortodoxiei ucrainene prezint\u0103 \u00eenc\u0103 o verig\u0103 al acestui lan\u021b vicios al dezbin\u0103rii. Ac\u021biunile Patriarhiei Constantinopolului care a legalizat schisma sunt culpabile s\u0103 fie comparate istorice\u0219te cu cele ale unia\u021bilor. Scopul final al acestui proiect este reorientarea Bisericii Ortodoxe din Ucraina, pentru ca ea s\u0103 nu mai poat\u0103 sluji unit\u0103\u021bii popoarelor fr\u0103\u021be\u0219ti rus \u0219i ucrainean\u201d, a continuat\u00a0 Sanctitatea Sa.<\/p>\n<p>\u201e\u021aelul politic al constituirii acestor autocefalii, al tuturor acestor uniuni schismatice este a sl\u0103bi influen\u021ba Bisericii Ortodoxe, a Bisericii Ortodoxe unite a Rusiei, Ucrainei \u0219i Bielorusiei, folosind cli\u0219eele ideologice pentru men\u021binerea urii \u0219i cre\u0103rii de noi mituri care ar separa un popor de altul\u201d, a subliniat Sanctitatea Sa Patriarhul Chiril.<\/p>\n<p>\u00cent\u00e2ist\u0103t\u0103torul a chemat p\u0103r\u021bile conflictului din Ucraina s\u0103 fac\u0103 tot posibilul pentru evitarea victimelor \u00een r\u00e2ndul popula\u021biei pa\u0219nice.<\/p>\n<p>\u201eDa, cu adev\u0103rat, conflictele armate au \u00eenso\u021bit \u00eentreaga istorie a omenirii dup\u0103 c\u0103derea \u00een p\u0103cat. Fiind una din manifest\u0103rile p\u0103catului, ciocnirile armate vor \u00eenso\u021bi, dup\u0103 toate probabilit\u0103\u021bile, \u0219i \u00een continuare istoria omenirii. \u00cens\u0103 chiar \u0219i \u00een condi\u021biile conflictelor militare omul trebuie s\u0103-\u0219i p\u0103streze demnitatea \u0219i s\u0103 respecte demnitatea altora\u201d, a spus Sanctitatea Sa Patriarhul.<\/p>\n<p>\u201eExcluderea metodelor interzise \u00een timpul ac\u021biunilor militare, protejarea popula\u021biei civile, urmarea normelor de drept interna\u021bional umanitar, respectul fa\u021b\u0103 de prizonieri \u0219i r\u0103ni\u021bi \u2013 c\u0103tre toate acestea eu, \u00een calitatea mea de Patriarh al \u00centregii Rusii, chem p\u0103r\u021bile conflictuale \u0219i cer s\u0103 se fac\u0103 tot posibilul s\u0103 fie evitate victime \u00een r\u00e2ndul popula\u021biei pa\u0219nice\u201d, a concluzionat \u00cent\u00e2ist\u0103t\u0103torul Bisericii Ortodoxe Ruse.<\/p>\n<p style=\"text-align: right;\"><em>Sursa: <\/em><a href=\"http:\/\/www.patriarchia.ru\/db\/text\/5926254.html\"><strong><em>\u041f\u0430\u0442\u0440\u0438\u0430\u0440\u0445\u0438\u044f<\/em><\/strong><strong><em>.ru<\/em><\/strong><\/a><\/p>\n","protected":false},"excerpt":{"rendered":"<p>Sanctitatea Sa Patriarhul Moscovei \u0219i al \u00centregii Rusii Chiril, \u021bin\u00e2nd un discurs pe data de 17 mai 2022 la Consiliul Federa\u021biei al&hellip;<\/p>\n","protected":false},"author":3,"featured_media":4844,"comment_status":"open","ping_status":"closed","sticky":false,"template":"","format":"standard","meta":{"_lmt_disableupdate":"","_lmt_disable":"","slim_seo":{"title":"Sanctitatea Sa Patriarhul Chiril: P\u0103stori\u021bii no\u0219tri se afl\u0103 \u0219i \u00een Rusia, \u0219i \u00een Ucraina \u0219i noi ne rug\u0103m fierbinte pentru instaurarea p\u0103cii - traditia.md","description":"Sanctitatea Sa Patriarhul Moscovei \u0219i al \u00centregii Rusii Chiril, \u021bin\u00e2nd un discurs pe data de 17 mai 2022 la Consiliul Federa\u021biei al Adun\u0103rii Federale a Federa\u021bi"},"footnotes":""},"categories":[39,38],"tags":[119,82,866],"class_list":["post-4860","post","type-post","status-publish","format-standard","has-post-thumbnail","hentry","category-biserica-si-societatea","category-stiri","tag-biserica-ortodoxa","tag-patriarhul-chiril","tag-scindarea-ortodoxiei"],"_links":{"self":[{"href":"https:\/\/traditia.md\/ro\/wp-json\/wp\/v2\/posts\/4860","targetHints":{"allow":["GET"]}}],"collection":[{"href":"https:\/\/traditia.md\/ro\/wp-json\/wp\/v2\/posts"}],"about":[{"href":"https:\/\/traditia.md\/ro\/wp-json\/wp\/v2\/types\/post"}],"author":[{"embeddable":true,"href":"https:\/\/traditia.md\/ro\/wp-json\/wp\/v2\/users\/3"}],"replies":[{"embeddable":true,"href":"https:\/\/traditia.md\/ro\/wp-json\/wp\/v2\/comments?post=4860"}],"version-history":[{"count":0,"href":"https:\/\/traditia.md\/ro\/wp-json\/wp\/v2\/posts\/4860\/revisions"}],"wp:featuredmedia":[{"embeddable":true,"href":"https:\/\/traditia.md\/ro\/wp-json\/wp\/v2\/media\/4844"}],"wp:attachment":[{"href":"https:\/\/traditia.md\/ro\/wp-json\/wp\/v2\/media?parent=4860"}],"wp:term":[{"taxonomy":"category","embeddable":true,"href":"https:\/\/traditia.md\/ro\/wp-json\/wp\/v2\/categories?post=4860"},{"taxonomy":"post_tag","embeddable":true,"href":"https:\/\/traditia.md\/ro\/wp-json\/wp\/v2\/tags?post=4860"}],"curies":[{"name":"wp","href":"https:\/\/api.w.org\/{rel}","templated":true}]}}