{"id":4715,"date":"2022-05-16T09:54:06","date_gmt":"2022-05-16T06:54:06","guid":{"rendered":"https:\/\/traditia.md\/?p=4715"},"modified":"2022-05-16T09:56:20","modified_gmt":"2022-05-16T06:56:20","slug":"la-orhei-s-a-desfasurat-marsul-pentru-familie","status":"publish","type":"post","link":"https:\/\/traditia.md\/ro\/la-orhei-s-a-desfasurat-marsul-pentru-familie\/","title":{"rendered":"La Orhei s-a desf\u0103\u0219urat Mar\u0219ul pentru Familie"},"content":{"rendered":"<p><strong>La 15 mai 2022, de ziua Interna\u021bional\u0103 a Familiei, Vicariatul Orhei \u00een parteneriat cu autorit\u0103\u021bile raionale \u0219i municipale au organizat Mar\u0219ul pentru Familie. <\/strong><\/p>\n<p>A\u0219a cum orice lucru binepl\u0103cut Domnului se \u00eencepe cu o rug\u0103ciune, evenimentul a debutat cu un moleben pentru bun\u0103starea familiilor s\u0103v\u00e2r\u0219it la Catedrala episcopal\u0103 \u201eSf\u00e2ntul Mare Mucenic Dimitrie\u201d din municipiul Orhei de c\u0103tre Preasfin\u021bitul Siluan, episcop de Orhei, vicar mitropolitan.<\/p>\n<p>\u00cen continuare cei prezen\u021bi s-au \u00eendreptat \u00een procesiune c\u0103tre monumentul domnitorului Vasile Lupu amplasat \u00een centrul municipiului Orhei. La eveniment au participat pre\u0219edintele raionului Orhei Dinu \u021aurcanu, primarul municipiului Orhei Pavel Verejanu, preo\u021bi ai Vicariatului Orhei, numero\u0219i credincio\u0219i.<\/p>\n<p>Dup\u0103 depunerea de flori la monumentul domnitorului Vasile Lupu, pre\u0219edintele raionului i-a mul\u021bumit Preasfin\u021bitului Siluan pentru ini\u021biativa de a desf\u0103\u0219ura Mar\u0219ul pentru Familie, men\u021bion\u00e2nd: \u201eNu exist\u0103 nimic mai frumos \u0219i mai sf\u00e2nt dec\u00e2t familia. Familia este dragoste, este Biserica de acas\u0103, este locul unde \u00eenv\u0103\u021b\u0103m s\u0103 ne rug\u0103m \u0219i s\u0103 iubim\u201d. Cuvintelor \u00eentru sprijinul \u0219i p\u0103strarea valorilor tradi\u021bionale ale poporului nostru s-a al\u0103turat \u0219i primarul municipiului Orhei.<\/p>\n<p>A urmat mesajul episcopului Siluan, \u00een care ierarhul a men\u021bionat: \u201eTr\u0103im o perioad\u0103 minunat\u0103 \u00een care sl\u0103vim \u0219i ne bucur\u0103m de \u00cenvierea Domnului nostru Iisus Hristos. \u00cen aceast\u0103 minunat\u0103 zi \u00een care s\u0103rb\u0103torim Ziua Familiei, ne dorim ca familia cre\u0219tin\u0103 s\u0103 fie ocrotit\u0103 \u0219i binecuv\u00e2ntat\u0103 de Dumnezeu. Familia este acel mediu \u00een care se cultiv\u0103 valorile, acele valori care contribuie la o lume mai bun\u0103, o lume f\u0103r\u0103 ur\u0103, o lume \u00een care Dumnezeu e la El acas\u0103. S\u0103 p\u0103str\u0103m cu mare responsabilitate familia din care venim fiecare dintre noi, s\u0103 nu uit\u0103m c\u0103 \u00een familie am \u00eenv\u0103\u021bat despre Dumnezeu, am \u00eenv\u0103\u021bat s\u0103 tr\u0103im dragostea, am \u00eenv\u0103\u021bat s\u0103 alegem binele. P\u0103str\u00e2nd aceste daruri \u00een familiile \u0219i sufletele noastre, al\u0103turi de noi va fi mereu \u0219i Bunul Dumnezeu.\u201d<\/p>\n<p>Biserica Ortodox\u0103 nu \u0219i-a schimbat \u0219i nu \u00ee\u0219i va schimba vreodat\u0103 viziunea asupra familiei, care are drept temei iubirea Sfintei Treimi \u0219i icoan\u0103 v\u0103zut\u0103 Familia Sf\u00e2nt\u0103, \u00een care Fiul lui Dumnezeu a crescut <em>\u201ecu \u00een\u021belepciunea \u0219i cu v\u00e2rsta \u0219i cu harul la Dumnezeu \u0219i la oameni\u201d<\/em> (Lc. 2:52). Rolul s\u0103u este acela de a sus\u021bine \u0219i afirma valorile familiei \u0219i a \u00eent\u0103ri pozi\u021bia acesteia \u00een societate. Familia este parte a \u00eentregului, trup din trupul Bisericii.<\/p>\n<p>La final cei prezen\u021bi s-au bucurat de un concert festiv organizat de Sec\u021bia raional\u0103 cultur\u0103 Orhei.<\/p>\n<p style=\"text-align: right;\"><em>Sursa: <a href=\"https:\/\/manastireacurchi.md\/marsul-pentru-familie-la-orhei\/\"><strong>Manastireacurchi.md<\/strong><\/a><\/em><\/p>\n","protected":false},"excerpt":{"rendered":"<p>La 15 mai 2022, de ziua Interna\u021bional\u0103 a Familiei, Vicariatul Orhei \u00een parteneriat cu autorit\u0103\u021bile raionale \u0219i municipale au organizat Mar\u0219ul pentru&hellip;<\/p>\n","protected":false},"author":3,"featured_media":4713,"comment_status":"open","ping_status":"closed","sticky":false,"template":"","format":"standard","meta":{"_lmt_disableupdate":"","_lmt_disable":"","slim_seo":{"title":"La Orhei s-a desf\u0103\u0219urat Mar\u0219ul pentru Familie - traditia.md","description":"La 15 mai 2022, de ziua Interna\u021bional\u0103 a Familiei, Vicariatul Orhei \u00een parteneriat cu autorit\u0103\u021bile raionale \u0219i municipale au organizat Mar\u0219ul pentru Familie. A\u0219"},"footnotes":""},"categories":[39,38],"tags":[832,831,830,829],"class_list":["post-4715","post","type-post","status-publish","format-standard","has-post-thumbnail","hentry","category-biserica-si-societatea","category-stiri","tag-episcopului-siluan","tag-marsul-pentru-familie","tag-vicariatul-orhei","tag-ziua-internationala-a-familiei"],"_links":{"self":[{"href":"https:\/\/traditia.md\/ro\/wp-json\/wp\/v2\/posts\/4715","targetHints":{"allow":["GET"]}}],"collection":[{"href":"https:\/\/traditia.md\/ro\/wp-json\/wp\/v2\/posts"}],"about":[{"href":"https:\/\/traditia.md\/ro\/wp-json\/wp\/v2\/types\/post"}],"author":[{"embeddable":true,"href":"https:\/\/traditia.md\/ro\/wp-json\/wp\/v2\/users\/3"}],"replies":[{"embeddable":true,"href":"https:\/\/traditia.md\/ro\/wp-json\/wp\/v2\/comments?post=4715"}],"version-history":[{"count":0,"href":"https:\/\/traditia.md\/ro\/wp-json\/wp\/v2\/posts\/4715\/revisions"}],"wp:featuredmedia":[{"embeddable":true,"href":"https:\/\/traditia.md\/ro\/wp-json\/wp\/v2\/media\/4713"}],"wp:attachment":[{"href":"https:\/\/traditia.md\/ro\/wp-json\/wp\/v2\/media?parent=4715"}],"wp:term":[{"taxonomy":"category","embeddable":true,"href":"https:\/\/traditia.md\/ro\/wp-json\/wp\/v2\/categories?post=4715"},{"taxonomy":"post_tag","embeddable":true,"href":"https:\/\/traditia.md\/ro\/wp-json\/wp\/v2\/tags?post=4715"}],"curies":[{"name":"wp","href":"https:\/\/api.w.org\/{rel}","templated":true}]}}