{"id":4655,"date":"2022-05-14T11:03:23","date_gmt":"2022-05-14T08:03:23","guid":{"rendered":"https:\/\/traditia.md\/?p=4655"},"modified":"2022-05-14T11:05:53","modified_gmt":"2022-05-14T08:05:53","slug":"a-fost-creat-portalul-jurnalistilor-si-bloggerilor-ortodocsi-din-moldova-traditia","status":"publish","type":"post","link":"https:\/\/traditia.md\/ro\/a-fost-creat-portalul-jurnalistilor-si-bloggerilor-ortodocsi-din-moldova-traditia\/","title":{"rendered":"A fost creat portalul jurnali\u0219tilor \u0219i bloggerilor ortodoc\u0219i din Moldova \u201eTradi\u021bia\u201d"},"content":{"rendered":"<p><strong><em>La 12 mai site-ul oficial al Bisericii Ortodoxe Ruse a publicat o \u0219tire despre portalul nostru.<\/em><\/strong><\/p>\n<p>Cu binecuv\u00e2ntarea mitropolitului Chi\u0219in\u0103ului \u0219i al \u00eentregii Moldove Vladimir a fost lansat portalul jurnali\u0219tilor \u0219i bloggerilor ortodoc\u0219i din Republica Moldova \u201eTradi\u021bia\u201d. Noua surs\u0103 media are dou\u0103 versiuni \u2013 \u00een limba rom\u00e2n\u0103 \u0219i \u00een limba rus\u0103.<\/p>\n<p>Ini\u021biatorii proiectului, jurnali\u0219tii moldoveni, au fundamentat necesitatea cre\u0103rii unei platforme de informare pe internet pentru credincio\u0219ii ortodoc\u0219i din Moldova \u00een felul urm\u0103tor.<\/p>\n<p>\u00cen primul r\u00e2nd, \u00een aceast\u0103 \u021bar\u0103 tradi\u021bional ortodox\u0103 de mult se sim\u021bea necesitatea existen\u021bei unei surse media \u00een care cre\u0219tinii s\u0103-\u0219i poat\u0103 exprima punctul de vedere asupra evenimentelor sociale mai mult sau mai pu\u021bin importante. \u201e\u00cen spa\u021biul informa\u021bional local domin\u0103 \u00een mod evident mass-media secular\u0103 care impune publicului o imagine tenden\u021bioas\u0103, schimonosit\u0103 a Bisericii Ortodoxe \u0219i a cre\u0219tinismului \u00een general, iat\u0103 de ce este nevoie de un punct de vedere alternativ\u201d, noteaz\u0103 redactorul-\u0219ef al portalului, politologul \u0219i publicistul ortodox Victor Josu.<\/p>\n<p>\u00cen al doilea r\u00e2nd, potrivit lui V. Josu, odat\u0103 cu declan\u0219area epidemiei de coronavirus nevoia de comunicare constant\u0103 \u00een cadrul comunit\u0103\u021bii ortodoxe a crescut \u0219i mai mult.<\/p>\n<p>\u00cen al treilea r\u00e2nd, \u00eentruc\u00e2t Biserica Ortodox\u0103 din Moldova este parte a Bisericii Ortodoxe Ruse Locale \u0219i, \u00een consecin\u021b\u0103, parte integrant\u0103 a Ortodoxiei mondiale, \u201eTradi\u021bia\u201d \u00ee\u0219i propune s\u0103 familiarizeze credincio\u0219ii moldoveni cu problemele care \u00eei \u00eengrijoreaz\u0103 pe cre\u0219tinii din alte \u021b\u0103ri \u0219i cu modul \u00een care ace\u0219tia rezolv\u0103 problemele respective.<\/p>\n<p>\u201eStr\u0103mo\u0219ii no\u0219tri care au locuit \u00een Moldova istoric\u0103, parte a\u00a0 civiliza\u021biei ortodoxe mondiale, din genera\u021bie \u00een genera\u021bie s-au condus de unul \u0219i acela\u0219i imperativ \u2013 s\u0103 fie cu Hristos. \u0218i cu ajutorul Lui solu\u021bionau problemele, \u00eenfruntau provoc\u0103rile pe care le \u00eenainta via\u021ba. Noi trebuie s\u0103 facem o \u00eencercare pentru a reveni acolo, de unde am fost smul\u0219i de cataclisme istorice \u0219i de distrugeri revolu\u021bionare: la \u00eenceputul secolului al XX-lea \u2013 de cele ale revolu\u021biei comuniste, la \u00eenceputul secolului al XXI-lea \u2013 ale revolu\u021biei liberale. Noi trebuie s\u0103 revenim \u00een s\u00e2nul civiliza\u021biei ortodoxe materne. \u00cen s\u00e2nul tradi\u021biei\u201d, a men\u021bionat V. Josu.<\/p>\n<p>\u00cen momentul de fa\u021b\u0103 portalul are urm\u0103toarele rubrici permanente: \u201e\u0218tiri\u201d, \u201eBiserica \u0219i societatea\u201d, \u201eAp\u0103rarea credin\u021bei\u201d, \u201eActualitate\u201d, \u201eIstorie \u0219i cultur\u0103\u201d \u0219i \u201e\u00centreab\u0103 preotul\u201d.<\/p>\n<p style=\"text-align: right;\"><em>Sursa: <a href=\"http:\/\/www.patriarchia.ru\/db\/text\/5925067.html\"><strong>Patriarchia.ru<\/strong><\/a><\/em><\/p>\n","protected":false},"excerpt":{"rendered":"<p>La 12 mai site-ul oficial al Bisericii Ortodoxe Ruse a publicat o \u0219tire despre portalul nostru. Cu binecuv\u00e2ntarea mitropolitului Chi\u0219in\u0103ului \u0219i al&hellip;<\/p>\n","protected":false},"author":3,"featured_media":4653,"comment_status":"open","ping_status":"closed","sticky":false,"template":"","format":"standard","meta":{"_lmt_disableupdate":"","_lmt_disable":"","slim_seo":{"title":"A fost creat portalul jurnali\u0219tilor \u0219i bloggerilor ortodoc\u0219i din Moldova \u201eTradi\u021bia\u201d - traditia.md","description":"La 12 mai site-ul oficial al Bisericii Ortodoxe Ruse a publicat o \u0219tire despre portalul nostru. Cu binecuv\u00e2ntarea mitropolitului Chi\u0219in\u0103ului \u0219i al \u00eentregii Mold"},"footnotes":""},"categories":[44,38],"tags":[799,798,797,800,801,219],"class_list":["post-4655","post","type-post","status-publish","format-standard","has-post-thumbnail","hentry","category-actualitate","category-stiri","tag-actualitate","tag-apararea-credintei","tag-biserica-si-societatea","tag-istorie-si-cultura","tag-portalul-jurnalistilor-si-bloggerilor-ortodocsi","tag-traditia"],"_links":{"self":[{"href":"https:\/\/traditia.md\/ro\/wp-json\/wp\/v2\/posts\/4655","targetHints":{"allow":["GET"]}}],"collection":[{"href":"https:\/\/traditia.md\/ro\/wp-json\/wp\/v2\/posts"}],"about":[{"href":"https:\/\/traditia.md\/ro\/wp-json\/wp\/v2\/types\/post"}],"author":[{"embeddable":true,"href":"https:\/\/traditia.md\/ro\/wp-json\/wp\/v2\/users\/3"}],"replies":[{"embeddable":true,"href":"https:\/\/traditia.md\/ro\/wp-json\/wp\/v2\/comments?post=4655"}],"version-history":[{"count":0,"href":"https:\/\/traditia.md\/ro\/wp-json\/wp\/v2\/posts\/4655\/revisions"}],"wp:featuredmedia":[{"embeddable":true,"href":"https:\/\/traditia.md\/ro\/wp-json\/wp\/v2\/media\/4653"}],"wp:attachment":[{"href":"https:\/\/traditia.md\/ro\/wp-json\/wp\/v2\/media?parent=4655"}],"wp:term":[{"taxonomy":"category","embeddable":true,"href":"https:\/\/traditia.md\/ro\/wp-json\/wp\/v2\/categories?post=4655"},{"taxonomy":"post_tag","embeddable":true,"href":"https:\/\/traditia.md\/ro\/wp-json\/wp\/v2\/tags?post=4655"}],"curies":[{"name":"wp","href":"https:\/\/api.w.org\/{rel}","templated":true}]}}