{"id":40803,"date":"2026-09-03T09:27:06","date_gmt":"2026-09-03T06:27:06","guid":{"rendered":"https:\/\/traditia.md\/?p=40803"},"modified":"2026-09-03T09:28:03","modified_gmt":"2026-09-03T06:28:03","slug":"o-icoana-a-domnitorului-stefan-cel-mare-a-fost-sfintita-langa-sankt-petersburg","status":"publish","type":"post","link":"https:\/\/traditia.md\/ro\/o-icoana-a-domnitorului-stefan-cel-mare-a-fost-sfintita-langa-sankt-petersburg\/","title":{"rendered":"O icoan\u0103 a domnitorului \u0218tefan cel Mare a fost sfin\u021bit\u0103 l\u00e2ng\u0103 Sankt Petersburg"},"content":{"rendered":"<p><a href=\"https:\/\/www.facebook.com\/buinciucmaria\/posts\/pfbid02u5pJdnKQJvMhFpzurVXz6Tqkm6vGdZLco8JMwAouaJ6iFx6TH5HCekiDjoZEvGM4l?rdid=fNJFhEEf882oBVuI\"><strong><em>Relat\u0103rile<\/em><\/strong><\/a><strong><em> de pe re\u021belele de socializare indic\u0103 faptul c\u0103 o icoan\u0103 cu chipul domnitorului moldovean \u0218tefan cel Mare a fost sfin\u021bit\u0103 la Biserica \u201eSf\u00e2nta Ecaterina\u201d din satul Murino, l\u00e2ng\u0103 Sankt Petersburg.<\/em><\/strong><\/p>\n<p>Icoana a fost donat\u0103 bisericii de c\u0103tre comunitatea moldoveneasc\u0103 din Rusia. Ini\u021biatorii proiectului men\u021bioneaz\u0103 c\u0103 imaginea este dedicat\u0103 domnitorului Moldovei, cunoscut \u0219i ca ap\u0103r\u0103tor al credin\u021bei ortodoxe.<\/p>\n<p>Sfin\u021birea icoanei a fost un eveniment simbolic \u2013 un semn al leg\u0103turii duhovnice\u0219ti dintre comunit\u0103\u021bile moldoveneasc\u0103 \u0219i rus\u0103, precum \u0219i o amintire a memoriei istorice asociate cu \u0218tefan cel Mare. \u00cen opinia organizatorilor, evenimentul a semnificat o confirmare suplimentar\u0103 a rela\u021biilor de prietenie dintre popoarele celor dou\u0103 \u021b\u0103ri.<\/p>\n","protected":false},"excerpt":{"rendered":"<p>Relat\u0103rile de pe re\u021belele de socializare indic\u0103 faptul c\u0103 o icoan\u0103 cu chipul domnitorului moldovean \u0218tefan cel Mare a fost sfin\u021bit\u0103 la&hellip;<\/p>\n","protected":false},"author":3,"featured_media":40801,"comment_status":"open","ping_status":"closed","sticky":false,"template":"","format":"standard","meta":{"_lmt_disableupdate":"","_lmt_disable":"","slim_seo":{"title":"O icoan\u0103 a domnitorului \u0218tefan cel Mare a fost sfin\u021bit\u0103 l\u00e2ng\u0103 Sankt Petersburg - traditia.md","description":"Relat\u0103rile de pe re\u021belele de socializare indic\u0103 faptul c\u0103 o icoan\u0103 cu chipul domnitorului moldovean \u0218tefan cel Mare a fost sfin\u021bit\u0103 la Biserica \u201eSf\u00e2nta Ecaterin"},"footnotes":""},"categories":[39,38],"tags":[],"class_list":["post-40803","post","type-post","status-publish","format-standard","has-post-thumbnail","hentry","category-biserica-si-societatea","category-stiri"],"_links":{"self":[{"href":"https:\/\/traditia.md\/ro\/wp-json\/wp\/v2\/posts\/40803","targetHints":{"allow":["GET"]}}],"collection":[{"href":"https:\/\/traditia.md\/ro\/wp-json\/wp\/v2\/posts"}],"about":[{"href":"https:\/\/traditia.md\/ro\/wp-json\/wp\/v2\/types\/post"}],"author":[{"embeddable":true,"href":"https:\/\/traditia.md\/ro\/wp-json\/wp\/v2\/users\/3"}],"replies":[{"embeddable":true,"href":"https:\/\/traditia.md\/ro\/wp-json\/wp\/v2\/comments?post=40803"}],"version-history":[{"count":1,"href":"https:\/\/traditia.md\/ro\/wp-json\/wp\/v2\/posts\/40803\/revisions"}],"predecessor-version":[{"id":40804,"href":"https:\/\/traditia.md\/ro\/wp-json\/wp\/v2\/posts\/40803\/revisions\/40804"}],"wp:featuredmedia":[{"embeddable":true,"href":"https:\/\/traditia.md\/ro\/wp-json\/wp\/v2\/media\/40801"}],"wp:attachment":[{"href":"https:\/\/traditia.md\/ro\/wp-json\/wp\/v2\/media?parent=40803"}],"wp:term":[{"taxonomy":"category","embeddable":true,"href":"https:\/\/traditia.md\/ro\/wp-json\/wp\/v2\/categories?post=40803"},{"taxonomy":"post_tag","embeddable":true,"href":"https:\/\/traditia.md\/ro\/wp-json\/wp\/v2\/tags?post=40803"}],"curies":[{"name":"wp","href":"https:\/\/api.w.org\/{rel}","templated":true}]}}