{"id":40792,"date":"2026-09-02T17:24:00","date_gmt":"2026-09-02T14:24:00","guid":{"rendered":"https:\/\/traditia.md\/?p=40792"},"modified":"2026-09-02T17:25:01","modified_gmt":"2026-09-02T14:25:01","slug":"invitatie-la-marea-sarbatoare-de-la-capriana","status":"publish","type":"post","link":"https:\/\/traditia.md\/ro\/invitatie-la-marea-sarbatoare-de-la-capriana\/","title":{"rendered":"Invita\u021bie la marea s\u0103rb\u0103toare de la C\u0103priana"},"content":{"rendered":"<p><strong><em>10 ani de la canonizarea Sf\u00e2ntului Ierarh Gavriil <\/em><\/strong><strong><em>(<\/em><\/strong><strong><em>B\u0103nulescu-Bodoni<\/em><\/strong><strong><em>)<\/em><\/strong><\/p>\n<p>La 3 septembrie 2026, Biserica Ortodox\u0103 din Moldova s\u0103v\u00e2r\u0219e\u0219te pr\u0103znuirea Sf\u00e2ntului Ierarh Gavriil (B\u0103nulescu-Bodoni).<\/p>\n<p>M\u0103n\u0103stirea C\u0103priana se va afla \u00een zi de aleas\u0103 s\u0103rb\u0103toare \u0219i rug\u0103ciune, cu prilejul \u00eemplinirii a 10 ani de la proclamarea canoniz\u0103rii Sf\u00e2ntului Ierarh Gavriil, primul Mitropolit al Chi\u0219in\u0103ului \u0219i al Hotinului.<\/p>\n<p>\u00cen aceast\u0103 zi, ne vom uni \u00een rug\u0103ciune la Sf\u00e2nta \u0219i Dumnezeiasca Liturghie, care va fi oficiat\u0103 \u00een sobor de arhierei, stare\u021bi, protopopi \u0219i preo\u021bi, \u00een frunte cu \u00cenaltpreasfin\u021bitul Vladimir, mitropolitul Chi\u0219in\u0103ului \u0219i al \u00eentregii Moldove.<\/p>\n<p><strong>Programul s\u0103rb\u0103torii:<\/strong><\/p>\n<p>08:00 \u2013 \u00cent\u00e2mpinarea arhiereilor<\/p>\n<p>08:45 \u2013 \u00cent\u00e2mpinarea \u00cenaltpreasfin\u021bitului mitropolit Vladimir<\/p>\n<p>09:00 \u2013 Sf\u00e2nta \u0219i Dumnezeiasca Liturghie<\/p>\n<p>11:00 \u2013 Agap\u0103 fr\u0103\u021beasc\u0103 pentru pelerini<\/p>\n<p><a href=\"https:\/\/mitropolia.md\/invitatie-la-marea-sarbatoare-de-la-capriana-10-ani-de-la-canonizarea-sfantului-ierarh-gavriil-banulescu-bodoni\/\"><strong><em>V\u0103 invit\u0103m<\/em><\/strong><\/a> s\u0103 ne fi\u021bi al\u0103turi \u00een aceast\u0103 zi de s\u0103rb\u0103toare, pentru a \u00een\u0103l\u021ba \u00eempreun\u0103 rug\u0103ciuni \u0219i a aduce cinstire Sf\u00e2ntului Ierarh Gavriil. V\u0103 a\u0219tept\u0103m cu drag la M\u0103n\u0103stirea C\u0103priana!<\/p>\n<p>Cu via\u021ba Sf\u00e2ntului Ierarh Gavriil (B\u0103nulescu-Bodoni) pute\u021bi lua cuno\u0219tin\u021b\u0103 <a href=\"https:\/\/mitropolia.md\/viata-sfantului-ierarh-gavriil-banulescu-bodoni\/\"><strong><em>aici<\/em><\/strong><\/a>.<\/p>\n","protected":false},"excerpt":{"rendered":"<p>10 ani de la canonizarea Sf\u00e2ntului Ierarh Gavriil (B\u0103nulescu-Bodoni) La 3 septembrie 2026, Biserica Ortodox\u0103 din Moldova s\u0103v\u00e2r\u0219e\u0219te pr\u0103znuirea Sf\u00e2ntului Ierarh Gavriil&hellip;<\/p>\n","protected":false},"author":3,"featured_media":40790,"comment_status":"open","ping_status":"closed","sticky":false,"template":"","format":"standard","meta":{"_lmt_disableupdate":"","_lmt_disable":"","slim_seo":{"title":"Invita\u021bie la marea s\u0103rb\u0103toare de la C\u0103priana - traditia.md","description":"10 ani de la canonizarea Sf\u00e2ntului Ierarh Gavriil ( B\u0103nulescu-Bodoni ) La 3 septembrie 2026, Biserica Ortodox\u0103 din Moldova s\u0103v\u00e2r\u0219e\u0219te pr\u0103znuirea Sf\u00e2ntului Ierar"},"footnotes":""},"categories":[39,38],"tags":[],"class_list":["post-40792","post","type-post","status-publish","format-standard","has-post-thumbnail","hentry","category-biserica-si-societatea","category-stiri"],"_links":{"self":[{"href":"https:\/\/traditia.md\/ro\/wp-json\/wp\/v2\/posts\/40792","targetHints":{"allow":["GET"]}}],"collection":[{"href":"https:\/\/traditia.md\/ro\/wp-json\/wp\/v2\/posts"}],"about":[{"href":"https:\/\/traditia.md\/ro\/wp-json\/wp\/v2\/types\/post"}],"author":[{"embeddable":true,"href":"https:\/\/traditia.md\/ro\/wp-json\/wp\/v2\/users\/3"}],"replies":[{"embeddable":true,"href":"https:\/\/traditia.md\/ro\/wp-json\/wp\/v2\/comments?post=40792"}],"version-history":[{"count":1,"href":"https:\/\/traditia.md\/ro\/wp-json\/wp\/v2\/posts\/40792\/revisions"}],"predecessor-version":[{"id":40793,"href":"https:\/\/traditia.md\/ro\/wp-json\/wp\/v2\/posts\/40792\/revisions\/40793"}],"wp:featuredmedia":[{"embeddable":true,"href":"https:\/\/traditia.md\/ro\/wp-json\/wp\/v2\/media\/40790"}],"wp:attachment":[{"href":"https:\/\/traditia.md\/ro\/wp-json\/wp\/v2\/media?parent=40792"}],"wp:term":[{"taxonomy":"category","embeddable":true,"href":"https:\/\/traditia.md\/ro\/wp-json\/wp\/v2\/categories?post=40792"},{"taxonomy":"post_tag","embeddable":true,"href":"https:\/\/traditia.md\/ro\/wp-json\/wp\/v2\/tags?post=40792"}],"curies":[{"name":"wp","href":"https:\/\/api.w.org\/{rel}","templated":true}]}}