{"id":4039,"date":"2022-04-21T14:02:33","date_gmt":"2022-04-21T11:02:33","guid":{"rendered":"https:\/\/traditia.md\/?p=4039"},"modified":"2022-04-21T14:05:19","modified_gmt":"2022-04-21T11:05:19","slug":"lumina-harica-vine-doar-de-la-dumnezeu-prin-tainele-savarsite-de-biserica","status":"publish","type":"post","link":"https:\/\/traditia.md\/ro\/lumina-harica-vine-doar-de-la-dumnezeu-prin-tainele-savarsite-de-biserica\/","title":{"rendered":"Lumina haric\u0103 vine doar de la Dumnezeu prin Tainele s\u0103v\u00e2r\u0219ite de Biseric\u0103"},"content":{"rendered":"<p><strong><em>Ultimile zile prin pres\u0103 a \u00eenceput s\u0103 circule informa\u021bia potrivit c\u0103reia anul acesta Mitropolia Chi\u0219in\u0103ului \u0219i a Moldovei nu inten\u021bioneaz\u0103 s\u0103 aduc\u0103 focul haric de la Ierusalim. Pe de alt\u0103 parte, unele surse deja au anun\u021bat c\u0103 \u00een seara \u00eenvierii, \u00eenainte de \u00eenceputul slujbelor praznicale, acest foc va putea fi preluat din Catedrala mitropolitan\u0103 \u201eNa\u0219terea Domnului\u201d.<\/em><\/strong><\/p>\n<p>\u201eTradi\u021bia\u201d a hot\u0103r\u00e2t s\u0103 afle opinia parohilor de la dou\u0103 din comunit\u0103\u021bile ortodoxe cunoscute din capital\u0103 referitor la semnifica\u021bia \u0219i necesitatea aducerii anuale a focului tocmai de la Ierusalim.<\/p>\n<p>&nbsp;<\/p>\n<p><strong><img fetchpriority=\"high\" decoding=\"async\" class=\"size-medium wp-image-4035 alignleft\" src=\"https:\/\/traditia.md\/wp-content\/uploads\/2022\/04\/otecz_nikolaj-300x300.jpg\" alt=\"\" width=\"300\" height=\"300\" srcset=\"https:\/\/traditia.md\/wp-content\/uploads\/2022\/04\/otecz_nikolaj-300x300.jpg 300w, https:\/\/traditia.md\/wp-content\/uploads\/2022\/04\/otecz_nikolaj-150x150.jpg 150w, https:\/\/traditia.md\/wp-content\/uploads\/2022\/04\/otecz_nikolaj.jpg 396w\" sizes=\"(max-width: 300px) 100vw, 300px\" \/>Protoiereul Nicolai (Florinschi), parohul bisericii \u201eSf\u00e2ntul Mare Mucenic Gheorghe\u201d din Chi\u0219in\u0103u: <\/strong><\/p>\n<p>&#8211; Se apropie s\u0103rb\u0103toarea Pa\u0219telui. Este cea mai mare s\u0103rb\u0103toare \u00een Biserica noastr\u0103 Ortodox\u0103 \u2013 Pa\u0219tele lui Hristos. \u00ce\u0219i trage originea din Testamentul Vechi. \u00cen Testamentul Vechi cuv\u00e2ntul \u201ePa\u0219te\u201d semnific\u0103 \u201e a trece pe al\u0103turi\u201d. \u0218i este legat de cele zece cazne pe care Domnul le-a trimis egiptenilor. A zecea a fost moartea pruncilor. Domnul le-a poruncit iudeilor s\u0103 preg\u0103teasc\u0103 c\u00e2te un miel \u2013 curat, neprih\u0103nit, cu v\u00e2rsta de un an \u2013 \u0219i cu s\u00e2ngele acelui miel s\u0103 ung\u0103 u\u0219oarele u\u0219ilor \u0219i c\u00e2nd \u00cengerul mor\u021bii va merge, v\u0103z\u00e2nd acel semn, s\u0103 treac\u0103 pe al\u0103turi.<\/p>\n<p>\u00censu\u0219i Hristos este simbolul acelui miel, care \u0218i-a adus s\u00e2ngele S\u0103u \u00eentru r\u0103scump\u0103rarea tuturor oamenilor \u0219i de aceea credincio\u0219ii care cred \u00een Hristos Cel \u00cenviat, crez\u00e2nd c\u0103 se \u00eemp\u0103rt\u0103\u0219esc cu Trupul \u0219i S\u00e2ngele Lui, devin sfin\u021bi pentru Dumnezeu.<\/p>\n<p>Imediat dup\u0103 \u00eenvierea lui Hristos aceast\u0103 s\u0103rb\u0103toare a fost r\u0103sp\u00e2ndit\u0103 de apostoli \u00een toat\u0103 lumea. Acest eveniment a devenit cel mai important, a devenit piatra unghiular\u0103 a credin\u021bei noastre. Apostolul Pavel spune: <em>\u201e\u0218i dac\u0103 Hristos n-a \u00eenviat [&#8230;] z\u0103darnic\u0103 este \u0219i credin\u021ba voastr\u0103\u201d.<\/em> (I Cor. 15:14).<\/p>\n<p>P\u00e2n\u0103 la primul Sobor Ecumenic care s-a desf\u0103\u0219urat \u00een Niceea \u00een a. 321 toate Bisericile Locale \u2013 a Romei, a Alexandriei, a Antiohiei, a Ciprului \u2013 s\u0103rb\u0103toreau Pa\u0219tele \u00een diferit timp.<\/p>\n<p>Pe atunci nu exista o zi unic\u0103 pentru s\u0103rb\u0103torirea Pa\u0219telui. \u0218i doar la Primul Sobor Ecumenic s-a luat hot\u0103r\u00e2rea ca Pa\u0219tele s\u0103 fie s\u0103rb\u0103torit de to\u021bi \u00eempreun\u0103 \u0219i \u00een acela\u0219i timp. \u0218i va fi dup\u0103 luna plin\u0103 care va surveni dup\u0103 ziua echinoc\u021biului de prim\u0103var\u0103, obligatoriu dup\u0103 Pa\u0219tele iudaic \u0219i numaidec\u00e2t \u00een zi de duminic\u0103, \u00een perioada \u00eentre 4 aprilie \u0219i 8 mai. Calcularea zilei \u00een care va nimeri Pa\u0219tele a fost \u00eencredin\u021bat\u0103 Bisericii Alexandriei \u00een care, \u00een acele vremuri, era dezvoltat\u0103 astronomia \u0219i erau mul\u021bi clerici \u0219tiutori de carte. Papa \u0219i patriarhul Alexandriei trimiteau scrisori \u0219i calcule cu data Pa\u0219telui \u0219i to\u021bi s\u0103rb\u0103toreau Pa\u0219tele \u00een aceea\u0219i zi.<\/p>\n<p>Este firesc c\u0103 pe atunci nimeni nu a auzit de Focul Haric. Nu exista pogor\u00e2rea Focului Haric, deoarece p\u00e2n\u0103 \u00een a. 326 nu existau \u00eenc\u0103 biserici. Doar dup\u0103 Soborul Ecumenic, c\u00e2nd s\u0103rb\u0103toarea Pa\u0219telui a \u00eenceput s\u0103 fie pr\u0103znuit\u0103 de toate Bisericile concomitent \u2013 de cea a Ierusalimului, a Alexandriei, a Antiohiei, a Romei \u2013 \u00eemp\u0103r\u0103teasa Elena \u00een a. 326 a \u00eenceput ridicarea Bisericii Sf\u00e2ntului Morm\u00e2nt (Catedrala \u201e\u00cenvierea Domnului\u201d). Cea mai timpurie pomenire a Focului Haric dateaz\u0103 din sec. al 4-lea la istoricul bisericesc Eusebiu din Cezareea.<\/p>\n<p>Denumirea focului din limba greac\u0103 se traduce \u2013 \u201er\u00e2nduiala Sfintei lumini\u201d. Este de \u00een\u021beles c\u0103 el a devenit pentru to\u021bi cre\u0219tinii un simbol aparte. Este simbolul principal al \u00cenvierii lui Hristos.<\/p>\n<p>Dar niciun fel de simbol nu ne poate \u00eenlocui pe \u00censu\u0219i Domnul nostru Iisus Hristos cel \u00cenviat! Pe c\u00e2nd la noi, spre regret, s\u0103rb\u0103toarea Pa\u0219telui se \u00eencearc\u0103 a fi \u00eenlocuit\u0103 cu diferite simboluri.<\/p>\n<p>\u00cen ultimul timp a devenit popular de adus Focul Haric din Ierusalim. \u0218i mul\u021bi au \u00eenceput s\u0103 cread\u0103 c\u0103 f\u0103r\u0103 de acest foc Pa\u0219tele nu este Pa\u0219te \u0219i c\u0103 va surveni sf\u00e2r\u0219itul lumii \u0219i de aceea nu e voie de s\u0103rb\u0103torit. Este cu totul incorect. Deoarece noi nu suntem \u00eenchin\u0103tori la foc, noi ne \u00eenchin\u0103m lui Hristos cel \u00cenviat.<\/p>\n<p>Pe parcursul a 40 de ani eu slujesc la altar. Am \u00eenceput s\u0103 slujesc ca preot \u00eenc\u0103 \u00een perioada sovietic\u0103 \u0219i pe atunci nu am auzit de niciun fel de Foc Haric, chiar \u0219i de la televizor, cu at\u00e2t mai mult c\u0103 nimeni nu \u00eel aducea la noi. Cu toate acestea, Pa\u0219tele era ziua cea mai m\u0103rea\u021b\u0103, cea mai \u00eembucur\u0103toare, cea mai luminoas\u0103.<\/p>\n<p>Preotul, c\u00e2nd iese la procesiunea Drumului Crucii, \u021bine \u00een m\u00e2ini sfe\u0219nicul cu trei lum\u00e2n\u0103ri, tricherul, care simbolizeaz\u0103 Lumina lui Hristos care \u00eei lumineaz\u0103 pe to\u021bi, Lumina care s-a aprins la Morm\u00e2ntul Domnului. Iar cele trei lum\u00e2n\u0103ri simbolizeaz\u0103 pe Domnul cel \u00cenviat dup\u0103 trei zile. \u0218i bine\u00een\u021beles c\u0103 \u00een vremurile noastre ne este pl\u0103cut, c\u00e2nd de la Sf\u00e2ntul Morm\u00e2nt din Ierusalim este adus Focul Haric sau r\u00e2nduiala Sfintei Lumini, cum este numit de greci. \u00cens\u0103 noi credem nu \u00een focul ca atare, dar credem \u00een Hristosul cel \u00cenviat.<\/p>\n<p>Ce poate duce la \u00eenlocuirea \u00eenchin\u0103rii adev\u0103rate lui Dumnezeu? C\u00e2nd \u00eencepem ca \u0219i oamenii supersti\u021bio\u0219i s\u0103 ne \u00eenchin\u0103m la ceva material \u0219i neesen\u021bial \u2013 aceasta distruge \u00een noi credin\u021ba. De pild\u0103, se mai \u00eent\u00e2mpl\u0103 c\u0103 unele persoane, chiar \u00een aeroport, primesc de la episcop Focul Haric, \u00eel duc acas\u0103, imediat se a\u0219az\u0103 la mas\u0103 \u2013 pentru ei Pa\u0219tele deja a venit. Haide, toarn\u0103 \u0219i bea!<\/p>\n<p>Pe c\u00e2nd noi, cre\u0219tinii, ne adun\u0103m anume \u00een biserici, \u00een casele Domnului, unde se s\u0103v\u00e2r\u0219e\u0219te slujba dumnezeiasc\u0103, unde oamenii sunt uni\u021bi \u00een duh \u0219i, r\u0103spunz\u00e2nd la cuvintele preotului \u201eHristos a \u00cenviat!\u201d, r\u0103spund: \u201eAdev\u0103rat a \u00cenviat!\u201d Unde oamenii se \u00eemp\u0103rt\u0103\u0219esc cu Trupul \u0219i S\u00e2ngele lui Dumnezeu cel Adev\u0103rat, unde devin un tot \u00eentreg \u0219i abia dup\u0103 aceasta sunt sfin\u021bite bucatele \u0219i b\u0103uturile noastre de s\u0103rb\u0103toare, pe care le ducem pe la casele noastre \u0219i \u00eembuc\u0103m din ele.<\/p>\n<p>\u00cenc\u0103 odat\u0103 v\u0103 amintesc c\u0103 piatra unghiular\u0103 a credin\u021bei noastre este Hristos cel \u00cenviat. Dac\u0103 El nu ar fi \u00eenviat, voi repeta cuvintele apostolului Pavel, cu totul z\u0103darnic\u0103 ar fi credin\u021ba noastr\u0103.<\/p>\n<p>\u00cen ajunul acestei s\u0103rb\u0103tori mari vreai s\u0103 v\u0103 felicit pe to\u021bi cu prilejul luminoasei \u00cenvieri a lui Hristos. \u00cen aceast\u0103 via\u021b\u0103 se \u00eent\u00e2mpl\u0103 de toate: \u0219i distrugeri, \u0219i nenorociri, \u0219i calamit\u0103\u021bi naturale, \u0219i epidemii, \u0219i r\u0103zboaie. Dar de aceea a \u0219i venit \u00een aceast\u0103 lume Hristos, pentru a lua asupra Sa p\u0103catele tuturor oamenilor \u0219i a deschide pentru noi to\u021bi calea cea adev\u0103rat\u0103, unde El va fi Lumina pentru via\u021ba cea de veci. De aceea Pa\u0219tele pentru noi este cea mai mare s\u0103rb\u0103toare, pe care noi, \u00een calitate de cre\u0219tini, trebuie s\u0103 o \u00eent\u00e2mpin\u0103m \u0219i s\u0103 o s\u0103rb\u0103torim cu dragoste imens\u0103 \u00een inima noastr\u0103!<\/p>\n<p>&nbsp;<\/p>\n<p><strong><img decoding=\"async\" class=\"size-medium wp-image-4037 alignleft\" src=\"https:\/\/traditia.md\/wp-content\/uploads\/2022\/04\/otecz_pavel-300x272.jpg\" alt=\"\" width=\"300\" height=\"272\" srcset=\"https:\/\/traditia.md\/wp-content\/uploads\/2022\/04\/otecz_pavel-300x272.jpg 300w, https:\/\/traditia.md\/wp-content\/uploads\/2022\/04\/otecz_pavel.jpg 445w\" sizes=\"(max-width: 300px) 100vw, 300px\" \/>Protoiereul Pavel Bor\u0219evschi, paroh al bisericii \u201eSf\u00e2ntul Mare Mucenic Dimitrie\u201d din Chi\u0219in\u0103u: <\/strong><\/p>\n<p>\u201eLumina adevarata este Hristos. Noi am dobandit-o in sufletele noastre atunci cand ne-am marturisit, ne-am impartasit cu Sfintele Taine pe parcursul Postului Mare. Toate cele 7 Taine sunt izvor\u00e2toare de har. Celelalte sunt ierurgii. Oamenii \u00eens\u0103 caut\u0103 minuni \u0219i aceasta este pacat. Nu exista ceva mai presus ca noaptea \u00cenvierii \u0219i ca Hristos. C\u00e2t prive\u0219te informa\u021bia c\u0103 anul acesta focul va fi adus nu de c\u0103tre Mitropolia Moldovei, ci de alte organiza\u021bii, este \u00een dreptul lor. Focul poate fi adus de oricine dore\u0219te.<\/p>\n<p>\u00cen acela\u0219i timp, trist este c\u0103 se pune un accent at\u00e2t de mare pe a\u0219a-zisa lumina haric\u0103 \u0219i c\u0103 unii condi\u021bioneaz\u0103 s\u0103rb\u0103toarea \u00cenvierii lui Hristos de acest foc, adus de la Ierusalim. Lumina haric\u0103 vine doar de la Domnul Dumnezeu prin Sfintele Taine ale Bisericii \u0219i nu poate fi redus\u0103 la lucruri materiale.<\/p>\n<p>Trebuie s\u0103 \u0219tim c\u0103 masa sf\u00e2nt\u0103 din altar pre\u00eenchipuie Morm\u00e2ntul lui Hristos \u0219i pe aceast\u0103 mas\u0103, numit\u0103 pristol, arde o candel\u0103, lumina c\u0103reia este alimentat\u0103, pe parcursul \u00eentregului Post Mare, de rug\u0103ciunile credincio\u0219ilor, iar \u00een noaptea \u00cenvierii, la \u00eenceputul Slujbei de Pa\u0219ti, preotul din aceast\u0103 lumin\u0103 \u00eemparte credincio\u0219ilor, ca simbol al \u00cenvierii.<\/p>\n<p>\u021ain\u00e2nd cont de acestea, noi nu avem nevoie de focul de la Ierusalim, c\u0103 noi nu suntem \u00eenchin\u0103tori la foc, ci credincio\u0219i M\u00e2ntuitorului Hristos, care prin Moartea \u0219i \u00cenvierea Sa a omor\u00e2t moartea noastr\u0103 \u0219i ne-a d\u0103ruit via\u021b\u0103 ve\u0219nic\u0103\u201d.<\/p>\n","protected":false},"excerpt":{"rendered":"<p>Ultimile zile prin pres\u0103 a \u00eenceput s\u0103 circule informa\u021bia potrivit c\u0103reia anul acesta Mitropolia Chi\u0219in\u0103ului \u0219i a Moldovei nu inten\u021bioneaz\u0103 s\u0103 aduc\u0103&hellip;<\/p>\n","protected":false},"author":3,"featured_media":4033,"comment_status":"open","ping_status":"closed","sticky":false,"template":"","format":"standard","meta":{"_lmt_disableupdate":"","_lmt_disable":"","slim_seo":{"title":"Lumina haric\u0103 vine doar de la Dumnezeu prin Tainele s\u0103v\u00e2r\u0219ite de Biseric\u0103 - traditia.md","description":"Ultimile zile prin pres\u0103 a \u00eenceput s\u0103 circule informa\u021bia potrivit c\u0103reia anul acesta Mitropolia Chi\u0219in\u0103ului \u0219i a Moldovei nu inten\u021bioneaz\u0103 s\u0103 aduc\u0103 focul haric"},"footnotes":""},"categories":[40,38],"tags":[534,536,537,538,535],"class_list":["post-4039","post","type-post","status-publish","format-standard","has-post-thumbnail","hentry","category-apararea-credintei","category-stiri","tag-lumina-harica","tag-lumina-lui-hristos","tag-protoiereul-nicolai-florinschi","tag-protoiereul-pavel-borsevschi","tag-sarbatoarea-pastelui"],"_links":{"self":[{"href":"https:\/\/traditia.md\/ro\/wp-json\/wp\/v2\/posts\/4039","targetHints":{"allow":["GET"]}}],"collection":[{"href":"https:\/\/traditia.md\/ro\/wp-json\/wp\/v2\/posts"}],"about":[{"href":"https:\/\/traditia.md\/ro\/wp-json\/wp\/v2\/types\/post"}],"author":[{"embeddable":true,"href":"https:\/\/traditia.md\/ro\/wp-json\/wp\/v2\/users\/3"}],"replies":[{"embeddable":true,"href":"https:\/\/traditia.md\/ro\/wp-json\/wp\/v2\/comments?post=4039"}],"version-history":[{"count":0,"href":"https:\/\/traditia.md\/ro\/wp-json\/wp\/v2\/posts\/4039\/revisions"}],"wp:featuredmedia":[{"embeddable":true,"href":"https:\/\/traditia.md\/ro\/wp-json\/wp\/v2\/media\/4033"}],"wp:attachment":[{"href":"https:\/\/traditia.md\/ro\/wp-json\/wp\/v2\/media?parent=4039"}],"wp:term":[{"taxonomy":"category","embeddable":true,"href":"https:\/\/traditia.md\/ro\/wp-json\/wp\/v2\/categories?post=4039"},{"taxonomy":"post_tag","embeddable":true,"href":"https:\/\/traditia.md\/ro\/wp-json\/wp\/v2\/tags?post=4039"}],"curies":[{"name":"wp","href":"https:\/\/api.w.org\/{rel}","templated":true}]}}