{"id":39439,"date":"2026-04-30T09:32:25","date_gmt":"2026-04-30T06:32:25","guid":{"rendered":"https:\/\/traditia.md\/?p=39439"},"modified":"2026-04-30T09:33:16","modified_gmt":"2026-04-30T06:33:16","slug":"parintele-pimen-vlad-doamne-ajuta-ne-sa-traim-ziua-aceasta-impreuna-cu-tine","status":"publish","type":"post","link":"https:\/\/traditia.md\/ro\/parintele-pimen-vlad-doamne-ajuta-ne-sa-traim-ziua-aceasta-impreuna-cu-tine\/","title":{"rendered":"P\u0103rintele Pimen Vlad: Doamne, ajut\u0103-ne s\u0103 tr\u0103im ziua aceasta \u00eempreun\u0103 cu Tine"},"content":{"rendered":"<p>Iat\u0103, dragii mei, cum se deschid zorii unei noi zile\u2026 \u0219i iar\u0103\u0219i ne-a ridicat Dumnezeu din somn, ne-a d\u0103ruit suflare \u0219i lumin\u0103. Ne oprim o clip\u0103 \u0219i spunem din inim\u0103: Doamne, mul\u021bumim pentru aceast\u0103 diminea\u021b\u0103! Pentru c\u0103 ne-ai trezit, pentru c\u0103 ne-ai p\u0103zit peste noapte \u0219i pentru c\u0103 ne-ai mai dat \u00eenc\u0103 o zi \u00een care putem s\u0103 \u00eendrept\u0103m, s\u0103 iubim \u0219i s\u0103 tr\u0103im mai aproape de Tine.<\/p>\n<p>\u0218i dac\u0103 privim cu aten\u021bie, chiar de la \u00eenceputul zilei sim\u021bim c\u0103 nu suntem singuri. \u00cen lini\u0219tea aceasta a dimine\u021bii, \u00een pacea care se a\u0219az\u0103 \u00eencet \u00een suflet, \u00een g\u00e2ndurile care se limpezesc, acolo este Dumnezeu lucr\u00e2nd. Ne d\u0103 putere pentru ce urmeaz\u0103, ne \u00eent\u0103re\u0219te f\u0103r\u0103 zgomot \u0219i ne preg\u0103te\u0219te pentru tot ce va veni. Chiar dac\u0103 nu \u0219tim cum va fi ziua, \u0219tim c\u0103 nu o vom duce singuri.<\/p>\n<p>De aceea, s\u0103 pornim cu inim\u0103 curat\u0103 \u0219i cu n\u0103dejde. S\u0103 cerem: Doamne, ajut\u0103-ne s\u0103 tr\u0103im frumos ziua aceasta, s\u0103 vorbim cu bl\u00e2nde\u021be, s\u0103 fim r\u0103bd\u0103tori \u0219i s\u0103 nu pierdem pacea. P\u0103ze\u0219te-ne de r\u0103u, lumineaz\u0103-ne pa\u0219ii \u0219i r\u0103m\u00e2i cu noi \u00een toate. Iar seara, s\u0103 putem spune c\u0103 am trecut prin aceast\u0103 zi \u00eempreun\u0103 cu Tine.<\/p>\n<p style=\"text-align: right;\">Sursa: <a href=\"https:\/\/www.facebook.com\/share\/p\/1DnFEL1RH8\/\"><strong><em>Facebook<\/em><\/strong><\/a><\/p>\n","protected":false},"excerpt":{"rendered":"<p>Iat\u0103, dragii mei, cum se deschid zorii unei noi zile\u2026 \u0219i iar\u0103\u0219i ne-a ridicat Dumnezeu din somn, ne-a d\u0103ruit suflare \u0219i lumin\u0103.&hellip;<\/p>\n","protected":false},"author":3,"featured_media":39437,"comment_status":"open","ping_status":"closed","sticky":false,"template":"","format":"standard","meta":{"_lmt_disableupdate":"","_lmt_disable":"","slim_seo":{"title":"P\u0103rintele Pimen Vlad: Doamne, ajut\u0103-ne s\u0103 tr\u0103im ziua aceasta \u00eempreun\u0103 cu Tine - traditia.md","description":"Iat\u0103, dragii mei, cum se deschid zorii unei noi zile\u2026 \u0219i iar\u0103\u0219i ne-a ridicat Dumnezeu din somn, ne-a d\u0103ruit suflare \u0219i lumin\u0103. Ne oprim o clip\u0103 \u0219i spunem din in"},"footnotes":""},"categories":[40,38],"tags":[],"class_list":["post-39439","post","type-post","status-publish","format-standard","has-post-thumbnail","hentry","category-apararea-credintei","category-stiri"],"_links":{"self":[{"href":"https:\/\/traditia.md\/ro\/wp-json\/wp\/v2\/posts\/39439","targetHints":{"allow":["GET"]}}],"collection":[{"href":"https:\/\/traditia.md\/ro\/wp-json\/wp\/v2\/posts"}],"about":[{"href":"https:\/\/traditia.md\/ro\/wp-json\/wp\/v2\/types\/post"}],"author":[{"embeddable":true,"href":"https:\/\/traditia.md\/ro\/wp-json\/wp\/v2\/users\/3"}],"replies":[{"embeddable":true,"href":"https:\/\/traditia.md\/ro\/wp-json\/wp\/v2\/comments?post=39439"}],"version-history":[{"count":1,"href":"https:\/\/traditia.md\/ro\/wp-json\/wp\/v2\/posts\/39439\/revisions"}],"predecessor-version":[{"id":39440,"href":"https:\/\/traditia.md\/ro\/wp-json\/wp\/v2\/posts\/39439\/revisions\/39440"}],"wp:featuredmedia":[{"embeddable":true,"href":"https:\/\/traditia.md\/ro\/wp-json\/wp\/v2\/media\/39437"}],"wp:attachment":[{"href":"https:\/\/traditia.md\/ro\/wp-json\/wp\/v2\/media?parent=39439"}],"wp:term":[{"taxonomy":"category","embeddable":true,"href":"https:\/\/traditia.md\/ro\/wp-json\/wp\/v2\/categories?post=39439"},{"taxonomy":"post_tag","embeddable":true,"href":"https:\/\/traditia.md\/ro\/wp-json\/wp\/v2\/tags?post=39439"}],"curies":[{"name":"wp","href":"https:\/\/api.w.org\/{rel}","templated":true}]}}