{"id":39407,"date":"2026-04-28T12:49:14","date_gmt":"2026-04-28T09:49:14","guid":{"rendered":"https:\/\/traditia.md\/?p=39407"},"modified":"2026-04-28T12:49:14","modified_gmt":"2026-04-28T09:49:14","slug":"lumina-invierii-in-sufletele-noastre","status":"publish","type":"post","link":"https:\/\/traditia.md\/ro\/lumina-invierii-in-sufletele-noastre\/","title":{"rendered":"Lumina \u00eenvierii \u00een sufletele noastre"},"content":{"rendered":"<p><strong><span style=\"font-size: 12pt;\">Mul\u021bumim tuturor care au fost al\u0103turi de noi \u00een cadrul \u0219edin\u021bei Cenaclului literar-cre\u0219tin \u201eCuv\u00e2ntul\u201d cu genericul \u201eC\u00e2\u021bi \u00een Hristos v-a\u021bi botezat, \u00een Hristos v-a\u021bi \u0219i \u00eembr\u0103cat\u201d, desf\u0103\u0219urat\u0103 \u00een Duminica a III-a dup\u0103 Pa\u0219ti, a Femeilor Mironosi\u021be. Prezentat\u0103 de pre\u0219edintele cenaclului scriitoarea Raisa PL\u0102IE\u0218U, \u0219edin\u021ba a luat forma unui dialog cre\u0219tin, rev\u0103rs\u00e2nd lumin\u0103 \u00een sufletele celor prezen\u021bi.<\/span> <\/strong><\/p>\n<p><em>\u201eC\u00e2\u021bi \u00een Hristos v-a\u021bi botezat, \u00een Hristos v-a\u021bi \u0219i \u00eembr\u0103cat\u201d<\/em> \u2013 aceast\u0103 tem\u0103 reluat\u0103 \u00een discu\u021bie \u00een cadrul cenaclului, ne introduce \u00een taina profund\u0103 a Botezului, care nu este doar un ritual, ci o na\u0219tere duhovniceasc\u0103. Prin Botez, omul nu doar m\u0103rturise\u0219te credin\u021ba, ci se une\u0219te cu Hristos, \u00eembr\u0103c\u00e2ndu-se \u00een lumina, iubirea \u0219i adev\u0103rul Lui. Aceast\u0103 \u201e\u00eembr\u0103care\u201d \u00een Hristos \u00eenseamn\u0103 o schimbare l\u0103untric\u0103, o chemare la o via\u021b\u0103 nou\u0103, tr\u0103it\u0103 \u00een cur\u0103\u021bie, smerenie \u0219i iubire fa\u021b\u0103 de Dumnezeu \u0219i fa\u021b\u0103 de aproapele. Astfel, fiecare cre\u0219tin este chemat s\u0103 reflecte \u00een via\u021ba sa chipul lui Hristos, devenind purt\u0103tor de har \u0219i m\u0103rturisitor al credin\u021bei \u00een lume.<\/p>\n<p>Protagonistele programului cenaclului: Valeria BUJOR, poet\u0103 \u0219i interpret\u0103 \u0219i Maria ME\u0218IN\u0102, poet\u0103, ne-au bucurat cu c\u00e2ntece cre\u0219tine \u0219i lansarea c\u0103r\u021bii pentru copii <em>\u201eLumina din inima mea\u201d, <\/em>\u00a0pentru care le mul\u021bumim din suflet, ambele primind \u0219i diplome de gratitudine. Cu drag le mul\u021bumim vorbitorilor care au prezentat discursuri literare \u0219i recitaluri de poezie din crea\u021bie proprie: Valentin ASTAFIEV, poet; Cristina Ciobanu, prozatoare \u0219i poet\u0103; Nina CARAMAN, poet\u0103 \u0219i avocat\u0103; Cristian PL\u0102IE\u0218U, fotograf artistic \u0219i poet; Raisa PL\u0102M\u0102DEAL\u0102, poet\u0103; Nadina MUTAF-SC\u00c2NTEIANU, poet\u0103; Larisa BUGA, profesoar\u0103; Emilia MARANDIUC, profesoar\u0103 de religie.<\/p>\n<p>De asemenea mul\u021bumim tuturor copiilor pentru recitalurile superbe de poezie din cartea autoarei Maria ME\u0218IN\u0102 \u201eLumina din inima mea\u201d \u0219i din crea\u021bie proprie: Cenaclului literar-cre\u0219tin \u201eLumin\u0103 din lumin\u0103\u201d, IPLT \u201ePrincipesa Natalia Dadiani\u201d, Chi\u0219in\u0103u, condus de\u00a0 Emilia MARANDIUC, profesoar\u0103 de religie, pre\u0219edintele Cenaclului literar-cre\u0219tin \u201eLumin\u0103 din lumin\u0103\u201d; \u0218coala de Arte \u201eValeriu Poleacov\u201d din Chi\u0219in\u0103u, unde copiii au fost preg\u0103ti\u021bi \u0219i ghida\u021bi de Liuba CERNOMORE\u021a, profesoar\u0103 de art\u0103 teatral\u0103 de la aceea\u0219i \u0219coal\u0103. De asemenea mul\u021bumim Biblioteecii Publice \u201eOnisifor Ghibu\u201d pentru g\u0103zduire \u0219i ospitalitate!<\/p>\n<p>A te \u00eembr\u0103ca \u00een Hristos \u00eenseamn\u0103 s\u0103 nu la\u0219i profesia s\u0103 te r\u0103ceasc\u0103, ci s\u0103 la\u0219i credin\u021ba s\u0103-\u021bi \u00eenc\u0103lzeasc\u0103 profesia. S\u0103 nu devii indiferent \u00een fa\u021ba r\u0103ului, ci s\u0103 r\u0103m\u00e2i viu \u00een fa\u021ba binelui. \u00cen fiecare zi, via\u021ba ne ofer\u0103 ocazia de a ne \u00eentreba:<\/p>\n<p>Sunt eu \u00eembr\u0103cat \u00een Hristos doar prin nume, sau \u0219i prin via\u021b\u0103? Se vede \u00een mine bl\u00e2nde\u021bea Lui? Dreptatea Lui? Iubirea Lui? Pentru c\u0103 adev\u0103rata hain\u0103 nu este cea v\u0103zut\u0103, ci cea a inimii.<\/p>\n<p>S\u0103 ne str\u0103duim, a\u0219adar, ca aceast\u0103 hain\u0103 primit\u0103 la Botez s\u0103 nu se p\u0103teze prin nep\u0103sare, ci s\u0103 se lumineze prin fapte bune, prin adev\u0103r \u0219i prin iubire. \u0218i atunci, oriunde vom fi \u2013 \u00een familie, \u00een profesie, \u00een societate \u2013 vom deveni nu doar oameni ai cet\u0103\u021bii, ci oamenii lui Hristos.<\/p>\n<p style=\"text-align: right;\"><strong><em>Raisa Pl\u0103ie\u0219u, <br \/>\npentru Traditia.md<\/em><\/strong><\/p>\n","protected":false},"excerpt":{"rendered":"<p>Mul\u021bumim tuturor care au fost al\u0103turi de noi \u00een cadrul \u0219edin\u021bei Cenaclului literar-cre\u0219tin \u201eCuv\u00e2ntul\u201d cu genericul \u201eC\u00e2\u021bi \u00een Hristos v-a\u021bi botezat, \u00een&hellip;<\/p>\n","protected":false},"author":3,"featured_media":39408,"comment_status":"open","ping_status":"closed","sticky":false,"template":"","format":"standard","meta":{"_lmt_disableupdate":"","_lmt_disable":"","slim_seo":{"title":"Lumina \u00eenvierii \u00een sufletele noastre - traditia.md","description":"Mul\u021bumim tuturor care au fost al\u0103turi de noi \u00een cadrul \u0219edin\u021bei Cenaclului literar-cre\u0219tin \u201eCuv\u00e2ntul\u201d cu genericul \u201eC\u00e2\u021bi \u00een Hristos v-a\u021bi botezat, \u00een Hristos v-"},"footnotes":""},"categories":[44,38],"tags":[],"class_list":["post-39407","post","type-post","status-publish","format-standard","has-post-thumbnail","hentry","category-actualitate","category-stiri"],"_links":{"self":[{"href":"https:\/\/traditia.md\/ro\/wp-json\/wp\/v2\/posts\/39407","targetHints":{"allow":["GET"]}}],"collection":[{"href":"https:\/\/traditia.md\/ro\/wp-json\/wp\/v2\/posts"}],"about":[{"href":"https:\/\/traditia.md\/ro\/wp-json\/wp\/v2\/types\/post"}],"author":[{"embeddable":true,"href":"https:\/\/traditia.md\/ro\/wp-json\/wp\/v2\/users\/3"}],"replies":[{"embeddable":true,"href":"https:\/\/traditia.md\/ro\/wp-json\/wp\/v2\/comments?post=39407"}],"version-history":[{"count":1,"href":"https:\/\/traditia.md\/ro\/wp-json\/wp\/v2\/posts\/39407\/revisions"}],"predecessor-version":[{"id":39410,"href":"https:\/\/traditia.md\/ro\/wp-json\/wp\/v2\/posts\/39407\/revisions\/39410"}],"wp:featuredmedia":[{"embeddable":true,"href":"https:\/\/traditia.md\/ro\/wp-json\/wp\/v2\/media\/39408"}],"wp:attachment":[{"href":"https:\/\/traditia.md\/ro\/wp-json\/wp\/v2\/media?parent=39407"}],"wp:term":[{"taxonomy":"category","embeddable":true,"href":"https:\/\/traditia.md\/ro\/wp-json\/wp\/v2\/categories?post=39407"},{"taxonomy":"post_tag","embeddable":true,"href":"https:\/\/traditia.md\/ro\/wp-json\/wp\/v2\/tags?post=39407"}],"curies":[{"name":"wp","href":"https:\/\/api.w.org\/{rel}","templated":true}]}}