{"id":39386,"date":"2026-04-27T10:08:06","date_gmt":"2026-04-27T07:08:06","guid":{"rendered":"https:\/\/traditia.md\/?p=39386"},"modified":"2026-04-27T10:09:09","modified_gmt":"2026-04-27T07:09:09","slug":"moleben-in-cinstea-mironositelor-si-a-familiei-crestine","status":"publish","type":"post","link":"https:\/\/traditia.md\/ro\/moleben-in-cinstea-mironositelor-si-a-familiei-crestine\/","title":{"rendered":"Moleben \u00een cinstea Mironosi\u021belor \u0219i a familiei cre\u0219tine"},"content":{"rendered":"<p><strong><em>La 26 aprilie 2026, \u00een <\/em><\/strong><a href=\"https:\/\/www.facebook.com\/share\/p\/18FULQLqUh\/?mibextid=wwXIfr\"><strong><em>municipiul Orhei<\/em><\/strong><\/a><strong><em>, a fost oficiat un sf\u00e2nt moleben \u00een cinstea Mironosi\u021belor \u0219i a familiei cre\u0219tine, \u00een contextul Duminicii Mironosi\u021belor \u2013 s\u0103rb\u0103toare cu profund\u0103 semnifica\u021bie spiritual\u0103 \u00een tradi\u021bia ortodox\u0103.<\/em><\/strong><\/p>\n<p>Evenimentul, organizat de Vicariatul de Orhei, s-a desf\u0103\u0219urat la Catedrala \u201eSf\u00e2ntul Dumitru\u201d, l\u0103ca\u0219 cu valoare istoric\u0103 deosebit\u0103, ctitorit de \u00eentemeietorul ora\u0219ului Orhei, domnitorul Moldovei, Vasile Lupu.<\/p>\n<p>Slujba a fost oficiat\u0103 de c\u0103tre Preasfin\u021bitul Siluan, episcop de Orhei, vicar mitropolitan, \u00eenconjurat de un sobor impun\u0103tor de preo\u021bi veni\u021bi din \u00eentregul raion, care au \u00een\u0103l\u021bat rug\u0103ciuni pentru pace, bun\u0103stare \u0219i \u00eent\u0103rirea valorilor familiei cre\u0219tine.<\/p>\n<p>Catedrala a fost ne\u00eenc\u0103p\u0103toare pentru numero\u0219ii enoria\u0219i veni\u021bi s\u0103 cinsteasc\u0103 familia cre\u0219tin\u0103 \u0219i s\u0103 aduc\u0103 un omagiu mironosi\u021belor, particip\u00e2nd cu evlavie la slujb\u0103 \u0219i la rug\u0103ciunile \u00een\u0103l\u021bate pentru pace \u0219i bun\u0103stare.<\/p>\n<p>\u00cen contextul codului portocaliu de rafale de v\u00e2nt, organizatorii au decis ca Mar\u0219ul Familiei, planificat pentru aceast\u0103 zi, s\u0103 nu se desf\u0103\u0219oare, m\u0103sur\u0103 luat\u0103 \u00een vederea asigur\u0103rii siguran\u021bei participan\u021bilor.<\/p>\n<p>Momentul de rug\u0103ciune a reunit comunitatea \u00eentr-un cadru de lini\u0219te, credin\u021b\u0103 \u0219i apropiere sufleteasc\u0103, oferind tuturor celor prezen\u021bi prilejul de reflec\u021bie asupra valorilor fundamentale \u2013 familia, credin\u021ba \u0219i solidaritatea.<\/p>\n<p><img fetchpriority=\"high\" decoding=\"async\" class=\"alignnone size-full wp-image-39382 aligncenter\" src=\"https:\/\/traditia.md\/wp-content\/uploads\/2026\/04\/moleben_orhei_2.jpg\" alt=\"Moleben Orhei\" width=\"770\" height=\"513\" srcset=\"https:\/\/traditia.md\/wp-content\/uploads\/2026\/04\/moleben_orhei_2.jpg 770w, https:\/\/traditia.md\/wp-content\/uploads\/2026\/04\/moleben_orhei_2-300x200.jpg 300w, https:\/\/traditia.md\/wp-content\/uploads\/2026\/04\/moleben_orhei_2-768x512.jpg 768w, https:\/\/traditia.md\/wp-content\/uploads\/2026\/04\/moleben_orhei_2-585x390.jpg 585w, https:\/\/traditia.md\/wp-content\/uploads\/2026\/04\/moleben_orhei_2-263x175.jpg 263w\" sizes=\"(max-width: 770px) 100vw, 770px\" \/><\/p>\n","protected":false},"excerpt":{"rendered":"<p>La 26 aprilie 2026, \u00een municipiul Orhei, a fost oficiat un sf\u00e2nt moleben \u00een cinstea Mironosi\u021belor \u0219i a familiei cre\u0219tine, \u00een contextul&hellip;<\/p>\n","protected":false},"author":3,"featured_media":39384,"comment_status":"open","ping_status":"closed","sticky":false,"template":"","format":"standard","meta":{"_lmt_disableupdate":"","_lmt_disable":"","slim_seo":{"title":"Moleben \u00een cinstea Mironosi\u021belor \u0219i a familiei cre\u0219tine - traditia.md","description":"La 26 aprilie 2026, \u00een municipiul Orhei , a fost oficiat un sf\u00e2nt moleben \u00een cinstea Mironosi\u021belor \u0219i a familiei cre\u0219tine, \u00een contextul Duminicii Mironosi\u021belor"},"footnotes":""},"categories":[39,38],"tags":[],"class_list":["post-39386","post","type-post","status-publish","format-standard","has-post-thumbnail","hentry","category-biserica-si-societatea","category-stiri"],"_links":{"self":[{"href":"https:\/\/traditia.md\/ro\/wp-json\/wp\/v2\/posts\/39386","targetHints":{"allow":["GET"]}}],"collection":[{"href":"https:\/\/traditia.md\/ro\/wp-json\/wp\/v2\/posts"}],"about":[{"href":"https:\/\/traditia.md\/ro\/wp-json\/wp\/v2\/types\/post"}],"author":[{"embeddable":true,"href":"https:\/\/traditia.md\/ro\/wp-json\/wp\/v2\/users\/3"}],"replies":[{"embeddable":true,"href":"https:\/\/traditia.md\/ro\/wp-json\/wp\/v2\/comments?post=39386"}],"version-history":[{"count":1,"href":"https:\/\/traditia.md\/ro\/wp-json\/wp\/v2\/posts\/39386\/revisions"}],"predecessor-version":[{"id":39387,"href":"https:\/\/traditia.md\/ro\/wp-json\/wp\/v2\/posts\/39386\/revisions\/39387"}],"wp:featuredmedia":[{"embeddable":true,"href":"https:\/\/traditia.md\/ro\/wp-json\/wp\/v2\/media\/39384"}],"wp:attachment":[{"href":"https:\/\/traditia.md\/ro\/wp-json\/wp\/v2\/media?parent=39386"}],"wp:term":[{"taxonomy":"category","embeddable":true,"href":"https:\/\/traditia.md\/ro\/wp-json\/wp\/v2\/categories?post=39386"},{"taxonomy":"post_tag","embeddable":true,"href":"https:\/\/traditia.md\/ro\/wp-json\/wp\/v2\/tags?post=39386"}],"curies":[{"name":"wp","href":"https:\/\/api.w.org\/{rel}","templated":true}]}}