{"id":39154,"date":"2026-04-07T11:15:48","date_gmt":"2026-04-07T08:15:48","guid":{"rendered":"https:\/\/traditia.md\/?p=39154"},"modified":"2026-04-07T11:15:48","modified_gmt":"2026-04-07T08:15:48","slug":"ultimii-pasi-pana-la-ziua-invierii","status":"publish","type":"post","link":"https:\/\/traditia.md\/ro\/ultimii-pasi-pana-la-ziua-invierii\/","title":{"rendered":"Ultimii pa\u0219i p\u00e2n\u0103 la Ziua \u00cenvierii"},"content":{"rendered":"<p><span style=\"font-size: 12pt;\"><strong>Mergem pe drumul vie\u021bii \u0219i uneori nu ne d\u0103m seama c\u0103 \u201eaura\u201d m\u00e2ndriei noastre, declan\u0219at\u0103 de duhul r\u0103u asupra noastr\u0103 ne dirijeaz\u0103 \u0219i ne \u021bine \u00een capcana lui uneori o via\u021b\u0103 \u00eentreag\u0103. Mergem pe drumul vie\u021bii \u00eembr\u0103ca\u021bi \u00een aceast\u0103 hain\u0103 \u0219i niciodat\u0103 nu am vrut s\u0103 ced\u0103m \u00een fa\u021ba celor care au vrut s\u0103 ne-o shimbe pe una poate mai frumoas\u0103 \u2013 cea de bun\u0103tate, smerenie, cump\u0103tare\u2026 dar mereu am refuzat. \u0218i nu ne-am \u00eentrebat niciodat\u0103: \u201eOare ce duh ne poart\u0103 pe drumul vie\u021bii? De ce se risipe\u0219te totul \u00een jurul nostru de la o vreme \u00eencoace?..\u201d. \u0218i r\u0103spunsul e at\u00e2t de u\u0219or: s\u0103 te smere\u0219ti \u0219i s\u0103 ier\u021bi pe cei din jurul t\u0103u, \u0219i s\u0103 \u00eembraci haina credin\u021bei!\u00a0\u00a0 <\/strong><\/span><\/p>\n<p>S\u0103pt\u0103m\u00e2na Patimilor este un drum de amurg, unde lumina nu dispare, ci se ascunde \u00een r\u0103ni. Pa\u0219ii sunt t\u0103cu\u021bi, ca \u0219i cum p\u0103m\u00e2ntul \u00eensu\u0219i ar asculta suferin\u021ba noastr\u0103. Tr\u0103darea cade ca o umbr\u0103 lung\u0103 peste suflet, iar crucea se \u00eenal\u021b\u0103 nu doar pe deal, ci \u00een fiecare inim\u0103 care poart\u0103 greut\u0103\u021bi nespuse. Au r\u0103mas ultimii pa\u0219i p\u00e2n\u0103 la Ziua \u00cenvierii \u0219i cum mergem pe drumul nostru de via\u021b\u0103?.. Drumul nu este u\u0219or, dar este viu. Iar la cap\u0103tul lui, dincolo de \u00eentuneric, nu st\u0103 doar o s\u0103rb\u0103toare, ci o rena\u0219tere \u2013 a inimii, a credin\u021bei, a omului.<\/p>\n<p>\u00cen lini\u0219tea ap\u0103s\u0103toare a S\u0103pt\u0103m\u00e2nii Patimilor pa\u0219ii devin mai grei \u0219i mai con\u0219tien\u021bi. Fiecare zi poart\u0103 o ran\u0103 \u0219i o lumin\u0103: tr\u0103darea, singur\u0103tatea, judecata nedreapt\u0103, crucea. \u0218i totu\u0219i, \u00een mijlocul unei lumi gr\u0103bite, unde zgomotul ne fur\u0103 adesea sufletul, chemarea r\u0103m\u00e2ne aceea\u0219i \u2013 s\u0103 \u00eencetinim \u0219i s\u0103 privim \u00een\u0103untru.<\/p>\n<p>Ast\u0103zi, Patimile nu sunt doar istorie, ci se reg\u0103sesc \u00een nelini\u0219tea noastr\u0103, \u00een nedrept\u0103\u021bile zilnice, \u00een momentele c\u00e2nd uit\u0103m de iubire. Dar fiecare alegere bun\u0103, fiecare iertare, fiecare rug\u0103ciune t\u0103cut\u0103 devine un pas spre \u00cenviere.<\/p>\n<p>\u00cen via\u021ba de azi alerg\u0103m printre zile ca printr-o furtun\u0103 de glasuri, dar aici timpul se fr\u00e2nge \u2013 \u0219i ne a\u0219teapt\u0103. Ne a\u0219teapt\u0103 s\u0103 ne vedem propriile c\u0103deri \u00een ochii Celui r\u0103stignit, s\u0103 ne recunoa\u0219tem t\u0103cerile \u00een t\u0103cerea Lui.<\/p>\n<p>\u0218i totu\u0219i, sub piatra\u00a0 grea a durerii mocne\u0219te o lumin\u0103. Nu strig\u0103, nu for\u021beaz\u0103 \u2013 doar respir\u0103, ca o speran\u021b\u0103 care nu moare. Iar c\u00e2nd noaptea pare deplin\u0103, ea se deschide ca o ran\u0103 vindecat\u0103 \u0219i din ea r\u0103sare diminea\u021ba \u00cenvierii.<\/p>\n<p style=\"text-align: right;\"><strong><em>Raisa Pl\u0103ie\u0219u, <br \/>\npentru Traditia.md<\/em><\/strong><\/p>\n","protected":false},"excerpt":{"rendered":"<p>Mergem pe drumul vie\u021bii \u0219i uneori nu ne d\u0103m seama c\u0103 \u201eaura\u201d m\u00e2ndriei noastre, declan\u0219at\u0103 de duhul r\u0103u asupra noastr\u0103 ne dirijeaz\u0103&hellip;<\/p>\n","protected":false},"author":3,"featured_media":39155,"comment_status":"open","ping_status":"closed","sticky":false,"template":"","format":"standard","meta":{"_lmt_disableupdate":"","_lmt_disable":"","slim_seo":{"title":"Ultimii pa\u0219i p\u00e2n\u0103 la Ziua \u00cenvierii - traditia.md","description":"Mergem pe drumul vie\u021bii \u0219i uneori nu ne d\u0103m seama c\u0103 \u201eaura\u201d m\u00e2ndriei noastre, declan\u0219at\u0103 de duhul r\u0103u asupra noastr\u0103 ne dirijeaz\u0103 \u0219i ne \u021bine \u00een capcana lui uneo"},"footnotes":""},"categories":[44,38],"tags":[],"class_list":["post-39154","post","type-post","status-publish","format-standard","has-post-thumbnail","hentry","category-actualitate","category-stiri"],"_links":{"self":[{"href":"https:\/\/traditia.md\/ro\/wp-json\/wp\/v2\/posts\/39154","targetHints":{"allow":["GET"]}}],"collection":[{"href":"https:\/\/traditia.md\/ro\/wp-json\/wp\/v2\/posts"}],"about":[{"href":"https:\/\/traditia.md\/ro\/wp-json\/wp\/v2\/types\/post"}],"author":[{"embeddable":true,"href":"https:\/\/traditia.md\/ro\/wp-json\/wp\/v2\/users\/3"}],"replies":[{"embeddable":true,"href":"https:\/\/traditia.md\/ro\/wp-json\/wp\/v2\/comments?post=39154"}],"version-history":[{"count":1,"href":"https:\/\/traditia.md\/ro\/wp-json\/wp\/v2\/posts\/39154\/revisions"}],"predecessor-version":[{"id":39157,"href":"https:\/\/traditia.md\/ro\/wp-json\/wp\/v2\/posts\/39154\/revisions\/39157"}],"wp:featuredmedia":[{"embeddable":true,"href":"https:\/\/traditia.md\/ro\/wp-json\/wp\/v2\/media\/39155"}],"wp:attachment":[{"href":"https:\/\/traditia.md\/ro\/wp-json\/wp\/v2\/media?parent=39154"}],"wp:term":[{"taxonomy":"category","embeddable":true,"href":"https:\/\/traditia.md\/ro\/wp-json\/wp\/v2\/categories?post=39154"},{"taxonomy":"post_tag","embeddable":true,"href":"https:\/\/traditia.md\/ro\/wp-json\/wp\/v2\/tags?post=39154"}],"curies":[{"name":"wp","href":"https:\/\/api.w.org\/{rel}","templated":true}]}}