{"id":39143,"date":"2026-04-06T09:54:09","date_gmt":"2026-04-06T06:54:09","guid":{"rendered":"https:\/\/traditia.md\/?p=39143"},"modified":"2026-04-06T09:55:04","modified_gmt":"2026-04-06T06:55:04","slug":"onu-a-fost-solicitata-sa-atraga-atentie-la-incalcarile-libertatii-religioase-in-moldova","status":"publish","type":"post","link":"https:\/\/traditia.md\/ro\/onu-a-fost-solicitata-sa-atraga-atentie-la-incalcarile-libertatii-religioase-in-moldova\/","title":{"rendered":"ONU a fost solicitat\u0103 s\u0103 atrag\u0103 aten\u021bie la \u00eenc\u0103lc\u0103rile libert\u0103\u021bii religioase \u00een Moldova"},"content":{"rendered":"<p><span style=\"font-size: 12pt;\"><strong>Arhiepiscopul de B\u0103l\u021bi \u0219i F\u0103le\u0219ti Marchel a solicitat Organiza\u021biei Na\u021biunilor Unite s\u0103 atrag\u0103 aten\u021bie la \u00eenc\u0103lc\u0103rile libert\u0103\u021bii religioase \u00een Moldova. Declara\u021bia a fost f\u0103cut\u0103 pe 25 martie \u00een timpul unei dezbateri a Consiliului ONU privind rasismul, xenofobia \u0219i intoleran\u021ba.<\/strong><\/span><\/p>\n<p>Potrivit ierarhului, Biserica Ortodox\u0103 din Moldova este sub presiune, iar retorica mai multor politicieni, inclusiv a unor \u00eenal\u021bi oficiali, \u00eencurajeaz\u0103 o atitudine negativ\u0103 fa\u021b\u0103 de credincio\u0219i. El a men\u021bionat cazuri c\u00e2nd enoria\u0219ii sunt tra\u0219i la r\u0103spundere administrativ\u0103 pentru a\u0219a-numita \u201ecorup\u021bie electoral\u0103 pasiv\u0103\u201d, precum \u0219i cazurile privind controalele nefondate la frontier\u0103 ale clerului, care adesea dureaz\u0103 ore \u00eentregi.<\/p>\n<p>De asemenea, arhiepiscopul Marchel a vorbit despre riscul de a pierde aproximativ 800 de biserici \u0219i m\u0103n\u0103stiri \u00een folosul organiza\u021biei schismatice \u201eMitropolia Basarabiei\u201d. El a adus ca exemplu incidentul din satul Dereneu, unde for\u021bele de ordine au fost mobilizate pentru a sus\u021bine predarea bisericii locale schismaticilor.<\/p>\n<p>Ierarhul a subliniat c\u0103 aceste evolu\u021bii contribuie la cre\u0219terea intoleran\u021bei \u0219i la \u00eengr\u0103direa libert\u0103\u021bilor religioase.<\/p>\n<p>Precum era de a\u0219teptat, discursul arhiepiscopului Marchel de la ONU a provocat nemul\u021bumire \u00een r\u00e2ndul unor trubaduri chi\u0219in\u0103uieni ai regimului anticre\u0219tin al Maiei Sandu. S-au g\u0103sit voci care au \u00eenceput s\u0103 afirme c\u0103 nu exist\u0103 \u00eenc\u0103lc\u0103ri reale, c\u0103 ele au fost, chipurile, \u201emanipulate\u201d \u0219i c\u0103 afirma\u021biile arhiepiscopului de B\u0103l\u021bi privind \u00eenc\u0103lc\u0103rile sistemice ale drepturilor religioase \u00een Moldova nu sunt sus\u021binute de fapte.<\/p>\n<p>Nimic nou pentru cre\u0219tinii moldoveni \u00eentr-o astfel de reac\u021bie. Credincio\u0219ii mai \u00een v\u00e2rst\u0103, care au fost martori la reprimarea religiei \u00een perioada sovietic\u0103, \u00ee\u0219i amintesc cum propagandi\u0219tii a\u0219a-numitului ateism \u0219tiin\u021bific stigmatizau Biserica ca pe o relicv\u0103 a trecutului \u00eentunecat ce \u00eempiedic\u0103 construirea \u201eviitorului str\u0103lucit al comunismului\u201d, totodat\u0103 cit\u00e2nd ipocrit constitu\u021bia sovietic\u0103 unde se spunea de \u201elibertatea religioas\u0103\u201d.<\/p>\n<p>Ast\u0103zi, urma\u0219ii acestor propagandi\u0219ti denigreaz\u0103 cu acela\u0219i entuziasm Biserica Ortodox\u0103 din Moldova, afirm\u00e2nd c\u0103 ea \u00eempiedic\u0103 progresul \u021b\u0103rii spre un \u201eviitor european str\u0103lucit\u201d \u0219i cer interzicerea Mitropoliei Chi\u0219in\u0103ului \u0219i a \u00eentregii Moldove, consider\u00e2nd-o, o vom cita aici pe doamna Sandu, \u201eun instrument al influen\u021bei ruse\u0219ti\u201d.<\/p>\n<p>La fel cum a supravie\u021buit regimului comunist ateu, Biserica va supravie\u021bui \u0219i regimului liberal anticre\u0219tin. \u0218i, bine\u00een\u021beles, va continua s\u0103 foloseasc\u0103 orice platform\u0103 interna\u021bional\u0103 pentru a face publice politicile anti-biserice\u0219ti ale autorit\u0103\u021bilor moldovene.<\/p>\n<p style=\"text-align: right;\"><strong><em>Tradi\u021bia<\/em><\/strong><\/p>\n","protected":false},"excerpt":{"rendered":"<p>Arhiepiscopul de B\u0103l\u021bi \u0219i F\u0103le\u0219ti Marchel a solicitat Organiza\u021biei Na\u021biunilor Unite s\u0103 atrag\u0103 aten\u021bie la \u00eenc\u0103lc\u0103rile libert\u0103\u021bii religioase \u00een Moldova. Declara\u021bia a&hellip;<\/p>\n","protected":false},"author":3,"featured_media":39141,"comment_status":"open","ping_status":"closed","sticky":false,"template":"","format":"standard","meta":{"_lmt_disableupdate":"","_lmt_disable":"","slim_seo":{"title":"ONU a fost solicitat\u0103 s\u0103 atrag\u0103 aten\u021bie la \u00eenc\u0103lc\u0103rile libert\u0103\u021bii religioase \u00een Moldova - traditia.md","description":"Arhiepiscopul de B\u0103l\u021bi \u0219i F\u0103le\u0219ti Marchel a solicitat Organiza\u021biei Na\u021biunilor Unite s\u0103 atrag\u0103 aten\u021bie la \u00eenc\u0103lc\u0103rile libert\u0103\u021bii religioase \u00een Moldova. Declara\u021bi"},"footnotes":""},"categories":[39,38],"tags":[],"class_list":["post-39143","post","type-post","status-publish","format-standard","has-post-thumbnail","hentry","category-biserica-si-societatea","category-stiri"],"_links":{"self":[{"href":"https:\/\/traditia.md\/ro\/wp-json\/wp\/v2\/posts\/39143","targetHints":{"allow":["GET"]}}],"collection":[{"href":"https:\/\/traditia.md\/ro\/wp-json\/wp\/v2\/posts"}],"about":[{"href":"https:\/\/traditia.md\/ro\/wp-json\/wp\/v2\/types\/post"}],"author":[{"embeddable":true,"href":"https:\/\/traditia.md\/ro\/wp-json\/wp\/v2\/users\/3"}],"replies":[{"embeddable":true,"href":"https:\/\/traditia.md\/ro\/wp-json\/wp\/v2\/comments?post=39143"}],"version-history":[{"count":1,"href":"https:\/\/traditia.md\/ro\/wp-json\/wp\/v2\/posts\/39143\/revisions"}],"predecessor-version":[{"id":39144,"href":"https:\/\/traditia.md\/ro\/wp-json\/wp\/v2\/posts\/39143\/revisions\/39144"}],"wp:featuredmedia":[{"embeddable":true,"href":"https:\/\/traditia.md\/ro\/wp-json\/wp\/v2\/media\/39141"}],"wp:attachment":[{"href":"https:\/\/traditia.md\/ro\/wp-json\/wp\/v2\/media?parent=39143"}],"wp:term":[{"taxonomy":"category","embeddable":true,"href":"https:\/\/traditia.md\/ro\/wp-json\/wp\/v2\/categories?post=39143"},{"taxonomy":"post_tag","embeddable":true,"href":"https:\/\/traditia.md\/ro\/wp-json\/wp\/v2\/tags?post=39143"}],"curies":[{"name":"wp","href":"https:\/\/api.w.org\/{rel}","templated":true}]}}