{"id":39074,"date":"2026-03-30T08:53:51","date_gmt":"2026-03-30T05:53:51","guid":{"rendered":"https:\/\/traditia.md\/?p=39074"},"modified":"2026-03-30T08:54:33","modified_gmt":"2026-03-30T05:54:33","slug":"in-mai-multe-parohii-ale-bisericii-ortodoxe-din-moldova-a-avut-loc-marsul-pentru-viata","status":"publish","type":"post","link":"https:\/\/traditia.md\/ro\/in-mai-multe-parohii-ale-bisericii-ortodoxe-din-moldova-a-avut-loc-marsul-pentru-viata\/","title":{"rendered":"\u00cen mai multe parohii ale Bisericii Ortodoxe din Moldova a avut loc \u201eMar\u0219ul pentru via\u021b\u0103\u201d"},"content":{"rendered":"<p><strong>Luna martie este cunoscut\u0103, la nivel interna\u021bional, drept \u201eLuna pentru Via\u021b\u0103\u201d, o perioad\u0103 dedicat\u0103 con\u0219tientiz\u0103rii valorii darului vie\u021bii \u0219i responsabilit\u0103\u021bii de a o ocroti. \u00cen acest context, \u00een mai multe parohii din cuprinsul <\/strong><a href=\"https:\/\/mitropolia.md\/a-avut-loc-marsul-pentru-viata-in-mai-multe-parohii-din-cuprinsul-eparhiei-chisinaului\/\"><strong>Mitropoliei Chi\u0219in\u0103ului \u0219i <\/strong><strong>a<\/strong> <strong>\u00ee<\/strong><strong>ntregii Moldove<\/strong><\/a><strong> au fost organizate Mar\u0219uri pentru Via\u021b\u0103, prin care credincio\u0219ii, al\u0103turi de tineri \u0219i copii, au m\u0103rturisit public importan\u021ba ap\u0103r\u0103rii vie\u021bii, a familiei \u0219i a p\u0103cii \u00eentre oameni.<\/strong><\/p>\n<p>\u00cen localitatea Cruglic, raionul Criuleni, parohia \u201eMinunea Sf\u00e2ntului Arhanghel Mihail\u201d, \u00een colaborare cu Liceul Teoretic din sat, Mar\u0219ul pentru Via\u021b\u0103 \u0219i Pace \u2013 edi\u021bia 2026 a fost organizat sub coordonarea p\u0103rintelui paroh Nicolae Ciobanu, cu implicarea profesoarelor Valentina Ciorb\u0103 \u0219i Ecaterina Verde\u0219. \u00cen ora\u0219ul Criuleni, la biserica \u201eSfin\u021bii Arhangheli Mihail \u0219i Gavriil\u201d, evenimentul a fost organizat de p\u0103rintele paroh Ioan \u021au\u021buianu. Iar \u00een satul Luc\u0103\u0219euca, raionul Orhei, la Biserica \u201eSf\u00e2nta Treime\u201d, mar\u0219ul a fost desf\u0103\u0219urat pentru al doilea an consecutiv sub \u00eendrumarea p\u0103rintelui paroh Iulian Ra\u021b\u0103, cu participarea elevilor, a doamnei director Ana P\u00eentea, a cadrelor didactice \u0219i a comunit\u0103\u021bii locale.<\/p>\n<p>\u00cen acela\u0219i duh al pre\u021buirii vie\u021bii, \u00een cadrul Vicariatului de Orhei a fost organizat\u0103 \u0219i o vizit\u0103 pastoral\u0103 la Maternitatea din Orhei, unde p\u0103rintele Iulian Ra\u021b\u0103, \u00eempreun\u0103 cu p\u0103rintele Andrei Prepeli\u021b\u0103, preot responsabil \u00een cadrul Sectorului Sinodal Activitate Pastoral\u0103 \u00een Institu\u021biile Medicale, au adus binecuv\u00e2ntare \u0219i daruri simbolice mamelor care au d\u0103ruit via\u021b\u0103, reafirm\u00e2nd astfel grija Bisericii fa\u021b\u0103 de familie, copii \u0219i darul sf\u00e2nt al vie\u021bii.<\/p>\n","protected":false},"excerpt":{"rendered":"<p>Luna martie este cunoscut\u0103, la nivel interna\u021bional, drept \u201eLuna pentru Via\u021b\u0103\u201d, o perioad\u0103 dedicat\u0103 con\u0219tientiz\u0103rii valorii darului vie\u021bii \u0219i responsabilit\u0103\u021bii de a&hellip;<\/p>\n","protected":false},"author":3,"featured_media":39072,"comment_status":"open","ping_status":"closed","sticky":false,"template":"","format":"standard","meta":{"_lmt_disableupdate":"","_lmt_disable":"","slim_seo":{"title":"\u00cen mai multe parohii ale Bisericii Ortodoxe din Moldova a avut loc \u201eMar\u0219ul pentru via\u021b\u0103\u201d - traditia.md","description":"Luna martie este cunoscut\u0103, la nivel interna\u021bional, drept \u201eLuna pentru Via\u021b\u0103\u201d, o perioad\u0103 dedicat\u0103 con\u0219tientiz\u0103rii valorii darului vie\u021bii \u0219i responsabilit\u0103\u021bii d"},"footnotes":""},"categories":[39,38],"tags":[],"class_list":["post-39074","post","type-post","status-publish","format-standard","has-post-thumbnail","hentry","category-biserica-si-societatea","category-stiri"],"_links":{"self":[{"href":"https:\/\/traditia.md\/ro\/wp-json\/wp\/v2\/posts\/39074","targetHints":{"allow":["GET"]}}],"collection":[{"href":"https:\/\/traditia.md\/ro\/wp-json\/wp\/v2\/posts"}],"about":[{"href":"https:\/\/traditia.md\/ro\/wp-json\/wp\/v2\/types\/post"}],"author":[{"embeddable":true,"href":"https:\/\/traditia.md\/ro\/wp-json\/wp\/v2\/users\/3"}],"replies":[{"embeddable":true,"href":"https:\/\/traditia.md\/ro\/wp-json\/wp\/v2\/comments?post=39074"}],"version-history":[{"count":1,"href":"https:\/\/traditia.md\/ro\/wp-json\/wp\/v2\/posts\/39074\/revisions"}],"predecessor-version":[{"id":39075,"href":"https:\/\/traditia.md\/ro\/wp-json\/wp\/v2\/posts\/39074\/revisions\/39075"}],"wp:featuredmedia":[{"embeddable":true,"href":"https:\/\/traditia.md\/ro\/wp-json\/wp\/v2\/media\/39072"}],"wp:attachment":[{"href":"https:\/\/traditia.md\/ro\/wp-json\/wp\/v2\/media?parent=39074"}],"wp:term":[{"taxonomy":"category","embeddable":true,"href":"https:\/\/traditia.md\/ro\/wp-json\/wp\/v2\/categories?post=39074"},{"taxonomy":"post_tag","embeddable":true,"href":"https:\/\/traditia.md\/ro\/wp-json\/wp\/v2\/tags?post=39074"}],"curies":[{"name":"wp","href":"https:\/\/api.w.org\/{rel}","templated":true}]}}