{"id":39051,"date":"2026-03-27T11:06:34","date_gmt":"2026-03-27T09:06:34","guid":{"rendered":"https:\/\/traditia.md\/?p=39051"},"modified":"2026-03-27T11:06:34","modified_gmt":"2026-03-27T09:06:34","slug":"doua-popasuri-crestine-intr-o-zi-de-lumina-din-postul-mare","status":"publish","type":"post","link":"https:\/\/traditia.md\/ro\/doua-popasuri-crestine-intr-o-zi-de-lumina-din-postul-mare\/","title":{"rendered":"Dou\u0103 popasuri cre\u0219tine \u00eentr-o zi de lumin\u0103 din Postul Mare"},"content":{"rendered":"<p><span style=\"font-size: 12pt;\"><strong>\u00cen drum spre o \u00eent\u00e2lnire de suflet poetul nu c\u0103l\u0103tore\u0219te doar prin spa\u021biu, ci \u0219i prin sine. Tr\u0103iam o emo\u021bie t\u0103cut\u0103, ca o lumin\u0103 care cre\u0219te \u00eencet \u00een piept. \u00centre a\u0219teptare \u0219i team\u0103, \u00eentre bucurie \u0219i pu\u021bin\u0103 nelini\u0219te \u2013 nu de oameni, ci de \u00eent\u00e2lnirea cu adev\u0103rul din ei. Alteori simt o pace profund\u0103, ca \u0219i cum a\u0219 \u0219ti c\u0103 nu merg singur\u0103, ci port o responsabilitate, c\u0103 inima-mi bate altfel. M\u0103\u00a0 \u00eentrebam dac\u0103 versurile scrise de mine vor ajunge acolo unde trebuie \u2013 \u00een inimile celor care m\u0103 a\u0219teapt\u0103. Privesc \u00een drum prin\u00a0 fereastra microbusului, dar admir mai mult dec\u00e2t peisajul: \u00eemi\u00a0 aminteam fr\u00e2nturi de \u00eenceputuri de crea\u021bie, de cuvintele scrise \u00een singur\u0103tate, de rug\u0103ciunile nerostite care au devenit poezie.<\/strong><\/span><\/p>\n<p>\u00cen acel drum m\u0103 str\u0103duiam s\u0103-mi adun g\u00e2ndurile ca pe ni\u0219te flori fragile, \u00eemi cercetam sufletul cu sinceritate, \u00eemi purtam emo\u021biile ca pe un dar ce urmeaz\u0103 s\u0103 fie oferit celor ce m\u0103 a\u0219teapt\u0103 ca s\u0103 le rev\u0103rs \u00een suflete lumina lui Hristos.<\/p>\n<p>\u00cen drum m\u0103 aflu \u00eentre dou\u0103 lumi \u2013 cea a crea\u021biei \u0219i cea a \u00eent\u00e2lnirii. Iar inima devine punte dintre ele. Merg\u00e2nd a\u0219a \u00een acel microbus, m\u0103 \u00eentrebam: \u201eCe \u00eenseamn\u0103 pentru un poet o \u00eent\u00e2lnire de suflet cu copiii?\u201d \u0218i privirile se leg\u0103nau dup\u0103 geamul microbusului, departe pe ramurile unei salcii pl\u00e2ng\u0103toare, care-mi amintise de Sf\u00e2nta Fecioara Maria. Cu adev\u0103rat, pentru un poet o \u00eent\u00e2lnire de suflet cu copiii nu este doar un eveniment, ci o \u00eentoarcere la izvoarele curate ale inimii. Este clipa \u00een care poezia coboar\u0103 din cuvinte \u0219i devine tr\u0103ire vie. Copiii nu ascult\u0103 doar versuri \u2013 ei le simt, le respir\u0103, le primesc f\u0103r\u0103 masc\u0103. \u00cen ochii lor poetul \u00ee\u0219i vede sinceritatea, iar \u00een \u00eentreb\u0103rile lor \u2013 adev\u0103rul.<\/p>\n<p>Pentru un poet o \u00eent\u00e2lnire, mai ales cre\u0219tin\u0103 \u00eenseamn\u0103: reg\u0103sirea inocen\u021bei pierdute; confirmarea c\u0103 poezia \u00eenc\u0103 atinge suflete; bucuria de a sem\u0103na lumin\u0103 \u00een inimi tinere \u0219i, poate cel mai important, lec\u021bia de a fi din nou simplu \u0219i curat. Copiii nu judec\u0103 poezia \u2013 o primesc. Iar aceast\u0103 primire este cel mai sincer premiu pentru un poet. O \u00eent\u00e2lnire de suflet cu copiii este pentru poet o binecuv\u00e2ntare \u2013 locul unde cuv\u00e2ntul devine inim\u0103, iar poezia devine rug\u0103ciune.<\/p>\n<p>Cum am cobor\u00e2t din ma\u0219in\u0103, chiar la poarta \u0219colii m\u0103 a\u0219teptau cu p\u00e2ine \u0219i sare \u0219i, f\u0103r\u0103 s\u0103 vreau, am l\u0103crimat de gestul acestei \u00eent\u00e2lniri. \u00cemi exprim candoarea mea cu sincere mul\u021bumiri echipei de profesori ai Gimnaziului din Chetri\u0219, raionul F\u0103le\u0219ti, pentru frumoasa \u00eent\u00e2lnire de suflet prilejuit\u0103 de lansarea c\u0103r\u021bii cre\u0219tine pentru copii <em>\u201eRoag\u0103-te o via\u021b\u0103\u201d.<\/em> A fost un moment plin de lumin\u0103, bucurie \u0219i apropiere de Dumnezeu, pe care \u00eel voi p\u0103stra cu drag \u00een inim\u0103. Mul\u021bumesc din suflet doamnelor profesoare de la ciclul primar, clasele I-IV, pentru d\u0103ruire, ospitalitate, organizare deosebit\u0103, dar \u0219i copiilor care au recitat poezii din crea\u021bia mea: profesoarele \u2013 <strong>Mariana Cump\u0103nici, Oxana Logan, Maria Cump\u0103nici, Irina Leahu<\/strong>. Recuno\u0219tin\u021b\u0103 pentru deschidere, c\u0103ldur\u0103 \u0219i implicare!<\/p>\n<p>Tot \u00een acceea\u0219i zi am venit la Biblioteca Public\u0103 \u015fi filiala pentru Copii din Glinjeni, F\u0103le\u015fti, unde a fost pentru mine cel de-al doilea popas cre\u0219tin \u00een aceea\u0219i zi. Le mul\u021bumesc mult doamnelor bibliotecare pentru invita\u021bie, buna organizare \u0219i ospitalitate de care au dat dovad\u0103 \u00een cadrul lans\u0103rii c\u0103r\u021bii de poezii cre\u0219tine <em>\u201eRoag\u0103-te o via\u021b\u0103\u201d<\/em>. De asemenea, le mul\u021bumesc elevilor\u00a0 Gimnaziului \u201eMihai Corl\u0103teanu\u201d din aceast\u0103 localitate, ghida\u021bi de profesorii de limba \u0219i literatura rom\u00e2n\u0103, care au sus\u021binut un recital de poezie din cartea <em>\u201eRoag\u0103-te o via\u021b\u0103\u201d<\/em>, impresion\u00e2nd prin emo\u021bie \u0219i sinceritate cele prezentate.<\/p>\n<p>\u00cen cadrul ambelor \u00eent\u00e2lniri de suflet au fost \u00eenm\u00e2nate diplome elevilor participan\u021bi la Concursul republican de poezie cre\u0219tin\u0103 <em>\u201eScriu \u0219i c\u00e2nt pentru steaua Pruncului Sf\u00e2nt\u201d,<\/em> organizat de Cenaclul literar-cre\u0219tin \u201eCuv\u00e2ntul\u201d \u0219i Portalul jurnali\u0219tilor \u0219i bloggerilor ortodoc\u0219i din Moldova Tradi\u021bia.md \u00een luna decembrie 2025, care nu au fost prezen\u021bi la Gala Laurea\u021bilor concursului.<\/p>\n<p><img fetchpriority=\"high\" decoding=\"async\" class=\"size-full wp-image-39054 aligncenter\" src=\"https:\/\/traditia.md\/wp-content\/uploads\/2026\/03\/doua_popasuri_2.jpg\" alt=\"Dou\u0103 popasuri\" width=\"750\" height=\"394\" srcset=\"https:\/\/traditia.md\/wp-content\/uploads\/2026\/03\/doua_popasuri_2.jpg 750w, https:\/\/traditia.md\/wp-content\/uploads\/2026\/03\/doua_popasuri_2-300x158.jpg 300w, https:\/\/traditia.md\/wp-content\/uploads\/2026\/03\/doua_popasuri_2-585x307.jpg 585w\" sizes=\"(max-width: 750px) 100vw, 750px\" \/><\/p>\n<p>O lansare de carte cre\u0219tin\u0103 cu copiii este mai mult dec\u00e2t un eveniment \u2013 este o s\u0103m\u00e2n\u021b\u0103 de credin\u021b\u0103 pus\u0103 \u00een sufletele lor. Prin \u00eent\u00e2lnirea direct\u0103 cu cartea, copiii \u00eenva\u021b\u0103 s\u0103 iubeasc\u0103 lectura, s\u0103 descopere valorile cre\u0219tine \u0219i s\u0103 simt\u0103 prezen\u021ba lui Dumnezeu \u00een via\u021ba lor. Astfel de momente \u00eei apropie de rug\u0103ciune, de Biseric\u0103 \u0219i de o cre\u0219tere frumoas\u0103, \u00een lumin\u0103 \u0219i adev\u0103r.<\/p>\n<p style=\"text-align: right;\"><strong><em>Raisa Pl\u0103ie\u0219u, <br \/>\npentru Traditia.md<\/em><\/strong><\/p>\n","protected":false},"excerpt":{"rendered":"<p>\u00cen drum spre o \u00eent\u00e2lnire de suflet poetul nu c\u0103l\u0103tore\u0219te doar prin spa\u021biu, ci \u0219i prin sine. Tr\u0103iam o emo\u021bie t\u0103cut\u0103, ca&hellip;<\/p>\n","protected":false},"author":3,"featured_media":39052,"comment_status":"open","ping_status":"closed","sticky":false,"template":"","format":"standard","meta":{"_lmt_disableupdate":"","_lmt_disable":"","slim_seo":{"title":"Dou\u0103 popasuri cre\u0219tine \u00eentr-o zi de lumin\u0103 din Postul Mare - traditia.md","description":"\u00cen drum spre o \u00eent\u00e2lnire de suflet poetul nu c\u0103l\u0103tore\u0219te doar prin spa\u021biu, ci \u0219i prin sine. Tr\u0103iam o emo\u021bie t\u0103cut\u0103, ca o lumin\u0103 care cre\u0219te \u00eencet \u00een piept. \u00centr"},"footnotes":""},"categories":[44,38],"tags":[],"class_list":["post-39051","post","type-post","status-publish","format-standard","has-post-thumbnail","hentry","category-actualitate","category-stiri"],"_links":{"self":[{"href":"https:\/\/traditia.md\/ro\/wp-json\/wp\/v2\/posts\/39051","targetHints":{"allow":["GET"]}}],"collection":[{"href":"https:\/\/traditia.md\/ro\/wp-json\/wp\/v2\/posts"}],"about":[{"href":"https:\/\/traditia.md\/ro\/wp-json\/wp\/v2\/types\/post"}],"author":[{"embeddable":true,"href":"https:\/\/traditia.md\/ro\/wp-json\/wp\/v2\/users\/3"}],"replies":[{"embeddable":true,"href":"https:\/\/traditia.md\/ro\/wp-json\/wp\/v2\/comments?post=39051"}],"version-history":[{"count":1,"href":"https:\/\/traditia.md\/ro\/wp-json\/wp\/v2\/posts\/39051\/revisions"}],"predecessor-version":[{"id":39056,"href":"https:\/\/traditia.md\/ro\/wp-json\/wp\/v2\/posts\/39051\/revisions\/39056"}],"wp:featuredmedia":[{"embeddable":true,"href":"https:\/\/traditia.md\/ro\/wp-json\/wp\/v2\/media\/39052"}],"wp:attachment":[{"href":"https:\/\/traditia.md\/ro\/wp-json\/wp\/v2\/media?parent=39051"}],"wp:term":[{"taxonomy":"category","embeddable":true,"href":"https:\/\/traditia.md\/ro\/wp-json\/wp\/v2\/categories?post=39051"},{"taxonomy":"post_tag","embeddable":true,"href":"https:\/\/traditia.md\/ro\/wp-json\/wp\/v2\/tags?post=39051"}],"curies":[{"name":"wp","href":"https:\/\/api.w.org\/{rel}","templated":true}]}}