{"id":39042,"date":"2026-03-26T11:14:03","date_gmt":"2026-03-26T09:14:03","guid":{"rendered":"https:\/\/traditia.md\/?p=39042"},"modified":"2026-03-26T11:16:55","modified_gmt":"2026-03-26T09:16:55","slug":"un-dar-pentru-inviere-3","status":"publish","type":"post","link":"https:\/\/traditia.md\/ro\/un-dar-pentru-inviere-3\/","title":{"rendered":"Un dar pentru \u00cenviere!"},"content":{"rendered":"<p><span style=\"font-size: 12pt;\"><strong>Cu binecuv\u00e2ntarea \u00cenaltpreasfin\u021bitului mitropolit Vladimir\u0219i a Preasfin\u021bitului episcop Filaret de C\u0103priana, la Centrul de zi pentru copii din satul Coju\u0219na, raionul Str\u0103\u0219eni, a fost dat startul celei de-a VII-a edi\u021bii a Campaniei pascale \u201eUn dar pentru \u00cenviere!\u201d, destinat\u0103 persoanelor social-vulnerabile. Campania este organizat\u0103 de <\/strong><a href=\"https:\/\/mitropolia.md\/a-fost-dat-startul-campaniei-un-dar-pentru-inviere-la-centrul-de-zi-pentru-copii-din-cojusna\/\"><strong>Sectorul Sinodal pentru activitate social\u0103 \u0219i caritate<\/strong><\/a><strong> al Bisericii Ortodoxe din Moldova, \u00een perioada martie\u2013aprilie 2026.<\/strong><\/span><\/p>\n<p>La eveniment au participat: p\u0103rintele ieromonah Macarie (Crudu), pre\u0219edinte al Sectorului Sinodal pentru activitate social\u0103 \u0219i caritate \u0219i al Asocia\u021biei ob\u0219te\u0219ti \u201eCredin\u021b\u0103 \u0219i Milostenie\u201d, protoiereul Serghei Jmurcov, parohul bisericii \u201eSf\u00e2ntul Mare Mucenic Gheorghe\u201d din localitate, doamna Mariana Be\u0219liu, \u0219ef al Serviciului Social, precum \u0219i p\u0103rintele Ghenadie Verbulschi, pedagog social \u00een cadrul centrului.<\/p>\n<p>\u00cen cadrul ac\u021biunii filantropice, organizate cu sprijinul Asocia\u021biei ob\u0219te\u0219ti \u201eCredin\u021b\u0103 \u0219i Milostenie\u201d \u00een parteneriat cu Parohia \u201eIntrarea Maicii Domnului \u00een Biseric\u0103 \u0219i a Tuturor Sfin\u021bilor ocrotitori ai Moldovei\u201d din ora\u0219ul Paris, Fran\u021ba (preot-paroh: protoiereul Mihail Cu\u0219nir), au fost oferite pachete cu produse alimentare \u0219i daruri celor 30 de copii beneficiari ai centrului, proveni\u021bi din familii defavorizate.<\/p>\n<p>Prin slujitorii \u0219i institu\u021biile sale social-misionare, Biserica \u00eendeamn\u0103 ca nu doar \u00een perioada s\u0103rb\u0103torilor pascale, ci \u00een tot timpul anului s\u0103 cultiv\u0103m milostenia \u0219i dragostea fa\u021b\u0103 de aproapele, oferind din pu\u021binul nostru celor afla\u021bi \u00een suferin\u021b\u0103, cu inim\u0103 curat\u0103 \u0219i jertfelnicie cre\u0219tin\u0103.<\/p>\n<p>Credincio\u0219ii sunt \u00eencuraja\u021bi s\u0103 se implice activ \u00een aceast\u0103 lucrare filantropic\u0103, prin donarea de produse alimentare \u0219i de igien\u0103 destinate familiilor numeroase, copiilor orfani \u0219i nevoia\u0219i, precum \u0219i persoanelor v\u00e2rstnice \u0219i bolnave aflate \u00een grija Bisericii \u0219i a institu\u021biilor sociale.<\/p>\n<p>Campania se va desf\u0103\u0219ura p\u00e2n\u0103 la sf\u00e2r\u0219itul lunii aprilie 2026, urm\u00e2nd ca sute de familii social-dezavantajate s\u0103 beneficieze de sprijin material \u0219i de m\u00e2ng\u00e2iere sufleteasc\u0103.<\/p>\n<p>S\u0103 aducem lumina \u0219i bucuria \u00cenvierii \u00een sufletele celor \u00eencerca\u021bi, prin darul nostru oferit cu dragoste!<\/p>\n<p><strong>Tel. de contact: 067 223981 (ieromonah Macarie).<\/strong><\/p>\n","protected":false},"excerpt":{"rendered":"<p>Cu binecuv\u00e2ntarea \u00cenaltpreasfin\u021bitului mitropolit Vladimir\u0219i a Preasfin\u021bitului episcop Filaret de C\u0103priana, la Centrul de zi pentru copii din satul Coju\u0219na, raionul Str\u0103\u0219eni,&hellip;<\/p>\n","protected":false},"author":3,"featured_media":39040,"comment_status":"open","ping_status":"closed","sticky":false,"template":"","format":"standard","meta":{"_lmt_disableupdate":"no","_lmt_disable":"","slim_seo":{"title":"Un dar pentru \u00cenviere! - traditia.md","description":"Cu binecuv\u00e2ntarea \u00cenaltpreasfin\u021bitului mitropolit Vladimir\u0219i a Preasfin\u021bitului episcop Filaret de C\u0103priana, la Centrul de zi pentru copii din satul Coju\u0219na, rai"},"footnotes":""},"categories":[39,38],"tags":[],"class_list":["post-39042","post","type-post","status-publish","format-standard","has-post-thumbnail","hentry","category-biserica-si-societatea","category-stiri"],"_links":{"self":[{"href":"https:\/\/traditia.md\/ro\/wp-json\/wp\/v2\/posts\/39042","targetHints":{"allow":["GET"]}}],"collection":[{"href":"https:\/\/traditia.md\/ro\/wp-json\/wp\/v2\/posts"}],"about":[{"href":"https:\/\/traditia.md\/ro\/wp-json\/wp\/v2\/types\/post"}],"author":[{"embeddable":true,"href":"https:\/\/traditia.md\/ro\/wp-json\/wp\/v2\/users\/3"}],"replies":[{"embeddable":true,"href":"https:\/\/traditia.md\/ro\/wp-json\/wp\/v2\/comments?post=39042"}],"version-history":[{"count":1,"href":"https:\/\/traditia.md\/ro\/wp-json\/wp\/v2\/posts\/39042\/revisions"}],"predecessor-version":[{"id":39043,"href":"https:\/\/traditia.md\/ro\/wp-json\/wp\/v2\/posts\/39042\/revisions\/39043"}],"wp:featuredmedia":[{"embeddable":true,"href":"https:\/\/traditia.md\/ro\/wp-json\/wp\/v2\/media\/39040"}],"wp:attachment":[{"href":"https:\/\/traditia.md\/ro\/wp-json\/wp\/v2\/media?parent=39042"}],"wp:term":[{"taxonomy":"category","embeddable":true,"href":"https:\/\/traditia.md\/ro\/wp-json\/wp\/v2\/categories?post=39042"},{"taxonomy":"post_tag","embeddable":true,"href":"https:\/\/traditia.md\/ro\/wp-json\/wp\/v2\/tags?post=39042"}],"curies":[{"name":"wp","href":"https:\/\/api.w.org\/{rel}","templated":true}]}}