{"id":38972,"date":"2026-03-23T09:25:55","date_gmt":"2026-03-23T07:25:55","guid":{"rendered":"https:\/\/traditia.md\/?p=38972"},"modified":"2026-03-23T09:27:42","modified_gmt":"2026-03-23T07:27:42","slug":"un-nou-giuvaier-duhovnicesc-in-visteria-sacra-a-ortodoxiei-romanesti","status":"publish","type":"post","link":"https:\/\/traditia.md\/ro\/un-nou-giuvaier-duhovnicesc-in-visteria-sacra-a-ortodoxiei-romanesti\/","title":{"rendered":"Un nou giuvaier duhovnicesc \u00een visteria sacr\u0103 a Ortodoxiei rom\u00e2ne\u0219ti"},"content":{"rendered":"<p><span style=\"font-size: 12pt;\"><strong>La M\u0103n\u0103stirea R\u00e2me\u021b, jude\u021bul Alba, au fost deshumate moa\u0219tele Sfintei Filotimia de la R\u00e2me\u021b, mama Sf\u00e2nrtului Dometie cel Milostiv, comunic\u0103 <\/strong><a href=\"https:\/\/basilica.ro\/deshumare-sf-filotimia-ramet\/\"><strong>Basilica.ro<\/strong><\/a><strong>.<\/strong><\/span><\/p>\n<p>\u201eAst\u0103zi, \u00een vistieria sacr\u0103 a M\u0103n\u0103stirii R\u00e2me\u021b, intr\u0103 un nou giuvaier duhovnicesc: cinstitele moa\u0219te ale Sfintei Cuvioase Filotimia\u201d, a spus \u00cenaltpreasfin\u021bitul Irineu, Arhiepiscopul de Alba Iuliei. \u201eAcestea vor fi venerate al\u0103turi de cele ale Sf\u00e2ntului Ierarh Ghelasie \u0219i ale Sf\u00e2ntului Cuvios Dometie cel Milostiv.\u201d<\/p>\n<p>Afirma\u021biile au fost f\u0103cute de ierarh la M\u0103n\u0103stirea R\u00e2me\u021b, la 19 martie, cu prilejul deshum\u0103rii moa\u0219telor Sfintei Cuvioase Filotimia, mama Sf\u00e2ntului Dometie cel Milostiv de la R\u00e2me\u021b, canonizat \u0219i el de Biserica Ortodox\u0103 Rom\u00e2n\u0103 \u00een 2024.<\/p>\n<p>\u201eDe la Sf\u00e2nta Cuvioas\u0103 Filotimia \u00eenv\u0103\u021b\u0103m s\u0103 fim perseveren\u021bi \u00een lupta vie\u021bii \u0219i s\u0103 fim buni \u0219i amabili cu cei din jurul nostru. De asemenea, de la ea \u00eenv\u0103\u021b\u0103m s\u0103 accept\u0103m cu r\u0103bdare durerile, necazurile \u0219i \u00eencerc\u0103rile care vin peste noi, av\u00e2nd certitudinea c\u0103 numai pe calea \u00eengust\u0103 a Crucii putem ajunge \u00een \u00cemp\u0103r\u0103\u021bia Sfintei Treimi\u201d, a spus \u00cenaltpreasfin\u021bia Sa.<\/p>\n<p>\u201eAcum, Duhul Sfintei Filotimia, care cu \u00eengerii \u00eempreun\u0103 se bucur\u0103, le spune c\u0103lug\u0103ri\u021belor de aici, cu Sf\u00e2ntul Apostol Pavel: C\u0103lca\u021bi pe urmele mele \u2013 adic\u0103: Urma\u021bi-mi mie. Acum, sufletul ei delicat ne spune nou\u0103, tuturor credincio\u0219ilor, cu Sf\u00e2ntul Apostol Petru: Fi\u021bi \u0219i voi sfin\u021bi \u00een \u00eentreaga voastr\u0103 purtare, tr\u0103i\u021bi-v\u0103 \u00eentru fric\u0103 zilele vremelniciei voastre!\u201d<\/p>\n<p>R\u00e2nduiala deshum\u0103rii a \u00eenceput la primele ore ale dimine\u021bii, dup\u0103 Sf\u00e2nta Liturghie, \u0219i s-a desf\u0103\u0219urat cu respectarea \u00eendrum\u0103rilor \u0219i reglement\u0103rilor Sf\u00e2ntului Sinod, sub supravegherea unor speciali\u0219ti \u00een medicin\u0103 \u0219i antropologie.<\/p>\n<p>Dup\u0103 deshumare, moa\u0219tele au fost purtate \u00een procesiune p\u00e2n\u0103 \u00een biserica m\u0103n\u0103stirii, unde s-a \u00eencheiat r\u00e2nduiala liturgic\u0103.<\/p>\n<p>\u201eAm tr\u0103it momente de mare bucurie ast\u0103zi la M\u0103n\u0103stirea R\u00e2me\u021b, pentru c\u0103 familia Sfin\u021bilor R\u00e2me\u021bului se \u00eembog\u0103\u021be\u0219te cu \u00eenc\u0103 un sf\u00e2nt, cu Sf\u00e2nta Cuvioas\u0103 Filotimia, mama Sf\u00e2ntului Cuvios Dometie cel Milostiv de la R\u00e2me\u021b\u201d, a declarat, pentru Radio Re\u00eentregirea, p\u0103rintele Oliviu Botoi, consilier cultural al Arhiepiscopiei Alba Iuliei.<\/p>\n<p>Moa\u0219tele vor fi a\u0219ezate permanent spre cinstire \u00een biserica mare a M\u0103n\u0103stirii R\u00e2me\u021b, l\u00e2ng\u0103 cele ale fiului dup\u0103 trup al sfintei, Sf\u00e2ntul Cuvios Dometie cel Milostiv.<\/p>\n<p>P\u0103rintele Oliviu Botoi a amintit c\u0103 prima parte a vie\u021bii Sfintei Cuvioase Filotimia este legat\u0103 de familie, de care s-a \u00eengrijit cu mult\u0103 responsabilitate, fiind mama a 12 copii, pe care i-a \u00eengrijit \u0219i i-a educat \u00een fric\u0103 de Dumnezeu, mul\u021bi ajung\u00e2nd slujitori ai Bisericii.<\/p>\n<p>\u201eA fost o mam\u0103 prin sufletul c\u0103reia au trecut multe, multe suferin\u021be, odat\u0103 cu mutarea timpurie la cele ve\u0219nice a multora dintre pruncii pe care i-a n\u0103scut\u201d, a subliniat p\u0103rintele consilier.<\/p>\n<p>\u201eA trecut printr-o boal\u0103 \u0219i printr-o suferin\u021b\u0103 din care Dumnezeu a ridicat-o \u0219i a t\u0103m\u0103duit-o \u00een mod miraculos, iar \u00een a doua parte a vie\u021bii sale, atunci c\u00e2nd a r\u0103mas v\u0103duv\u0103, s-a apropiat mai mult de cele sfinte, s-a dedicat \u00eentru totul rug\u0103ciunii \u0219i nevoin\u021bei la M\u0103n\u0103stirea R\u00e2me\u021b al\u0103turi de fiul ei, Sf\u00e2ntul Dometie, \u0219i de fiica ei, Maica Eudoxia.\u201d<\/p>\n<p>\u201eA petrecut \u00een rug\u0103ciune \u0219i \u00een nevoin\u021b\u0103, dar \u00eentr-o discre\u021bie specific\u0103 sfin\u021beniei feminine, p\u00e2n\u0103 \u00een anul 1989, c\u00e2nd \u0219i-a aflat ob\u0219tescul sf\u00e2r\u0219it\u201d, a ad\u0103ugat p\u0103rintele consilier cultural.<\/p>\n<p><img fetchpriority=\"high\" decoding=\"async\" class=\" wp-image-38968 alignleft\" src=\"https:\/\/traditia.md\/wp-content\/uploads\/2026\/03\/1a-2.jpg\" alt=\"1\u0430\" width=\"205\" height=\"286\" srcset=\"https:\/\/traditia.md\/wp-content\/uploads\/2026\/03\/1a-2.jpg 251w, https:\/\/traditia.md\/wp-content\/uploads\/2026\/03\/1a-2-215x300.jpg 215w\" sizes=\"(max-width: 205px) 100vw, 205px\" \/>Stavrofora Apolinaria, stare\u021ba M\u0103n\u0103stirii R\u00e2me\u021b, a cunoscut-o pe sf\u00e2nt\u0103. \u201eA fost un chip luminos care radia bun\u0103tate, bl\u00e2nde\u021be, dragoste \u0219i mil\u0103 fa\u021b\u0103 de ob\u0219tea m\u0103n\u0103stirii \u0219i fa\u021b\u0103 de to\u021bi cei care o conjurau. Deoarece v\u00e2rsta nu mai ajuta s\u0103 fac\u0103 ascult\u0103ri, se ruga mereu \u00een chilie, rostind Doamne, Iisuse sau alte rug\u0103ciuni scurte izvor\u00e2te dintr-o inim\u0103 plin\u0103 de bl\u00e2nde\u021be \u0219i de bun\u0103tate\u201d, a declarat Maica Stare\u021b\u0103 Apolinaria.<\/p>\n<p>Stavrofora a amintit c\u0103 Sf\u00e2ntul Dometie cel Milostiv, fiul sfintei, \u00ee\u0219i elogia mama \u00eentr-o scrisoare din 1959, compar\u00e2nd-o cu o muceni\u021b\u0103.<\/p>\n<p>\u201ePentru noi, ob\u0219tea M\u0103n\u0103stirii R\u00e2me\u021b, Maica Filotimia a fost un model de mam\u0103 \u0219i monahie cu mult\u0103 r\u0103bdare, cu credin\u021b\u0103 \u00een Dumnezeu, cu evlavie, cu dragoste\u201d, a ad\u0103ugat maica stare\u021b\u0103.<\/p>\n<p>\u201eA\u0219 putea spune c\u0103 ambii p\u0103rin\u021bi ai Sf\u00e2ntului Cuvios Dometie erau oameni foarte milostivi, cu toate c\u0103 nu dispuneau de mare bog\u0103\u021bie. Bog\u0103\u021bia cea mai mare a fost credin\u021ba \u0219i n\u0103dejdea \u00een Bunul Dumnezeu \u0219i Maica Domnului, care a \u00eenvins toate \u00eencerc\u0103rile vie\u021bii.\u201d<\/p>\n","protected":false},"excerpt":{"rendered":"<p>La M\u0103n\u0103stirea R\u00e2me\u021b, jude\u021bul Alba, au fost deshumate moa\u0219tele Sfintei Filotimia de la R\u00e2me\u021b, mama Sf\u00e2nrtului Dometie cel Milostiv, comunic\u0103 Basilica.ro. \u201eAst\u0103zi,&hellip;<\/p>\n","protected":false},"author":3,"featured_media":38970,"comment_status":"open","ping_status":"closed","sticky":false,"template":"","format":"standard","meta":{"_lmt_disableupdate":"","_lmt_disable":"","slim_seo":{"title":"Un nou giuvaier duhovnicesc \u00een visteria sacr\u0103 a Ortodoxiei rom\u00e2ne\u0219ti - traditia.md","description":"La M\u0103n\u0103stirea R\u00e2me\u021b, jude\u021bul Alba, au fost deshumate moa\u0219tele Sfintei Filotimia de la R\u00e2me\u021b, mama Sf\u00e2nrtului Dometie cel Milostiv, comunic\u0103 Basilica.ro . \u201eAst\u0103z"},"footnotes":""},"categories":[40,38],"tags":[],"class_list":["post-38972","post","type-post","status-publish","format-standard","has-post-thumbnail","hentry","category-apararea-credintei","category-stiri"],"_links":{"self":[{"href":"https:\/\/traditia.md\/ro\/wp-json\/wp\/v2\/posts\/38972","targetHints":{"allow":["GET"]}}],"collection":[{"href":"https:\/\/traditia.md\/ro\/wp-json\/wp\/v2\/posts"}],"about":[{"href":"https:\/\/traditia.md\/ro\/wp-json\/wp\/v2\/types\/post"}],"author":[{"embeddable":true,"href":"https:\/\/traditia.md\/ro\/wp-json\/wp\/v2\/users\/3"}],"replies":[{"embeddable":true,"href":"https:\/\/traditia.md\/ro\/wp-json\/wp\/v2\/comments?post=38972"}],"version-history":[{"count":1,"href":"https:\/\/traditia.md\/ro\/wp-json\/wp\/v2\/posts\/38972\/revisions"}],"predecessor-version":[{"id":38973,"href":"https:\/\/traditia.md\/ro\/wp-json\/wp\/v2\/posts\/38972\/revisions\/38973"}],"wp:featuredmedia":[{"embeddable":true,"href":"https:\/\/traditia.md\/ro\/wp-json\/wp\/v2\/media\/38970"}],"wp:attachment":[{"href":"https:\/\/traditia.md\/ro\/wp-json\/wp\/v2\/media?parent=38972"}],"wp:term":[{"taxonomy":"category","embeddable":true,"href":"https:\/\/traditia.md\/ro\/wp-json\/wp\/v2\/categories?post=38972"},{"taxonomy":"post_tag","embeddable":true,"href":"https:\/\/traditia.md\/ro\/wp-json\/wp\/v2\/tags?post=38972"}],"curies":[{"name":"wp","href":"https:\/\/api.w.org\/{rel}","templated":true}]}}