{"id":38003,"date":"2026-01-07T09:37:27","date_gmt":"2026-01-07T07:37:27","guid":{"rendered":"https:\/\/traditia.md\/?p=38003"},"modified":"2026-01-07T09:38:33","modified_gmt":"2026-01-07T07:38:33","slug":"hristos-se-naste-mariti-l-2","status":"publish","type":"post","link":"https:\/\/traditia.md\/ro\/hristos-se-naste-mariti-l-2\/","title":{"rendered":"Hristos Se na\u0219te, m\u0103ri\u021bi-L!"},"content":{"rendered":"<p><strong><em>Hristos Se na\u0219te, m\u0103ri\u021bi-L! Hristos din Ceruri, \u00eent\u00e2mpina\u021bi-L! Hristos pe p\u0103m\u00e2nt, \u00een\u0103l\u021ba\u021bi-v\u0103!<\/em><\/strong> <strong><em>C\u00e2nta\u021bi Domnului tot p\u0103m\u00e2ntul \u0219i cu bucurie l\u0103uda\u021bi-L, popoare, c\u0103 S-a pream\u0103rit!<\/em><\/strong><\/p>\n<p>Na\u015fterea Ta, Hristoase, Dumnezeul nostru, r\u0103s\u0103rit-a lumii lumina cuno\u015ftin\u0163ei; c\u0103 \u00eentru d\u00e2nsa cei ce slujeau stelelor de la stea s-au \u00eenv\u0103\u0163at s\u0103 se \u00eenchine \u0162ie, Soarelui drept\u0103\u0163ii \u015fi s\u0103 Te cunoasc\u0103 pe Tine, R\u0103s\u0103ritul Cel de sus, Doamne, Slav\u0103 \u0162ie!<\/p>\n<p>Fecioara ast\u0103zi, pe Cel mai presus de fiin\u0163\u0103 na\u015fte \u015fi p\u0103m\u00e2ntul pe\u015ftera Celui Neapropiat aduce. \u00cengerii cu p\u0103storii slavoslovesc \u015fi magii cu Steaua c\u0103l\u0103toresc. C\u0103 pentru noi s-a n\u0103scut Prunc T\u00e2n\u0103r, Dumnezeu, Cel mai \u00eenainte de veci.<\/p>\n","protected":false},"excerpt":{"rendered":"<p>Hristos Se na\u0219te, m\u0103ri\u021bi-L! Hristos din Ceruri, \u00eent\u00e2mpina\u021bi-L! Hristos pe p\u0103m\u00e2nt, \u00een\u0103l\u021ba\u021bi-v\u0103! C\u00e2nta\u021bi Domnului tot p\u0103m\u00e2ntul \u0219i cu bucurie l\u0103uda\u021bi-L, popoare, c\u0103&hellip;<\/p>\n","protected":false},"author":3,"featured_media":38001,"comment_status":"open","ping_status":"closed","sticky":false,"template":"","format":"standard","meta":{"_lmt_disableupdate":"","_lmt_disable":"","slim_seo":{"title":"Hristos Se na\u0219te, m\u0103ri\u021bi-L! - traditia.md","description":"Hristos Se na\u0219te, m\u0103ri\u021bi-L! Hristos din Ceruri, \u00eent\u00e2mpina\u021bi-L! Hristos pe p\u0103m\u00e2nt, \u00een\u0103l\u021ba\u021bi-v\u0103! C\u00e2nta\u021bi Domnului tot p\u0103m\u00e2ntul \u0219i cu bucurie l\u0103uda\u021bi-L, popoare, c"},"footnotes":""},"categories":[40,38],"tags":[],"class_list":["post-38003","post","type-post","status-publish","format-standard","has-post-thumbnail","hentry","category-apararea-credintei","category-stiri"],"_links":{"self":[{"href":"https:\/\/traditia.md\/ro\/wp-json\/wp\/v2\/posts\/38003","targetHints":{"allow":["GET"]}}],"collection":[{"href":"https:\/\/traditia.md\/ro\/wp-json\/wp\/v2\/posts"}],"about":[{"href":"https:\/\/traditia.md\/ro\/wp-json\/wp\/v2\/types\/post"}],"author":[{"embeddable":true,"href":"https:\/\/traditia.md\/ro\/wp-json\/wp\/v2\/users\/3"}],"replies":[{"embeddable":true,"href":"https:\/\/traditia.md\/ro\/wp-json\/wp\/v2\/comments?post=38003"}],"version-history":[{"count":1,"href":"https:\/\/traditia.md\/ro\/wp-json\/wp\/v2\/posts\/38003\/revisions"}],"predecessor-version":[{"id":38004,"href":"https:\/\/traditia.md\/ro\/wp-json\/wp\/v2\/posts\/38003\/revisions\/38004"}],"wp:featuredmedia":[{"embeddable":true,"href":"https:\/\/traditia.md\/ro\/wp-json\/wp\/v2\/media\/38001"}],"wp:attachment":[{"href":"https:\/\/traditia.md\/ro\/wp-json\/wp\/v2\/media?parent=38003"}],"wp:term":[{"taxonomy":"category","embeddable":true,"href":"https:\/\/traditia.md\/ro\/wp-json\/wp\/v2\/categories?post=38003"},{"taxonomy":"post_tag","embeddable":true,"href":"https:\/\/traditia.md\/ro\/wp-json\/wp\/v2\/tags?post=38003"}],"curies":[{"name":"wp","href":"https:\/\/api.w.org\/{rel}","templated":true}]}}