{"id":37842,"date":"2025-12-23T09:00:41","date_gmt":"2025-12-23T07:00:41","guid":{"rendered":"https:\/\/traditia.md\/?p=37842"},"modified":"2025-12-23T09:00:41","modified_gmt":"2025-12-23T07:00:41","slug":"cenaclul-literar-crestin-cuvantul-la-ceas-aniversar-20-de-ani","status":"publish","type":"post","link":"https:\/\/traditia.md\/ro\/cenaclul-literar-crestin-cuvantul-la-ceas-aniversar-20-de-ani\/","title":{"rendered":"Cenaclul literar-cre\u0219tin \u201eCuv\u00e2ntul\u201d la ceas aniversar \u2013 20 de ani"},"content":{"rendered":"<p><strong>Chiar dac\u0103 ziua de iarn\u0103 din 21 decembrie 2025 a fost cea mai scurt\u0103 din an, tinerii condeieri cei mai talenta\u021bi din toat\u0103 \u021bara din cadrul Concursului republican de poezie cre\u0219tin\u0103 \u201eScriu \u0219i c\u00e2nt pentru steaua Pruncului Sf\u00e2nt\u201d s-au gr\u0103bit s\u0103 ajung\u0103 la Chi\u0219in\u0103u, la \u0219edin\u021ba Cenaclul literar-cre\u0219tin \u201eCuv\u00e2ntul\u201d la ceas aniversar \u2013 20 de ani, ca s\u0103-\u0219i ridice premiile pentru participare la concurs! Agenda \u0219edin\u021bei cenaclului a fost bogat\u0103 \u0219i ne\u00eenc\u0103p\u0103toare pentru p\u0103rin\u021bi, copii \u0219i profesori, c\u0103ci s\u0103rb\u0103toarea aniversar\u0103 a fost marcat\u0103 de ast\u0103 dat\u0103 nu prin invita\u021bii ale diferitor personalit\u0103\u021bi de v\u00e2rf, ci prin cei 174 de tineri creatori de poezie din toat\u0103 Moldova. <\/strong><\/p>\n<p>Mi-am zis c\u0103 trebuie c\u00e2t mai mult\u0103 lumin\u0103 s\u0103 rev\u0103rs\u0103m \u00een sufletele copiilor, a genera\u021biei de poe\u021bi a zilelor de m\u00e2ine. Prin aceast\u0103 \u0219edin\u021b\u0103 extraordinar\u0103 am vrut s\u0103 transmitem \u0219tafeta poeziei de m\u00e2ine prin capilarele sangvine ale ace\u0219tor copii, care tr\u0103iesc cele mai frumoase st\u0103ri poetice cre\u0219tine, rev\u0103rs\u00e2nd lumina lui Iisus Hristos.<\/p>\n<p>Dar punctul culminant al cenaclului a fost lansarea c\u0103r\u021bii <em>\u201e\u00cenchis \u00een univers\u201d<\/em>, versuri de suflet, scris\u0103 de poetul <strong>Constantin SANDIC<\/strong>, care anul acesta \u0219i-a s\u0103rb\u0103torit \u0219i aniversarea a 45 de ani. Dincolo de faptul c\u0103 are probleme de s\u0103n\u0103tate, poetul Constantin SANDIC p\u0103trunde \u00een literatura contemporan\u0103 cu o prezen\u021b\u0103 aparte, nu prin spectaculozitate, ci prin delicate\u021bea profund\u0103 cu care \u00eemplete\u0219te lumina \u0219i suferin\u021ba. \u00cen versurile sale, fragilitatea nu este un cap\u0103t de drum, ci un spa\u021biu fertil \u00een care se nasc sensuri noi. Dizabilitatea fizic\u0103, adesea privit\u0103 de societate ca o pierdere, devine \u00een poezia lui o f\u00e2nt\u00e2n\u0103 de introspec\u021bie, un filtru prin care realitatea se vede nu mai s\u0103rac\u0103, ci mai curat\u0103, mai adev\u0103rat\u0103.<\/p>\n<p>Scriitura lui este una a rezisten\u021bei interioare: calm\u0103, dar puternic\u0103; bl\u00e2nd\u0103, dar indestructibil\u0103. Fiecare poem pare o m\u0103rturisire discret\u0103, dar \u00eenc\u0103rcat\u0103 de emo\u021bie pur\u0103. Poetul nu caut\u0103 compasiune, ci s\u0103 transmit\u0103 adev\u0103rul propriei experien\u021be \u2013 un adev\u0103r \u00een care corpul sl\u0103bit \u0219i sufletul vertical se completeaz\u0103 \u00een t\u0103cere. Despre cartea autorului au vorbit: <strong>Ludmila SOCHIRC\u0102<\/strong>, poet\u0103, medic de profesie, membr\u0103 a UZPR Filiala Chi\u0219in\u0103u; <strong>Raisa PL\u0102IE\u0218U<\/strong>, scriitoare, membr\u0103 a USM, pre\u0219edintele Cenaclului literar-cre\u0219tin \u201eCuv\u00e2ntul\u201d; <strong>Valentin ASTAFI<\/strong>, poet; <strong>Constantin SANDIC<\/strong>, autorul c\u0103r\u021bii \u201e\u00cenchis \u00een univers\u201d.<\/p>\n<p>Mul\u021bumim sponsorilor care au contribuit la sponsorizarea acestei c\u0103r\u021bi \u0219i au \u00eemplinit visul multr\u00e2vnit al poetului Constantin SANDIC \u00een preajma s\u0103rb\u0103torii de Cr\u0103ciun: <strong>membrii Cenaclului literar-cre\u0219tin \u201eCuv\u00e2ntul\u201d; Portalului jurnali\u0219tilor \u0219i bloggerilor Ortodoc\u0219i \u201eTradi\u021bia\u201d; S.C.Bons Offices SRL. <\/strong><\/p>\n<p>Vreau s\u0103 mul\u021bumesc din suflet tuturor care au participat \u00een cadrul programului cenaclului aniversar: binecuv\u00e2ntare \u0219i predic\u0103 cre\u0219tin\u0103 de la <strong>preotul Alexandru PRUTEANU<\/strong>, Biserica \u201e\u00cent\u00e2mpinarea Domnului\u201d, USM, or.Chi\u0219in\u0103u; <strong>Angelina KORJAN<\/strong>, interpret\u0103 \u0219i compozitoare \u0219i fiica ei <strong>Laura KORJAN<\/strong>; <strong>Ansamblul vocal \u201eNa\u0219terea Maicii Domnului\u201d<\/strong>, s. Tele\u0219eu Pantanassa, conduc\u0103tor artistic <strong>Aliona PANU\u0218<\/strong>, profesoar\u0103 de muzic\u0103; membrii Cenaclul literar-cre\u0219tin \u201eCuv\u00e2ntul\u201d: <strong>Tatiana CROITOR<\/strong>, poet\u0103, director adjunct al Casei de Crea\u021bie a Copiilor din or. Orhei; <strong>Veronica SIMIONICA-HASNA\u0218<\/strong>, poet\u0103 \u0219i medic de profesie; <strong>Ludmila SOCHIRC\u0102<\/strong>, poet\u0103, medic de profesie, membr\u0103 a UZPR Filiala Chi\u0219in\u0103u; <strong>Nina CARAMAN<\/strong>, poet\u0103, jurist de profesie; <strong>Svetlana GURANDA<\/strong>, poet\u0103; <strong>Constantin SANDIC<\/strong>, poet<strong>;\u00a0 Cristian PL\u0102IE\u0218U<\/strong>, poet \u0219i artist fotografic \u0219i al\u021bii; Cenaclul literar-cre\u0219tin \u201eLumin\u0103 din Lumin\u0103\u201d, condu\u0219i de pre\u0219edinta cenaclului <strong>Emilia MARANDIUC<\/strong>, profesoar\u0103 de religie IPLT \u201ePrincipesa Natalia Dadiani\u201d, or. Chi\u0219in\u0103u; <strong>Maria ANDRONIC<\/strong>, cl.IV, s.R\u0103ciula, r. C\u0103l\u0103ra\u0219.<\/p>\n<p>\u00cen cadrul Galei Laurea\u021biilor premiilor Concursului republican de poezie cre\u0219tin\u0103 \u201eScriu \u0219i c\u00e2nt pentru steaua Pruncului Sf\u00e2nt\u201d, copiii au primit c\u00e2te o Diplom\u0103 de gratitudine, un cadou de Cr\u0103ciun, cruciuli\u021be \u0219i c\u0103r\u021bi de rug\u0103ciuni. De asemenea, au fost men\u021biona\u021bi cu o Diplom\u0103 de Excelen\u021b\u0103 \u0219i profesorii care au \u0219i-au adus contribu\u021bia \u00een crea\u021bia literar\u0103 a poeziilor copiilor.<\/p>\n<p>Iisus Hristos ne \u00eendeamn\u0103 mereu: <em>\u201eL\u0103sa\u021bi copila\u0219ii s\u0103 vin\u0103 la Mine \u0219i nu-i opri\u021bi, c\u0103ci \u00cemp\u0103r\u0103\u021bia lui Dumnezeu este a unora ca ei. Adev\u0103rat v\u0103 spun c\u0103 oricine nu va primi \u00cemp\u0103r\u0103\u021bia lui Dumnezeu ca un copila\u0219 cu niciun chip nu va intra \u00een ea.\u201d<\/em><\/p>\n<p style=\"text-align: right;\"><strong><em>Raisa Pl\u0103ie\u0219u<\/em><\/strong><strong><em>, <br \/>\npentru Traditia.md<\/em><\/strong><\/p>\n<p><img fetchpriority=\"high\" decoding=\"async\" class=\"alignnone size-full wp-image-37843\" src=\"https:\/\/traditia.md\/wp-content\/uploads\/2025\/12\/1a.jpg\" alt=\"1\u0430\" width=\"350\" height=\"234\" srcset=\"https:\/\/traditia.md\/wp-content\/uploads\/2025\/12\/1a.jpg 350w, https:\/\/traditia.md\/wp-content\/uploads\/2025\/12\/1a-300x201.jpg 300w, https:\/\/traditia.md\/wp-content\/uploads\/2025\/12\/1a-263x175.jpg 263w\" sizes=\"(max-width: 350px) 100vw, 350px\" \/><img decoding=\"async\" class=\"alignnone size-full wp-image-37845\" src=\"https:\/\/traditia.md\/wp-content\/uploads\/2025\/12\/2a.jpg\" alt=\"2\u0430\" width=\"350\" height=\"234\" srcset=\"https:\/\/traditia.md\/wp-content\/uploads\/2025\/12\/2a.jpg 350w, https:\/\/traditia.md\/wp-content\/uploads\/2025\/12\/2a-300x201.jpg 300w, https:\/\/traditia.md\/wp-content\/uploads\/2025\/12\/2a-263x175.jpg 263w\" sizes=\"(max-width: 350px) 100vw, 350px\" \/><img decoding=\"async\" class=\"alignnone size-full wp-image-37847\" src=\"https:\/\/traditia.md\/wp-content\/uploads\/2025\/12\/3a.jpg\" alt=\"3\u0430\" width=\"350\" height=\"234\" srcset=\"https:\/\/traditia.md\/wp-content\/uploads\/2025\/12\/3a.jpg 350w, https:\/\/traditia.md\/wp-content\/uploads\/2025\/12\/3a-300x201.jpg 300w, https:\/\/traditia.md\/wp-content\/uploads\/2025\/12\/3a-263x175.jpg 263w\" sizes=\"(max-width: 350px) 100vw, 350px\" \/><img loading=\"lazy\" decoding=\"async\" class=\"alignnone size-full wp-image-37849\" src=\"https:\/\/traditia.md\/wp-content\/uploads\/2025\/12\/4a.jpg\" alt=\"4\u0430\" width=\"350\" height=\"234\" srcset=\"https:\/\/traditia.md\/wp-content\/uploads\/2025\/12\/4a.jpg 350w, https:\/\/traditia.md\/wp-content\/uploads\/2025\/12\/4a-300x201.jpg 300w, https:\/\/traditia.md\/wp-content\/uploads\/2025\/12\/4a-263x175.jpg 263w\" sizes=\"(max-width: 350px) 100vw, 350px\" \/><\/p>\n","protected":false},"excerpt":{"rendered":"<p>Chiar dac\u0103 ziua de iarn\u0103 din 21 decembrie 2025 a fost cea mai scurt\u0103 din an, tinerii condeieri cei mai talenta\u021bi din&hellip;<\/p>\n","protected":false},"author":3,"featured_media":37851,"comment_status":"open","ping_status":"closed","sticky":false,"template":"","format":"standard","meta":{"_lmt_disableupdate":"","_lmt_disable":"","slim_seo":{"title":"Cenaclul literar-cre\u0219tin \u201eCuv\u00e2ntul\u201d la ceas aniversar \u2013 20 de ani - traditia.md","description":"Chiar dac\u0103 ziua de iarn\u0103 din 21 decembrie 2025 a fost cea mai scurt\u0103 din an, tinerii condeieri cei mai talenta\u021bi din toat\u0103 \u021bara din cadrul Concursului republica"},"footnotes":""},"categories":[44,38],"tags":[],"class_list":["post-37842","post","type-post","status-publish","format-standard","has-post-thumbnail","hentry","category-actualitate","category-stiri"],"_links":{"self":[{"href":"https:\/\/traditia.md\/ro\/wp-json\/wp\/v2\/posts\/37842","targetHints":{"allow":["GET"]}}],"collection":[{"href":"https:\/\/traditia.md\/ro\/wp-json\/wp\/v2\/posts"}],"about":[{"href":"https:\/\/traditia.md\/ro\/wp-json\/wp\/v2\/types\/post"}],"author":[{"embeddable":true,"href":"https:\/\/traditia.md\/ro\/wp-json\/wp\/v2\/users\/3"}],"replies":[{"embeddable":true,"href":"https:\/\/traditia.md\/ro\/wp-json\/wp\/v2\/comments?post=37842"}],"version-history":[{"count":1,"href":"https:\/\/traditia.md\/ro\/wp-json\/wp\/v2\/posts\/37842\/revisions"}],"predecessor-version":[{"id":37853,"href":"https:\/\/traditia.md\/ro\/wp-json\/wp\/v2\/posts\/37842\/revisions\/37853"}],"wp:featuredmedia":[{"embeddable":true,"href":"https:\/\/traditia.md\/ro\/wp-json\/wp\/v2\/media\/37851"}],"wp:attachment":[{"href":"https:\/\/traditia.md\/ro\/wp-json\/wp\/v2\/media?parent=37842"}],"wp:term":[{"taxonomy":"category","embeddable":true,"href":"https:\/\/traditia.md\/ro\/wp-json\/wp\/v2\/categories?post=37842"},{"taxonomy":"post_tag","embeddable":true,"href":"https:\/\/traditia.md\/ro\/wp-json\/wp\/v2\/tags?post=37842"}],"curies":[{"name":"wp","href":"https:\/\/api.w.org\/{rel}","templated":true}]}}