{"id":37835,"date":"2025-12-22T10:09:41","date_gmt":"2025-12-22T08:09:41","guid":{"rendered":"https:\/\/traditia.md\/?p=37835"},"modified":"2025-12-22T10:10:32","modified_gmt":"2025-12-22T08:10:32","slug":"iar-noi-ne-agitam-mereu-ne-facem-griji-iar-grijile-noastre-nu-se-mai-termina","status":"publish","type":"post","link":"https:\/\/traditia.md\/ro\/iar-noi-ne-agitam-mereu-ne-facem-griji-iar-grijile-noastre-nu-se-mai-termina\/","title":{"rendered":"Iar noi ne agit\u0103m mereu, ne facem griji, iar grijile noastre nu se mai termin\u0103"},"content":{"rendered":"<p><strong><em>\u00cen jurul nostru ne \u00eent\u00e2mpin\u0103 mereu lec\u0163ii de via\u0163\u0103, dar nu ne \u00eenv\u0103\u0163\u0103m nicidecum minte, de parc\u0103 am fi orbi \u015fi n-am vedea nimic. La drept vorbind, chiar suntem orbi sau mai bine zis, orbi\u0163i: ne credem f\u0103r\u0103 de sf\u00e2r\u015fit \u2013 pe noi \u00een\u015fine \u015fi ceea ce ne \u00eenconjoar\u0103 \u015fi ne st\u0103p\u00e2ne\u015fte.<\/em><\/strong><\/p>\n<p>Ucenicii I-au ar\u0103tat Domnului frumuse\u0163ea zidirilor \u015fi podoabelor templului, dar El a zis: <em>\u201eVor veni zile c\u00e2nd din cele ce vede\u0163i nu va r\u0103m\u00e2ne piatr\u0103 pe piatr\u0103 care s\u0103 nu se risipeasc\u0103.\u201d <\/em>(Luca 21:6) A\u015fa sf\u00e2r\u015fesc toate frumuse\u0163ile acestei lumi. Ele par trainice \u015fi ve\u015fnice, \u00eens\u0103 nu dup\u0103 mult\u0103 vreme vezi c\u0103 parc\u0103 nici n-ar fi fost: <strong>frumuse\u0163ea se ofile\u015fte, slava apune, min\u0163ile \u00eemb\u0103tr\u00e2nesc, iar ve\u015fmintele se ponosesc.<\/strong> Toate lucrurile lume\u015fti poart\u0103 \u00een sine o putere nimicitoare, care nu r\u0103m\u00e2ne ca o s\u0103m\u00e2n\u0163\u0103 ne\u00eencol\u0163it\u0103, ci e tot timpul \u00een lucrare \u015fi se \u00eendreapt\u0103 f\u0103r\u0103 de z\u0103bav\u0103 c\u0103tre \u0163inta sa. <em>\u201eChipul acestei lumi trece; ca un chip trece omul: str\u00e2nge comori, \u015fi nu \u015ftie cui le adun\u0103 pe ele.\u201d <\/em><\/p>\n<p>Iar noi ne agit\u0103m mereu, ne facem griji, iar grijile noastre nu se mai termin\u0103. \u00cen jurul nostru ne \u00eent\u00e2mpin\u0103 mereu lec\u0163ii de via\u0163\u0103, dar nu ne \u00eenv\u0103\u0163\u0103m nicidecum minte, de parc\u0103 am fi orbi \u015fi n-am vedea nimic. La drept vorbind, chiar suntem orbi sau mai bine zis, orbi\u0163i: ne credem f\u0103r\u0103 de sf\u00e2r\u015fit \u2013 pe noi \u00een\u015fine \u015fi ceea ce ne \u00eenconjoar\u0103 \u015fi ne st\u0103p\u00e2ne\u015fte. \u015ei mai ce? Aranj\u00e2ndu-ne bine (dup\u0103 p\u0103rerea noastr\u0103), ni se pare c\u0103 pozi\u0163ia noastr\u0103 este solid\u0103 ca o st\u00e2nc\u0103, \u00een vreme ce ea seam\u0103n\u0103 mai degrab\u0103 cu o mla\u015ftin\u0103: acum, acum te duci la fund. Dar nu sim\u0163im aceasta \u015fi ne desf\u0103t\u0103m cu nep\u0103sare de cele trec\u0103toare, de parc\u0103 acestea ar r\u0103m\u00e2ne pentru totdeauna.<\/p>\n<p><strong>S\u0103 ne rug\u0103m, dar, ca Domnul s\u0103 ne deschid\u0103 ochii min\u0163ii \u015fi s\u0103 vedem toate nu a\u015fa cum ni se par acum, ci a\u015fa cum sunt ele de fapt.<\/strong><\/p>\n<p style=\"text-align: right;\"><strong><em>Sf\u00e2ntul Teofan Z\u0103vor\u00e2tul. T\u00e2lcuiri din Sf\u00e2nta Scriptur\u0103 pentru fiecare zi din an<\/em><\/strong><\/p>\n","protected":false},"excerpt":{"rendered":"<p>\u00cen jurul nostru ne \u00eent\u00e2mpin\u0103 mereu lec\u0163ii de via\u0163\u0103, dar nu ne \u00eenv\u0103\u0163\u0103m nicidecum minte, de parc\u0103 am fi orbi \u015fi n-am&hellip;<\/p>\n","protected":false},"author":3,"featured_media":37833,"comment_status":"open","ping_status":"closed","sticky":false,"template":"","format":"standard","meta":{"_lmt_disableupdate":"","_lmt_disable":"","slim_seo":{"title":"Iar noi ne agit\u0103m mereu, ne facem griji, iar grijile noastre nu se mai termin\u0103 - traditia.md","description":"\u00cen jurul nostru ne \u00eent\u00e2mpin\u0103 mereu lec\u0163ii de via\u0163\u0103, dar nu ne \u00eenv\u0103\u0163\u0103m nicidecum minte, de parc\u0103 am fi orbi \u015fi n-am vedea nimic. La drept vorbind, chiar suntem o"},"footnotes":""},"categories":[44,38],"tags":[],"class_list":["post-37835","post","type-post","status-publish","format-standard","has-post-thumbnail","hentry","category-actualitate","category-stiri"],"_links":{"self":[{"href":"https:\/\/traditia.md\/ro\/wp-json\/wp\/v2\/posts\/37835","targetHints":{"allow":["GET"]}}],"collection":[{"href":"https:\/\/traditia.md\/ro\/wp-json\/wp\/v2\/posts"}],"about":[{"href":"https:\/\/traditia.md\/ro\/wp-json\/wp\/v2\/types\/post"}],"author":[{"embeddable":true,"href":"https:\/\/traditia.md\/ro\/wp-json\/wp\/v2\/users\/3"}],"replies":[{"embeddable":true,"href":"https:\/\/traditia.md\/ro\/wp-json\/wp\/v2\/comments?post=37835"}],"version-history":[{"count":1,"href":"https:\/\/traditia.md\/ro\/wp-json\/wp\/v2\/posts\/37835\/revisions"}],"predecessor-version":[{"id":37836,"href":"https:\/\/traditia.md\/ro\/wp-json\/wp\/v2\/posts\/37835\/revisions\/37836"}],"wp:featuredmedia":[{"embeddable":true,"href":"https:\/\/traditia.md\/ro\/wp-json\/wp\/v2\/media\/37833"}],"wp:attachment":[{"href":"https:\/\/traditia.md\/ro\/wp-json\/wp\/v2\/media?parent=37835"}],"wp:term":[{"taxonomy":"category","embeddable":true,"href":"https:\/\/traditia.md\/ro\/wp-json\/wp\/v2\/categories?post=37835"},{"taxonomy":"post_tag","embeddable":true,"href":"https:\/\/traditia.md\/ro\/wp-json\/wp\/v2\/tags?post=37835"}],"curies":[{"name":"wp","href":"https:\/\/api.w.org\/{rel}","templated":true}]}}