{"id":37818,"date":"2025-12-21T08:54:37","date_gmt":"2025-12-21T06:54:37","guid":{"rendered":"https:\/\/traditia.md\/?p=37818"},"modified":"2025-12-21T08:55:37","modified_gmt":"2025-12-21T06:55:37","slug":"toti-sunt-oare-recunoscatori-lui-dumnezeu-si-toti-ii-dau-multumita-pentru-toate","status":"publish","type":"post","link":"https:\/\/traditia.md\/ro\/toti-sunt-oare-recunoscatori-lui-dumnezeu-si-toti-ii-dau-multumita-pentru-toate\/","title":{"rendered":"To\u0163i sunt, oare, recunosc\u0103tori lui Dumnezeu \u015fi to\u0163i \u00eei dau mul\u0163umit\u0103 pentru toate?"},"content":{"rendered":"<p><strong><em>Ast\u0103zi, \u00een Duminica a XXVIII-a dup\u0103 Cincizecime, la Sf\u00e2nta \u0219i Dumnezeiasca Liturghie se cite\u0219te fragmentul din Evanghelia dup\u0103 Luca despre vindecarea celor zece lepro\u0219i (17:12-19).<\/em><\/strong><\/p>\n<p><em>Intr\u00e2nd \u00eentr-un sat, L-au \u00eent\u00e2mpinat zece lepro\u015fi care st\u0103teau departe,<\/em><\/p>\n<p><em>\u015ei care au ridicat glasul \u015fi au zis: Iisuse, \u00cenv\u0103\u0163\u0103torule, fie-\u0162i mil\u0103 de noi!<\/em><\/p>\n<p><em>\u015ei v\u0103z\u00e2ndu-i, El le-a zis: Duce\u0163i-v\u0103 \u015fi v\u0103 ar\u0103ta\u0163i preo\u0163ilor. Dar, pe c\u00e2nd ei se duceau, s-au cur\u0103\u0163it.<\/em><\/p>\n<p><em>Iar unul dintre ei, v\u0103z\u00e2nd c\u0103 s-a vindecat, s-a \u00eentors cu glas mare sl\u0103vind pe Dumnezeu.<\/em><\/p>\n<p><em>\u015ei a c\u0103zut cu fa\u0163a la p\u0103m\u00e2nt la picioarele lui Iisus, mul\u0163umindu-I. \u015ei acela era samarinean.<\/em><\/p>\n<p><em>\u015ei r\u0103spunz\u00e2nd, Iisus a zis: Au nu zece s-au cur\u0103\u0163it? Dar cei nou\u0103 unde sunt?<\/em><\/p>\n<p><em>Nu s-a g\u0103sit s\u0103 se \u00eentoarc\u0103 s\u0103 dea slav\u0103 lui Dumnezeu dec\u00e2t numai acesta, care este de alt neam?<\/em><\/p>\n<p><em>\u015ei i-a zis: Scoal\u0103-te \u015fi du-te; credin\u0163a ta te-a m\u00e2ntuit.<\/em><\/p>\n<p><strong>T\u00e2lcuirea Sf\u00e2ntului Ierarh Teofan Z\u0103vor\u00e2tul<\/strong><\/p>\n<p>Au fost t\u0103m\u0103dui\u0163i zece lepro\u015fi, dar numai unul singur s-a \u00eentors s\u0103-I mul\u0163umeasc\u0103 Domnului. Oare nu acesta este, \u00eendeob\u015fte, procentul celor recunosc\u0103tori dintre oamenii care au primit binefaceri de la Domnul? Cine n-a c\u0103p\u0103tat de la Domnul lucruri bune sau, mai bine zis, ce n-a f\u0103cut El bun \u00een noi \u015fi \u00een jurul nostru? Dar to\u0163i sunt, oare, recunosc\u0103tori lui Dumnezeu \u015fi to\u0163i \u00eei dau mul\u0163umit\u0103 pentru toate? Unii \u00ee\u015fi \u00eeng\u0103duie chiar s\u0103 \u00eentrebe: \u201ePentru ce ne-a dat Dumnezeu via\u0163\u0103? Ar fi fost mai bine s\u0103 nu fim.\u201d<\/p>\n<p>Dumnezeu \u0163i-a dat via\u0163\u0103 ca s\u0103 ai parte de fericirea ve\u015fnic\u0103; te-a adus la fiin\u0163\u0103 f\u0103r\u0103 s\u0103 urm\u0103reasc\u0103 vreun c\u00e2\u015ftig, tot f\u0103r\u0103 s\u0103 urm\u0103reasc\u0103 vreun c\u00e2\u015ftig te-a \u00eenzestrat \u015fi cu toate mijloacele de a ajunge la fericirea ve\u015fnic\u0103; totul \u0163ine de tine: nu trebuie dec\u00e2t s\u0103 te ostene\u015fti pu\u0163in pentru asta. Tu spui: \u201eDar n-am parte dec\u00e2t de am\u0103r\u0103ciuni, de necazuri, de suferin\u0163e, de nevoi.\u201d P\u0103i cum, \u015fi astea sunt mijloace de a dob\u00e2ndi ve\u015fnica fericire, rabd\u0103.<\/p>\n<p>Toat\u0103 via\u0163a ta nu e nici c\u00e2t o clip\u0103 fa\u0163\u0103 de ve\u015fnicie. Chiar dac\u0103 ar trebui s\u0103 p\u0103time\u015fti via\u0163a \u00eentreag\u0103, f\u0103r\u0103 curmare, asta tot nu \u00eenseamn\u0103 nimic \u00eenaintea ve\u015fniciei, dar tu ai \u015fi clipe de m\u00e2ng\u00e2iere. Nu te uita la cele de acum, ci la cele care \u0163i se g\u0103tesc \u00een viitor; \u00eengrije\u015fte-te s\u0103 te faci vrednic de acest viitor \u015fi atunci nu vei mai b\u0103ga \u00een seam\u0103 am\u0103r\u0103ciunile: toate vor fi \u00eenghi\u0163ite de n\u0103dejdea ne\u00eendoielnic\u0103 a desf\u0103t\u0103rilor ve\u015fnice, \u015fi recuno\u015ftin\u0163a nu va \u00eenceta s\u0103 se v\u0103deasc\u0103 pe buzele tale.<\/p>\n","protected":false},"excerpt":{"rendered":"<p>Ast\u0103zi, \u00een Duminica a XXVIII-a dup\u0103 Cincizecime, la Sf\u00e2nta \u0219i Dumnezeiasca Liturghie se cite\u0219te fragmentul din Evanghelia dup\u0103 Luca despre vindecarea celor&hellip;<\/p>\n","protected":false},"author":3,"featured_media":37816,"comment_status":"open","ping_status":"closed","sticky":false,"template":"","format":"standard","meta":{"_lmt_disableupdate":"","_lmt_disable":"","slim_seo":{"title":"To\u0163i sunt, oare, recunosc\u0103tori lui Dumnezeu \u015fi to\u0163i \u00eei dau mul\u0163umit\u0103 pentru toate? - traditia.md","description":"Ast\u0103zi, \u00een Duminica a XXVIII-a dup\u0103 Cincizecime, la Sf\u00e2nta \u0219i Dumnezeiasca Liturghie se cite\u0219te fragmentul din Evanghelia dup\u0103 Luca despre vindecarea celor zece"},"footnotes":""},"categories":[40,38],"tags":[],"class_list":["post-37818","post","type-post","status-publish","format-standard","has-post-thumbnail","hentry","category-apararea-credintei","category-stiri"],"_links":{"self":[{"href":"https:\/\/traditia.md\/ro\/wp-json\/wp\/v2\/posts\/37818","targetHints":{"allow":["GET"]}}],"collection":[{"href":"https:\/\/traditia.md\/ro\/wp-json\/wp\/v2\/posts"}],"about":[{"href":"https:\/\/traditia.md\/ro\/wp-json\/wp\/v2\/types\/post"}],"author":[{"embeddable":true,"href":"https:\/\/traditia.md\/ro\/wp-json\/wp\/v2\/users\/3"}],"replies":[{"embeddable":true,"href":"https:\/\/traditia.md\/ro\/wp-json\/wp\/v2\/comments?post=37818"}],"version-history":[{"count":1,"href":"https:\/\/traditia.md\/ro\/wp-json\/wp\/v2\/posts\/37818\/revisions"}],"predecessor-version":[{"id":37819,"href":"https:\/\/traditia.md\/ro\/wp-json\/wp\/v2\/posts\/37818\/revisions\/37819"}],"wp:featuredmedia":[{"embeddable":true,"href":"https:\/\/traditia.md\/ro\/wp-json\/wp\/v2\/media\/37816"}],"wp:attachment":[{"href":"https:\/\/traditia.md\/ro\/wp-json\/wp\/v2\/media?parent=37818"}],"wp:term":[{"taxonomy":"category","embeddable":true,"href":"https:\/\/traditia.md\/ro\/wp-json\/wp\/v2\/categories?post=37818"},{"taxonomy":"post_tag","embeddable":true,"href":"https:\/\/traditia.md\/ro\/wp-json\/wp\/v2\/tags?post=37818"}],"curies":[{"name":"wp","href":"https:\/\/api.w.org\/{rel}","templated":true}]}}