{"id":37749,"date":"2025-12-15T19:24:39","date_gmt":"2025-12-15T17:24:39","guid":{"rendered":"https:\/\/traditia.md\/?p=37749"},"modified":"2025-12-15T19:24:39","modified_gmt":"2025-12-15T17:24:39","slug":"rezultatele-concursului-de-poezie-crestina-scriu-si-cant-pentru-steaua-pruncului-sfant","status":"publish","type":"post","link":"https:\/\/traditia.md\/ro\/rezultatele-concursului-de-poezie-crestina-scriu-si-cant-pentru-steaua-pruncului-sfant\/","title":{"rendered":"Rezultatele concursului de poezie cre\u0219tin\u0103 \u201eSCRIU \u0218I C\u00c2NT PENTRU STEAUA PRUNCULUI SF\u00c2NT\u201d"},"content":{"rendered":"<p style=\"text-align: center;\"><span style=\"color: #ff0000; font-size: 14pt;\"><em><strong>Felicit\u0103ri tuturor tinerilor condeieri!<\/strong><\/em><\/span><\/p>\n<p><strong>Gala Premiilor Concursului de poezie cre\u0219tin\u0103 din crea\u021bia copiilor \u201eScriu \u0219i c\u00e2nt pentru steaua Pruncului Sf\u00e2nt\u201d (clasele II-IX) <span style=\"color: #339966;\">va avea loc la data de 21 decembrie, ora 13.00<\/span>, \u00een cadrul \u0219edin\u021bei Cenaclului literar-cre\u0219tin \u201eCuv\u00e2ntul\u201d \u2013 20 ani de activitate cultural\u0103!<\/strong><\/p>\n<p><span style=\"color: #339966;\"><strong>Adresa: Biblioteca Public\u0103 \u201eOnisifor Ghibu\u201d, or. Chi\u0219in\u0103u, str. Nicolae Iorga nr. 21 A \u00a0(\u00een incinta Palatului Republicii, str.Bucure\u0219ti col\u021b cu strada Nicolae Iorga), telefon: +37379894030.<\/strong><\/span><\/p>\n<p><strong>Lista copiilor premia\u021bi:<\/strong><\/p>\n<ol>\n<li>ALEXANDRU Nicoleta, cl. IX, IPGimnaziu Z\u0103icana, Criuleni,<strong> LOCUL II<\/strong><\/li>\n<li>ALBOT Loredana, cl. IX, IPGimnaziu Cupcini, Edine\u021b,<strong> PREMIUL MARE<\/strong><\/li>\n<li>ANDRONIC Maria, cl. IV, s.R\u0103ciula, C\u0103l\u0103ra\u0219,<strong> LOCUL II<\/strong><\/li>\n<li>ANGHELICI Nadejda, cl. IX, IPGimnaziu s. Z\u0103icana, Criuleni, <strong>LOCUL III<\/strong><\/li>\n<li>ANTOCEL Denisia, cl.VI-a, IPGimnaziul \u201eVasile Moga\u201d, s.Fe\u0219teli\u021ba, r.\u0218tefan Vod\u0103<strong>, LOCUL I<\/strong><\/li>\n<li>ANTONOVICI Ilinca, 15 ani, IPGimnaziu Pelinia, Drochia, <strong>LOCUL I<\/strong><\/li>\n<li>BACRIV Jasmina, cl.VI \u201eA\u201d, IPGimnaziu \u201eTudor B\u0103descu\u201d, s.Chi\u0219telni\u021ba, Telene\u0219ti, <strong>LOCUL II<\/strong><\/li>\n<li>BADURA Cosmina, cl. IV, IPLT \u201eOlimp\u201d, or. Rezina, <strong>LOCUL III<\/strong><\/li>\n<li>BARBOS ANGELA, cl. IV \u201eC\u201d, IPLT \u201eM.Eminescu\u201d, Str\u0103\u0219eni, <strong>LOCUL I<\/strong><\/li>\n<li>BARBOS Maria, IPLT \u201eMihai Eminescu\u201d, Str\u0103\u0219eni, <strong>LOCUL III<\/strong><\/li>\n<li>BARANOV Nadasa, VI, IPGimnaziu Cupcini, Edine\u021b, <strong>LOCUL I<\/strong><\/li>\n<li>B\u0102L\u0102NICI Alexandra, cl. VIII, IPGimnaziu Ustia, <strong>LOCUL I<\/strong><\/li>\n<li>BIVOL Artur, cl. V \u201eA\u201d, IPLT \u201eOlimp\u201d, s. Coste\u0219ti, Ialoveni, <strong>LOCUL I<\/strong><\/li>\n<li>BODIU Araxia, \u00a0s. Br\u00eenzeni, r.Edine\u021b, <strong>LOCUL I<\/strong><\/li>\n<li>BOCAN Romina, cl. V, IPLT M\u0103l\u0103ie\u0219ti, <strong>LOCUL IV<\/strong><\/li>\n<li>BOUB\u0102TR\u00ceN Ecaterina, cl. III, IPGimnaziu s.Chetri\u0219, F\u0103le\u0219ti, <strong>LOCUL III<\/strong><\/li>\n<li>BOTNARI Maria-Magdalena, cl. VI, IPLT \u201eMitropolit Nestor Vornicescu\u201d, Lozova, Str\u0103\u0219eni,<strong> PREMIUL MARE<\/strong><\/li>\n<li>BOSTAN Lauren\u021biu, cl. VI, IPGimnaziu s.Micleu\u0219eni, Str\u0103\u0219eni, <strong>PREMIUL MARE<\/strong><\/li>\n<li>BR\u0102DESCU Ionela, VI \u201eA\u201d, IPGimnaziu \u201eTudor B\u0103descu\u201d, s.Chi\u0219telni\u021ba, Telene\u0219ti, <strong>LOCUL III<\/strong><\/li>\n<li>BREGU\u021aA Vlad, cl. VII, Biblioteca Public\u0103 Br\u00eenzeni, Edine\u021b, <strong>LOCUL II<\/strong><\/li>\n<li>BRUM\u0102 Paula, IPLT \u201eLeonid Bujor\u201d, s. Singureni, R\u00ee\u0219cani, <strong>LOCUL I<\/strong><\/li>\n<li>BUDEANU M\u0103d\u0103lina, cl. VI, IPGimnaziu s.Micleu\u0219eni, Str\u0103\u0219eni, <strong>LOCUL II<\/strong><\/li>\n<li>BULANCEA Evelina, cl. VI, IPGimnaziu s.Flori\u021boaia, Ungheni<strong>, LOCULI<\/strong><\/li>\n<li>BULGAC Carolina, IX, IPGimnaziu Z\u0103icana, Criuleni, <strong>LOCUL II<\/strong><\/li>\n<li>BUTU\u0218AN Nicoleta, cl.VI, IPGimnaziu Cupcini, Edine\u021b, <strong>LOCUL II<\/strong><\/li>\n<li>CANTEA Maria, IV, IPLT \u201ePrincipesa Natalia Dadiani\u201d, or. Chi\u0219in\u0103u, <strong>LOCUL II<\/strong><\/li>\n<li>CA\u0218U Maxim, cl. IV \u201eB\u201d, IPGimnaziu \u201eGr. Vieru\u201d, Sarata Veche, <strong>PREMIU MARE <\/strong><\/li>\n<li>CAPITAN SABRINA, cl. VII, IPLT \u201eOrizont\u201d, sect.Buiucani, Chi\u0219in\u0103u, <strong>LOCUL III<\/strong><\/li>\n<li>CAPITAN SOPHIE, cl. IV, IPLT \u201eOrizont\u201d, sect.Buiucani, Chi\u0219in\u0103u, <strong>LOCUL II<\/strong><\/li>\n<li>CARAMAN Cezar, cl. VII, LT \u201eNicolae Sulac\u201d, Chi\u0219in\u0103u, <strong>LOCUL I<\/strong><\/li>\n<li>CARAMAN Felicia, cl.IV \u201eD\u201d, IPLT \u201eOnisifor Gibu\u201d, or.Orhei, <strong>LOCUL I<\/strong><\/li>\n<li>CARAMAN SOFIA, cl. IV, Centru de crea\u021bie pentru copii, or.Orhei, <strong>LOCUL II<\/strong><\/li>\n<li>CARAS Aleftina, cl. VI, LT \u201eGr.Vieru\u201d, s.Sarata Nou\u0103, F\u0103le\u0219ti, <strong>LOCUL II<\/strong><\/li>\n<li>CAVA\u0218NIUC Vitalina, cl. III, IPGimnaziu s.Chetri\u0219, F\u0103le\u0219ti, <strong>LOCUL II<\/strong><\/li>\n<li>CAVCA Victor, cl. VIII, IPLT \u201eUniversul\u201d, or. Chi\u0219in\u0103u, <strong>LOCUL II<\/strong><\/li>\n<li>CEBOTARI David, cl. III, IPGimnaziu s.Chetri\u0219, F\u0103le\u0219ti, <strong>LOCUL II<\/strong><\/li>\n<li>CEBOTARI C\u0103t\u0103lina, cl. VII, IPLT \u201eMihai Corl\u0103teanu\u201d, Glinjeni, F\u0103le\u0219ti, <strong>LOCUL II<\/strong><\/li>\n<li>CECAN Valentina, cl.VI \u201eA\u201d, IPLT \u201eOlimp\u201d, or.S\u00eengerei.<strong>LOCUL III<\/strong><\/li>\n<li>CIMPOAC\u0102 Vera, cl. VI \u201eA\u201d, \u201d, IPLT \u201eOlimp\u201d, Coste\u0219ti, Ialoveni, <strong>LOCUL II <\/strong><\/li>\n<li>CIOBANU Filoteea, cl.VI, IPGimnaziu \u201e\u0218tefan cel Mare\u201d, or.Nisporeni, <strong>LOCUL I <\/strong><\/li>\n<li>CIOBANU Evelina, IPGimnaziu \u201eM. Corl\u0103teanu\u201d, Glinjeni<strong>, <\/strong>F\u0103le\u0219ti,<strong> LOCUL I <\/strong><\/li>\n<li>CIOBANU Maria, cl. III-a, IPGimnaziu s.C\u0103\u021b\u0103leni, H\u00eence\u0219ti, <strong>LOCUL II<\/strong><\/li>\n<li>CHIRIAC Renata-Reveca, cl. VII \u201eB\u201d, IPLT Cotiujenii Mari, <strong>LOCUL II<\/strong><\/li>\n<li>COJOCARU Arina, cl.VI \u201eA\u201d, IPLT \u201eOlimp\u201d, or.S\u00eengerei.<strong>LOCUL IV<\/strong><\/li>\n<li>COJOCARI Carolina, Centrul de Crea\u021bie a Copiilor, s.Cotiujenii Mari, \u0218old\u0103ne\u0219ti, <strong>LOCUL III<\/strong><\/li>\n<li>COJUHARI Marcu, cl. IX, ILGimnaziu Z\u0103icana, Criuleni, <strong>LOCUL II<\/strong><\/li>\n<li>COSMAN Doina, cl. IX, IPLT or.Lipcani, <strong>LOCUL III<\/strong><\/li>\n<li>COZUB Sevastiana, cl. IV, IPGimnaziu T\u0103t\u0103re\u0219ti, Rom\u00e2nia<strong>, LOCUL I<\/strong><\/li>\n<li>CREANG\u0102 Adriana, cl.VIII, IPLT M\u0103l\u0103ie\u0219ti, <strong>LOCUL I<\/strong><\/li>\n<li>CRE\u021aU Iuliana, III-a, IPGimnaziu s.C\u0103\u021b\u0103leni, H\u00eence\u0219ti, <strong>LOCUL I<\/strong><\/li>\n<li>CROITOR Dumitru, cl. VI, IPCE Gimnaziu Terebna, <strong>LOCUL III<\/strong><\/li>\n<li>CROITOR Sofian, cl. VI, IPCE Gimnaziu Terebna, <strong>LOCUL I<\/strong><\/li>\n<li>CUCEREANU Cristina, VI \u201eA\u201d, IPGimnaziu \u201eT. B\u0103descu\u201d, s.Chi\u0219telni\u021ba, Telene\u0219ti, <strong>LOCUL II<\/strong><\/li>\n<li>CUCIREAV Mirela, cl. II, IPLT \u201eG.Co\u0219buc\u201d, or.B\u0103l\u021bi, <strong>LOCUL III<\/strong><\/li>\n<li>CULIUC Crina, cl. III, IPLT \u201ePrincipesa Natalia Dadiani\u201d, or.Chi\u0219in\u0103u, <strong>PREMIUL MARE<\/strong><\/li>\n<li>CURULIUC Mihaela, cl.VI, IPGimnaziu Cupcini, Edine\u021b, <strong>LOCUL III<\/strong><\/li>\n<li>DARII Daniel, cl. VIII, <strong>LOCUL II<\/strong><\/li>\n<li>DEDOV Corina, cl. VII, IPLT \u201eMihai Corl\u0103teanu\u201d, Glinjeni, F\u0103le\u0219ti, <strong>LOCUL I<\/strong><\/li>\n<li>DOMBROVSCHI Victoria, 12 ani, mun. B\u0103l\u021bi, <strong>LOCUL II<\/strong><\/li>\n<li>DOROFTEI Magdalena, cl. IV, IPLT \u201eOnisifor Ghibu\u201d, Orhei, <strong>LOCUL III<\/strong><\/li>\n<li>DUBI\u021aA Adriana, cl.VIII, IPGimnaziu s. Z\u0103icana, Criuleni, <strong>LOCUL II<\/strong><\/li>\n<li>ERHAN Ion, cl. V, IPLT Dr\u0103gu\u0219enii Noi, H\u00eence\u0219ti, <strong>LOCUL II<\/strong><\/li>\n<li>ERHAN M\u0103d\u0103lina, cl. IV, IPLT \u201eM.Eminescu\u201d, or.Anenii Noi, <strong>LOCUL I<\/strong><\/li>\n<li>FERARI MATEI, cl. IV \u201eD\u201d, IPLT \u201eM.Eminescu\u201d, or.F\u0103le\u0219ti<strong>, LOCUL II<\/strong><\/li>\n<li>FLOREA Serafim, V, IPGimnaziu Z\u0103icana, Criuleni, <strong>LOCUL I<\/strong><\/li>\n<li>FOIU Nichita, cl. IX, IPGimnaziu s. Z\u0103icana, Criuleni, <strong>LOCUL I<\/strong><\/li>\n<li>FOIU Mihaela, IX, IPGimnaziu Z\u0103icana, Criuleni, <strong>LOCUL I<\/strong><\/li>\n<li>FOIU VLAD, cl. IX, IPGimnaziu Z\u0103icana, Criuleni, <strong>LOCUL II<\/strong><\/li>\n<li>FUSU Maria-Magdalena, IPLT \u201eIon Creang\u0103\u201d, s.Bobule\u0219ti, Flore\u0219ti, <strong>LOCULII<\/strong><\/li>\n<li>GAIU Anastasia, cl. IV, Liceul Teoretic cu profil de arte, <strong>LOCUL III<\/strong><\/li>\n<li>GANDRABURA Anastasia, IV \u201eA\u201d, IPLT \u201ePrincipesa Natalia Dadiani\u201d, or. Chi\u0219in\u0103u, <strong>LOCUL I<\/strong><\/li>\n<li>G\u0102IN\u0102 Adriana, cl. V \u201eB\u201d, IPLT \u201eOlimp\u201d, or.S\u00eengerei.<strong>LOCUL III<\/strong><\/li>\n<li>G\u0102IN\u0102 Maria, cl.III, Centrul de Crea\u021bie s. Chi\u0219c\u0103reni, S\u00eengerei,<strong> LOCUL I<\/strong><\/li>\n<li>G\u00ceSC\u0102 Andreea, cl. VI, IPLT \u201eNic.Casso\u201d, s.Chi\u0219c\u0103reni, S\u00eengerei,<strong> LOCUL II<\/strong><\/li>\n<li>GOR\u0218EVSCHI Mihaela, IPGimnaziu-Gr\u0103dini\u021b\u0103, Is\u0103icani, Nisporeni, <strong>LOCUL I<\/strong><\/li>\n<li>GRIGOROVICI Maria, cl.III, Centrul de Crea\u021bie s. Chi\u0219c\u0103reni, S\u00eengerei,<strong> LOCUL I<\/strong><\/li>\n<li>GRIGOROVICI Victoria, cl.IV, Centrul de Crea\u021bie s. Chi\u0219c\u0103reni, S\u00eengerei,<strong> LOCUL I<\/strong><\/li>\n<li>GRU\u0218CA ANA, cl. IV \u201eD\u201d, IPLT \u201eM.Eminescu\u201d, F\u0103le\u0219ti,<strong> LOCUL I<\/strong><\/li>\n<li>GULICA RUXANDA, cl. VI-a, IPLT \u201eTraian\u201d, or Chi\u0219in\u0103u<strong>, LOCUL II<\/strong><\/li>\n<li>GURULEA Victoria, cl.III-a, IPGimnaziu s.C\u0103\u021b\u0103leni, H\u00eence\u0219ti, <strong>LOCUL III <\/strong><\/li>\n<li>GU\u021aU Evelina, IPLT \u201eOlimp\u201d, or.S\u00eengerei.<strong>LOCUL II<\/strong><\/li>\n<li>GUZUN Gabriel, cl. \u0218coala de Arte s. M\u0103gd\u0103ce\u0219ti,<strong> LOCUL II<\/strong><\/li>\n<li>GUZUN Taisia, cl.III, Centrul de Crea\u021bie s. Chi\u0219c\u0103reni, S\u00eengerei,<strong> LOCUL II<\/strong><\/li>\n<li>IACOB Constantin, cl. IV \u201eD\u201d, IPLT \u201eM.Eminescu\u201d, or.F\u0103le\u0219ti<strong>, LOCUL II<\/strong><\/li>\n<li>ISTRATI Narcisa, VI \u201eC\u201d, IPLT \u201eGinta Latin\u0103\u201d, Chi\u0219in\u0103u, <strong>LOCUL III<\/strong><\/li>\n<li>IORDACHI Vanessa, <strong>LOCUL II<\/strong><\/li>\n<li>IOVA Victor, cl. VI, IPLT Cotiujenii Mari, \u0218old\u0103ne\u0219ti, <strong>Premiul Mare<\/strong><\/li>\n<li>IOVU Marta, III, IPLT Ruse\u0219tii Noi, Ialoveni, <strong>LOCUL\u00a0 II<\/strong><\/li>\n<li>HAD\u00ceRC\u0102 Ionela, cl.V \u201eB\u201d, IPLT \u201eOlimp\u201d, S\u00eengerei,<strong> LOCUL III<\/strong><\/li>\n<li>KALI\u0218INA Sofia, cl. VI, IPGimnaziu s.T\u00eernova, Edine\u021b,<strong> LOCUL III<\/strong><\/li>\n<li>LIUBOCVICI Melisa, IV, IPLT \u201ePrincipesa Natalia Dadiani\u201d, or. Chi\u0219in\u0103u, <strong>LOCUL II<\/strong><\/li>\n<li>LOZOVANU Lilia, cl. VI, IPLT \u201eMitropolit Nestor Vornicescu\u201d, Lozova, Str\u0103\u0219eni, <strong>LOCUL I<\/strong><\/li>\n<li>LUCHIAN Mihaela, cl. VIII, IPGimnaziu Z\u0103icana, Criuleni,<strong> LOCUL II<\/strong><\/li>\n<li>LUCIANOV Valeria, cl. IX \u201eD\u201d, IPLT \u201eOnisifor Ghibu\u201d,<strong> LOCUL II<\/strong><\/li>\n<li>LUPESCU Andreea, cl. V, IPGimnaziu \u201eMihai Corl\u0103teanu\u201d, Glinjeni, F\u0103le\u0219ti<strong>, LOCUL I<\/strong><\/li>\n<li>MAFTEI Iano\u0219, cl. VI, IPLT \u201eMitropolit Nestor Vornicescu\u201d, Lozova, Str\u0103\u0219eni<strong>, LOCUL II<\/strong><\/li>\n<li>MATFEI Melisia, cl.V, IPGimnaziu, Z\u0103icana, Criuleni,<strong> LOCUL I<\/strong><\/li>\n<li>MALER Daniela, V \u201eD\u201d, IPLT \u201eGinta Latin\u0103\u201d, Chi\u0219in\u0103u, <strong>LOCUL III<\/strong><\/li>\n<li>MALAI Tatiana, cl.VI, IPLT M\u0103l\u0103ie\u0219ti, <strong>LOCUL II<\/strong><\/li>\n<li>MANOLE Vanessa, cl. VII, IPLT \u201eAurel David\u201d, s.Bardar, Ialoveni, <strong>PREMIUL MARE<\/strong><\/li>\n<li>MARTIN Bogdan, cl. III \u201eC\u201d, IPLT \u201eGh. Asachi\u201d, or.Ungheni, <strong>LOCUL III<\/strong><\/li>\n<li>MA\u021aCANI Daria, cl. IV, IPLT \u201eMihai Eminescu\u201d, or. F\u0103le\u0219ti<strong>, LOCUL III<\/strong><\/li>\n<li>MEDRIGAN Elisei, cl.IX, s.Timova, Edine\u021b, <strong>LOCUL I<\/strong><\/li>\n<li>MIRON Delia, cl. IV, Centru de crea\u021bie pentru copii, or.Orhei, <strong>LOCUL II<\/strong><\/li>\n<li>M\u00ce\u021aU Ludmila, cl. VI<strong>, <\/strong>IPGimnaziu s.Micleu\u0219eni, Str\u0103\u0219eni, <strong>LOCUL II<\/strong><\/li>\n<li>MOCANU Ilinca, cl cl. Biblioteca Public\u0103, s.Br\u00eenzeni,Edine\u021b, <strong>LOCUL\u00a0 I <\/strong><\/li>\n<li>MORARI Irina, cl.VI, IPLT M\u0103l\u0103ie\u0219ti, <strong>LOCUL II<\/strong><\/li>\n<li>MORARU Amelia, IV, IPLT \u201ePrincipesa Natalia Dadiani\u201d, or. Chi\u0219in\u0103u, <strong>LOCUL II<\/strong><\/li>\n<li>MORCOV Daniel, cl. VI, IPLT M\u0103gd\u0103ce\u0219ti, Criuleni, <strong>LOCUL I <\/strong><\/li>\n<li>MOROZAN RATMIR, IV, IPLT \u201eOnisifor Ghibu\u201d, Orhei, <strong>LOCUL II<\/strong><\/li>\n<li>MIDONI Nicolae, cl.VI \u201eA\u201d, IPLT \u201eOlimp\u201d, Coste\u0219ti, Ialoveni, LOCUL I<\/li>\n<li>MUSTEA Sofia, cl. II-a,Liceul Teoretic \u201eEvrica\u201d, R\u00eebni\u021ba, <strong>LOCUL III<\/strong><\/li>\n<li>NAGRINEAC Laura, cl. VI \u201eC\u201d, IPLT \u201eGinta Latin\u0103\u201d, Chi\u0219in\u0103u, <strong>LOCUL I<\/strong><\/li>\n<li>NOROC Romanela, cl.VI, IPGimnaziu, s.Ustia, r. Glodeni, <strong>LOCUL II<\/strong><\/li>\n<li>ONILA Nicoleta, Centrul de Crea\u021bie a Copiilor, s.Cotiujenii Mari, \u0218old\u0103ne\u0219ti, <strong>LOCUL II<\/strong><\/li>\n<li>OPREA Alexandrina, VI, IPLT \u201eMitrop. Nestor Vornicescu\u201d, Lozova, Str\u0103\u0219eni,<strong> LOCUL I<\/strong><\/li>\n<li>OPREA Viorica, cl.VI \u201eA\u201d, IPGimnaziu \u201eTudor B\u0103descu\u201d, s.Chi\u0219telni\u021ba, Telene\u0219ti, <strong>LOCUL III<\/strong><\/li>\n<li>PARASCHIV Valeriu, cl. V, IPLT \u201e\u0218tefan cel Mare\u201d, or.\u0218old\u0103ne\u0219ti, <strong>LOCUL I<\/strong><\/li>\n<li>PARFENI Cristina, cl.IX, IPGimnaziu Z\u0103icana, Criuleni, <strong>LOCUL III<\/strong><\/li>\n<li>PASCARI Iana, cl. VIII, IPGimnaziul \u0218olcani, Soroca, <strong>LOCUL I<\/strong><\/li>\n<li>PCELINSCHI Matei, III, Centrul de Crea\u021bie s. Chi\u0219c\u0103reni, S\u00eengerei,<strong> LOCUL I<\/strong><\/li>\n<li>PIROJUC Valeria, cl. V \u201eD\u201d, IPLT \u201eGinta Latin\u0103\u201d, Chi\u0219in\u0103u, <strong>LOCUL II<\/strong><\/li>\n<li>P\u00ceNZARI Ionela, cl. VI \u201eB\u201d, IPLT Ruse\u0219tii Noi, <strong>LOCUL I<\/strong><\/li>\n<li>P\u00ceR\u0102U Alex, cl. VII \u201eC\u201d, IPLT \u201eOrizont\u201d, sector Buiucani, Chi\u0219in\u0103u, <strong>LOCUL II<\/strong><\/li>\n<li>P\u00ceSLARU Marcus, VIII, IPLT M\u0103l\u0103ie\u0219ti, <strong>LOCUL III<\/strong><\/li>\n<li>PLITOC Elizabeta, cl. III-a, IPGimnaziu \u201eS.R\u0103d\u0103u\u021ban\u201d, s.Iez\u0103renii Vechi, S\u00eengerei, <strong>LOCUL I<\/strong><\/li>\n<li>POIANA Gabriela, V, IPLT \u201eMihai Corl\u0103teanu\u201d, Glinjeni, F\u0103le\u0219ti, <strong>LOCUL I<\/strong><\/li>\n<li>POPA Damiana, cl. VIII, \u0218coala Gimnazial\u0103 \u201eIoan Bob\u201d, Cluj-Napoca, Rom\u00e2nia, <strong>LOCUL I<\/strong><\/li>\n<li>POPOV Cristina, cl. V, IPGimnaziu Z\u0103icana, Criuleni, <strong>PREMIUL MARE<\/strong><\/li>\n<li>POSTIC\u0102 Aliona, VI, IPLT M\u0103l\u0103ie\u0219ti, <strong>LOCUL III<\/strong><\/li>\n<li>PRODAN Iulia, cl.VI \u201eA\u201d, IPGimnaziu \u201eTudor B\u0103descu\u201d, s.Chi\u0219telni\u021ba, Telene\u0219ti, <strong>LOCUL II<\/strong><\/li>\n<li>ROGOJINAR Vlada, cl, X, IPLT \u201eAlexei Mateevici\u201d, s.Alexandru Ioan Cuza, Cahul, <strong>LOCUL II<\/strong><\/li>\n<li>RO\u0218CA Rebeca, V, IPLT \u201eMihai Corl\u0103teanu\u201d, Glinjeni, F\u0103le\u0219ti, <strong>LOCUL II<\/strong><\/li>\n<li>RO\u0218CA SOFIA, IV, Centrul de crea\u021bie pentru copii, or. Orhei, <strong>LOCUL II<\/strong><\/li>\n<li>ROTARU Anisia, cl. III-a, IPGimnaziu s.C\u0103\u021b\u0103leni, H\u00eence\u0219ti, <strong>LOCUL I<\/strong><\/li>\n<li>RUDACOV Vladilena, IPGimnaziu-Gr\u0103dini\u021b\u0103, Is\u0103icani, Nisporeni, <strong>LOCUL II<\/strong><\/li>\n<li>RUSU Valeria, VI, IPLT \u201eMitropolit Nestor Vornicescu\u201d, Lozova, Str\u0103\u0219eni,<strong> LOCUL I<\/strong><\/li>\n<li>S\u00ceNGEREAN M\u0102D\u0102LINA, IV, Centru de crea\u021bie pentru copii, or.Orhei, <strong>LOCUL III<\/strong><\/li>\n<li>S\u00ceRBU Dumitru, cl. IX, IPGimnaziu, Z\u0103icana, Criuleni, <strong>LOCUL II<\/strong><\/li>\n<li>SLIFOS Claudia, cl. III-a, IPGimnaziu s.C\u0103\u021b\u0103leni, H\u00eence\u0219ti, <strong>LOCUL III<\/strong><\/li>\n<li>SCLIFOS Vlad, cl.IX, IPGimnaziu Z\u0103icana, Criuleni, <strong>LOCUL I<\/strong><\/li>\n<li>SCOBIOAL\u0102 Sofia, cl. II \u201eD\u201d, IPLT \u201dGeorge Co\u0219buc\u201d, mun.B\u0103l\u021bi, <strong>LOCUL I<\/strong><\/li>\n<li>SCUTARU Paula, cl. VIII \u201eB\u201d, IPLT \u201eIon Creang\u0103\u201d, Flore\u0219ti, <strong>LOCUL I<\/strong><\/li>\n<li>SCUTARU Valeria, IX \u201eB\u201d, IPLT \u201eIon Creang\u0103\u201d, Flore\u0219ti, <strong>LOCUL I<\/strong><\/li>\n<li>STATNIC M\u0103d\u0103lina, cl. V, IPGimnaziul s.Frumi\u0219ica, Flore\u0219ti, <strong>LOCUL III<\/strong><\/li>\n<li>ST\u0102VIL\u0102 Nicoleta, cl. V, IPLT \u201eDimitrie Cantemir\u201d, or.S\u00eengerei, <strong>LOCUL III<\/strong><\/li>\n<li>STRATULAT Felicia, cl.VI \u201eA\u201d, IPGimnaziu \u201eT. B\u0103descu\u201d, s.Chi\u0219telni\u021ba, Telene\u0219ti, <strong>LOCUL III<\/strong><\/li>\n<li>STURZA Evelina, cl.VI, IPGimnaziu s.Micleu\u0219eni, Str\u0103\u0219eni, <strong>LOCUL I<\/strong><\/li>\n<li>\u0218U\u0218U Andreea, IV, Centrul de Crea\u021bie s. Chi\u0219c\u0103reni, S\u00eengerei,<strong> PREMIUL MARE<\/strong><\/li>\n<li>TOMULESCU Anastasia, cl. V \u201eD\u201d, IPLT \u201eGinta Latin\u0103\u201d, Chi\u0219in\u0103u, <strong>LOCUL II<\/strong><\/li>\n<li>TONOFREI EVELINA, CL. IV \u201eD\u201d, IPLT \u201eM.Eminescu\u201d, F\u0103le\u0219ti, <strong>LOCUL I<\/strong><\/li>\n<li>TROHIN Camelia, cl. III, IPLT Ruse\u0219tii Noi, Ialoveni, <strong>LOCUL\u00a0 III<\/strong><\/li>\n<li>TUDOSI Sofia, cl. VI, IPLT Coste\u0219ti, Ialoveni, <strong>PREMIUL MARE<\/strong><\/li>\n<li>\u021aARANU Galina, cl.VI \u201eA\u201d, IPGimnaziu \u201eTudor B\u0103descu\u201d, s.Chi\u0219telni\u021ba, Telene\u0219ti, <strong>LOCUL I<\/strong><\/li>\n<li>\u021aURCAN Matei, cl. IV \u201eA\u201d, IPLT \u201ePrincipesa Natalia Dadiani\u201d, or. Chi\u0219in\u0103u, <strong>LOCUL II<\/strong><\/li>\n<li>\u021aURCAN Sabina, cl. VI, IPLT Coste\u0219ti, Ialoveni, <strong>LOCUL II<\/strong><\/li>\n<li>URSU C\u0103t\u0103lina, IV, IPLT \u201eMitropolit Nestor Vornicescu\u201d, Lozova, Str\u0103\u0219eni,<strong> LOCUL II<\/strong><\/li>\n<li>USAT\u00ceI Amelia, cl. III-a, LT \u201eConstantin Stere\u201d, or. Soroca, <strong>LOCUL I<\/strong><\/li>\n<li>VIERU Ana, cl. V, IPGimnaziul s.Frumi\u0219ica, Flore\u0219ti, <strong>LOCUL III<\/strong><\/li>\n<li>VORNICESCU ALEXANDRU, IV, IPLT \u201eMit. Nestor Vornicescu\u201d, Lozova,Str\u0103\u0219eni,<strong> LOCUL I<\/strong><\/li>\n<li>VULPE Adrian, cl. VII, IPGimnaziu s.Micleu\u0219eni, Str\u0103\u0219eni, <strong>LOCUL I<\/strong><\/li>\n<li>ZARICIUC Erica, cl.VIII, IPGimnaziu Gin\u0103u\u021bi-Moldova, Ocni\u021ba<strong>, LOCUL III<\/strong><\/li>\n<\/ol>\n<p><strong><em>Coordonator, selec\u021bia poeziilor, analiza literar\u0103: Raisa PL\u0102IE\u0218U, scriitoare, membr\u0103 a Uniunii Scriitorilor din Moldova, membr\u0103 a Uniunii Ziari\u0219tilor Profesioni\u0219ti din Rom\u00e2nia, pre\u0219edintele Cenaclului literar-cre\u0219tin \u201eCuv\u00e2ntul\u201d, or.Chi\u0219in\u0103u.<\/em><\/strong><\/p>\n<p><strong><em>\u00a0<\/em><\/strong><strong>P.S.<\/strong><strong> Cenaclul literar-cre\u0219tin \u201eCuv\u00e2ntul\u201d aduce mul\u021bumiri cere\u0219ti Portaluilui jurnali\u0219tilor \u0219i bloggerilor ortodoc\u0219i \u201eTradi\u021bia\u201d, Bisericii \u201e\u00cent\u00e2mpinarea Domnului\u201d din Chi\u0219in\u0103u, Bibliotecii Publice \u201eOnisifor Ghibu\u201d din Chi\u0219in\u0103u pentru contribu\u021bie substan\u021bial\u0103 la coordonarea \u0219i ajutorul divin oferit <\/strong><strong>CONCURSULUI DE POEZIE CRE\u0218TIN\u0102: \u201eSCRIU \u0218I C\u00c2NT PENTRU STEAUA PRUNCULUI SF\u00c2NT\u201d.<\/strong><\/p>\n<p><img fetchpriority=\"high\" decoding=\"async\" class=\"alignnone size-full wp-image-37745\" src=\"https:\/\/traditia.md\/wp-content\/uploads\/2025\/12\/afis12-imagine.-final.jpg\" alt=\"Afi\u021912 imagine. final\" width=\"900\" height=\"1273\" srcset=\"https:\/\/traditia.md\/wp-content\/uploads\/2025\/12\/afis12-imagine.-final.jpg 900w, https:\/\/traditia.md\/wp-content\/uploads\/2025\/12\/afis12-imagine.-final-212x300.jpg 212w, https:\/\/traditia.md\/wp-content\/uploads\/2025\/12\/afis12-imagine.-final-724x1024.jpg 724w, https:\/\/traditia.md\/wp-content\/uploads\/2025\/12\/afis12-imagine.-final-768x1086.jpg 768w, https:\/\/traditia.md\/wp-content\/uploads\/2025\/12\/afis12-imagine.-final-585x827.jpg 585w\" sizes=\"(max-width: 900px) 100vw, 900px\" \/><\/p>\n","protected":false},"excerpt":{"rendered":"<p>Felicit\u0103ri tuturor tinerilor condeieri! Gala Premiilor Concursului de poezie cre\u0219tin\u0103 din crea\u021bia copiilor \u201eScriu \u0219i c\u00e2nt pentru steaua Pruncului Sf\u00e2nt\u201d (clasele II-IX)&hellip;<\/p>\n","protected":false},"author":3,"featured_media":37744,"comment_status":"open","ping_status":"closed","sticky":false,"template":"","format":"standard","meta":{"_lmt_disableupdate":"","_lmt_disable":"","slim_seo":{"title":"Rezultatele concursului de poezie cre\u0219tin\u0103 \u201eSCRIU \u0218I C\u00c2NT PENTRU STEAUA PRUNCULUI SF\u00c2NT\u201d - traditia.md","description":"Felicit\u0103ri tuturor tinerilor condeieri! Gala Premiilor Concursului de poezie cre\u0219tin\u0103 din crea\u021bia copiilor \u201eScriu \u0219i c\u00e2nt pentru steaua Pruncului Sf\u00e2nt\u201d (clasel"},"footnotes":""},"categories":[39,38],"tags":[],"class_list":["post-37749","post","type-post","status-publish","format-standard","has-post-thumbnail","hentry","category-biserica-si-societatea","category-stiri"],"_links":{"self":[{"href":"https:\/\/traditia.md\/ro\/wp-json\/wp\/v2\/posts\/37749","targetHints":{"allow":["GET"]}}],"collection":[{"href":"https:\/\/traditia.md\/ro\/wp-json\/wp\/v2\/posts"}],"about":[{"href":"https:\/\/traditia.md\/ro\/wp-json\/wp\/v2\/types\/post"}],"author":[{"embeddable":true,"href":"https:\/\/traditia.md\/ro\/wp-json\/wp\/v2\/users\/3"}],"replies":[{"embeddable":true,"href":"https:\/\/traditia.md\/ro\/wp-json\/wp\/v2\/comments?post=37749"}],"version-history":[{"count":1,"href":"https:\/\/traditia.md\/ro\/wp-json\/wp\/v2\/posts\/37749\/revisions"}],"predecessor-version":[{"id":37750,"href":"https:\/\/traditia.md\/ro\/wp-json\/wp\/v2\/posts\/37749\/revisions\/37750"}],"wp:featuredmedia":[{"embeddable":true,"href":"https:\/\/traditia.md\/ro\/wp-json\/wp\/v2\/media\/37744"}],"wp:attachment":[{"href":"https:\/\/traditia.md\/ro\/wp-json\/wp\/v2\/media?parent=37749"}],"wp:term":[{"taxonomy":"category","embeddable":true,"href":"https:\/\/traditia.md\/ro\/wp-json\/wp\/v2\/categories?post=37749"},{"taxonomy":"post_tag","embeddable":true,"href":"https:\/\/traditia.md\/ro\/wp-json\/wp\/v2\/tags?post=37749"}],"curies":[{"name":"wp","href":"https:\/\/api.w.org\/{rel}","templated":true}]}}