{"id":37682,"date":"2025-12-10T10:34:30","date_gmt":"2025-12-10T08:34:30","guid":{"rendered":"https:\/\/traditia.md\/?p=37682"},"modified":"2025-12-10T10:35:39","modified_gmt":"2025-12-10T08:35:39","slug":"despre-ce-vorbesc-preotii-la-poceaev","status":"publish","type":"post","link":"https:\/\/traditia.md\/ro\/despre-ce-vorbesc-preotii-la-poceaev\/","title":{"rendered":"Despre ce vorbesc preo\u021bii la Poceaev?"},"content":{"rendered":"<p><span style=\"font-size: 12pt; font-family: arial, helvetica, sans-serif;\"><strong>Schism\u0103 \u0219i amestecul politicienilor \u00een via\u021ba Bisericii. Confisc\u0103ri de sfintelor l\u0103ca\u0219e \u0219i persecu\u021bii ale Bisericii canonice, b\u0103t\u0103i \u0219i arest\u0103ri ale clerului. \u00cen sf\u00e2r\u0219it, exist\u0103 r\u0103zboiul. Care sunt cauzele primordiale ale acestor dezastre? Am putut adresa aceste \u00eentreb\u0103ri unor preo\u021bi ai Bisericii Ortodoxe din Ucraina din diverse eparhii care au venit la Lavra Poceaev \u00eempreun\u0103 cu pelerinii \u0219i s-au cazat la hotelul Lavrei, unde am avut ocazia s\u0103 discut cu ei \u00eentr-o camer\u0103 destinat\u0103 clerului.<\/strong><\/span><\/p>\n<p><strong>Protoiereul Vasily: \u201eStatul a \u00eenc\u0103lcat Constitu\u021bia \u00eenc\u0103 \u00een 1992\u201d<\/strong><\/p>\n<p>\u2013 Sunt \u00een preo\u021bie de peste 30 de ani. \u0218i \u00een to\u021bi ace\u0219ti ani am observat tulbur\u0103ri \u00een via\u021ba Bisericii din Ucraina. \u00cemi amintesc cum noi, studen\u021bii Academiei de Teologie din Moscova, am tr\u0103it schisma din 1992, cauzat\u0103 de fostul mitropolit Filaret (Denisenko), care a creat a\u0219a-numita Biseric\u0103 Ortodox\u0103 Ucrainean\u0103 a Patriarhiei Kievului, care nu este recunoscut\u0103 \u00een \u00eentreaga lume ortodox\u0103.<\/p>\n<p>Atunci Filaret a fost sus\u021binut \u00een toate modurile posibile de cum\u0103trul \u0219i prietenul s\u0103u \u2013 primul pre\u0219edinte al Ucrainei, Leonid Kravciuk.<\/p>\n<p>De fapt, a fost un amestec clar al statului \u00een via\u021ba religioas\u0103 a \u021b\u0103rii, \u00eenc\u0103lc\u00e2ndu-se Constitu\u021bia Ucrainei care prevedea c\u0103 Biserica este separat\u0103 de stat, iar statul \u2013 de Biseric\u0103 (Articolul 35).<\/p>\n<p>Kravciuk, \u00een Verhovnaya Rada, a declarat cu voce tare c\u0103 Soborul de la Harkov al Bisericii Ortodoxe din Ucraina din mai 1992, care l-a ales pe mitropolitul Vladimir (Sabodan) \u00een calitate de \u00cent\u00e2ist\u0103t\u0103tor, era ilegal \u0219i c\u0103 Filaret a fost, de asemenea, demis ilegal din func\u021bie.<\/p>\n<p>La acea vreme, mass-media \u00eencepuse deja s\u0103 def\u0103imeze Biserica noastr\u0103, iar Preafericitul mitropolit Vladimir nu a reu\u0219it s\u0103 ob\u021bin\u0103 o \u00eent\u00e2lnire cu Kravciuk p\u00e2n\u0103 c\u00e2nd nu a devenit clar (inclusiv lui Kravciuk) c\u0103 promisiunile lui Filaret de a uni Biserica Ortodox\u0103 din Ucraina cu a\u0219a-numi\u021bii autocefali\u0219ti (\u201eBiserica Ortodox\u0103 Ucrainean\u0103 Autocefal\u0103\u201d) sub auspiciile \u201eBisericii Ortodoxe Ucrainene a Patriarhiei Kievului\u201d a fost \u00a0o fars\u0103. Kravciuk \u0219i-a recunoscut, \u00een cele din urm\u0103, gre\u0219eala. Totu\u0219i, \u00eenc\u0103 nu este clar unde au ajuns fondurile Partidului Comunist din Ucraina, presupus transferate de Kravchuk \u00een conturile lui Filaret.<\/p>\n<p>\u00cen general, Dumnezeu s\u0103-i d\u0103ruiasc\u0103 b\u0103tr\u00e2nului stare\u021b de 96 de ani<em> (fostul mitropolit Filaret \u2013 red.)<\/em> poc\u0103in\u021b\u0103 \u00eenainte de a pleca spre cele ve\u0219nice&#8230; Culegem roadele acestor scind\u0103ri \u0219i p\u00e2n\u0103 ast\u0103zi. R\u0103zboiul din estul \u021b\u0103rii are cauze duhovnice\u0219ti similare&#8230;<\/p>\n<p><strong>Arhimandritul Veniamin: \u201eEtnofiletismul a prevalat asupra unit\u0103\u021bii \u00een Hristos\u201d<\/strong><\/p>\n<p>\u2013 Catastrofa ecologic\u0103 de la Cernobyl nu a avut loc pur \u0219i simplu a\u0219a, din \u00eent\u00e2mplare, ci prin Pronia lui Dumnezeu, cu \u00eeng\u0103duin\u021ba Sa. Aceast\u0103 tragedie parc\u0103 a trasat o linie p\u00e2n\u0103 la cea de-a 70-a aniversare a regimului ateist. A\u0219a cum a spus M\u00e2ntuitorul \u00een Evanghelia dup\u0103 Luca: <em>Acei optsprezece pe care a c\u0103zut turnul din Siloam \u0219i i-a ucis \u2013 crede\u021bi c\u0103 ace\u0219tia au fost mai p\u0103c\u0103to\u0219i dec\u00e2t to\u021bi oamenii care locuiesc \u00een Ierusalim?\u201d<\/em>\u0218i a spus Domnul \u201e<em>c\u0103 dac\u0103 nu v\u0103 poc\u0103i\u021bi, to\u021bi ve\u021bi pieri la fel!<\/em>\u201d\u00a0(Luca 13:4-5).<\/p>\n<p>\u0218i ce s-a \u00eent\u00e2mplat? A existat o poc\u0103in\u021b\u0103 la nivel na\u021bional? Dup\u0103 1988 a \u00eenceput rena\u0219terea duhovniceasc\u0103 a Bisericii prigonite a lui Hristos.<\/p>\n<p>Oamenii, adesea fo\u0219ti atei, erau atra\u0219i de bisericile lui Dumnezeu. Mii de botezuri noi, nun\u021bi \u0219i ce s-a \u00eent\u00e2mplat \u00een continuare? Ritualurile au \u00eenlocuit credin\u021ba&#8230;<\/p>\n<p>\u0218i politicienii au \u00eenceput s\u0103 intervin\u0103 \u00een via\u021ba Bisericii, ideea na\u021bional\u0103 a \u00eenceput s\u0103 fie introdus\u0103 \u00een Biseric\u0103 dup\u0103 pr\u0103bu\u0219irea Uniunii Sovietice \u00een 1990&#8230; Cuvintele Apostolului Pavel c\u0103 <em>nu mai este elin \u015fi iudeu, t\u0103iere \u00eemprejur \u015fi net\u0103iere \u00eemprejur, barbar, scit, rob ori liber, ci toate \u015fi \u00eentru to\u0163i Hristos<\/em> (Col. 3:11) nu au fost luate \u00een considerare. Expresia <em>nu mai este elin nici iudeu<\/em> \u00eenseamn\u0103 c\u0103 \u00een unitatea duhovniceasc\u0103 a credincio\u0219ilor \u00een Hristos nu exist\u0103 diviziune pe baza na\u021bionalit\u0103\u021bii, rasei, statutului social sau altor diferen\u021be lume\u0219ti, care subliniaz\u0103 ideea c\u0103 pentru o persoan\u0103 care s-a convertit la cre\u0219tinism to\u021bi sunt egali, deoarece <em>toate \u015fi \u00eentru to\u0163i <\/em>este <em>Hristos<\/em>.<\/p>\n<p>O mare contrapunere fa\u021b\u0103 de ideile de scindare pe baze etnice a fost f\u0103cut\u0103 de regretatul mitropolit Vladimir (Sabodan, +2014), subliniind c\u0103 to\u021bi suntem una \u00een Hristos at\u00e2t \u00een vestul, c\u00e2t \u0219i \u00een estul \u021b\u0103rii. Din p\u0103cate, ideea etnofiletismului a prevalat&#8230; Aceast\u0103 stare de lucruri este actual\u0103 \u0219i p\u00e2n\u0103 \u00een zilele noastre.<\/p>\n<p><strong>Ieromonahul Afanasy: \u201eFratele \u00eel ur\u0103\u0219te pe frate&#8221;<\/strong><\/p>\n<p>\u2013 Preafericitul mitropolit Onufry cheam\u0103, pe bun\u0103 dreptate, pe toat\u0103 lumea la poc\u0103in\u021b\u0103 \u0219i la viziunea propriilor p\u0103cate. Spre regret, procentul credincio\u0219ilor din Ucraina este prea mic, \u00een plus, se numesc pe sine credincio\u0219i at\u00e2t schismaticii, c\u00e2t \u0219i sectarii.<\/p>\n<p>\u0218i ceea ce este surprinz\u0103tor: nimeni nu-i atinge \u00een \u021bar\u0103 pe ace\u0219tia din urm\u0103. Doar singura noastr\u0103 Biseric\u0103 Soborniceasc\u0103 \u0219i Apostoliceasc\u0103 canonic\u0103 este interzis\u0103 \u0219i persecutat\u0103.<\/p>\n<p>Despre ce fel de \u00een\u021belegere pa\u0219nic\u0103 putem discuta, dac\u0103 fratele \u00ee\u0219i ur\u0103\u0219te fratele? Fiecare calamitate are o cauz\u0103 spiritual\u0103.<\/p>\n<p><strong>Protoiereul Serghy: \u201eConstruim biserici, dar uit\u0103m de oameni&#8221;<\/strong><\/p>\n<p>\u2013 \u0218ti\u021bi, \u00een opinia mea p\u0103c\u0103toas\u0103, toate necazurile noastre se datoreaz\u0103 neglijen\u021bei, autolini\u0219tirii \u0219i goanei dup\u0103 bunurile materiale.<\/p>\n<p>Doar se \u00eent\u00e2mpl\u0103 \u00een felul urm\u0103tor: construim \u0219i \u00eempodobim biserici cu aur, dar uit\u0103m de oamenii afla\u021bi \u00een nevoie.<\/p>\n<p>\u00centreab\u0103 orice preot c\u00e2\u021bi enoria\u0219i are sub pragul s\u0103r\u0103ciei, c\u00e2\u021bi bolnavi imobiliza\u021bi la pat nu pot ajunge la slujb\u0103 \u2013 \u0219i nu to\u021bi vor r\u0103spunde. Dar \u0219tim foarte bine c\u00e2t cost\u0103 mitra \u0219i ve\u0219mintele, crucile \u0219i panagiile&#8230; Ierta\u021bi-m\u0103, desigur, toate acestea sunt necesare pentru splendoare, dar nu trebuie s\u0103 umbreasc\u0103 \u0219i s\u0103 fie mai presus de problemele oamenilor simpli \u0219i slabi, afla\u021bi \u00een nevoie&#8230;,<\/p>\n<p>\u201eUnde este simplu, exist\u0103 \u00eengeri o sut\u0103,&#8221; a spus sf\u00e2ntul Ambrozie de la Optina. S\u0103 fim mai simpli, mai mode\u0219ti \u0219i oamenii vor fi atra\u0219i de noi. Iar schismaticii vor c\u0103dea ca ni\u0219te crengi uscate \u0219i f\u0103r\u0103 via\u021b\u0103. \u0218i va fi pace, \u0219i har, \u0219i iubire, \u0219i bun\u0103stare&#8230;<\/p>\n<p style=\"text-align: right;\"><strong><em>Protodiacon Serghy Gheruk<\/em><\/strong><\/p>\n<p style=\"text-align: right;\"><em>Sursa: <\/em><a href=\"https:\/\/spzh.eu\/ru\/chelovek-i-cerkovy\/89289-o-chem-hovorjat-svjashchenniki-v-pochaeve\"><strong><em>Uniunea Jurnali\u0219tilor Ortodoc\u0219i<\/em><\/strong><\/a><\/p>\n","protected":false},"excerpt":{"rendered":"<p>Schism\u0103 \u0219i amestecul politicienilor \u00een via\u021ba Bisericii. Confisc\u0103ri de sfintelor l\u0103ca\u0219e \u0219i persecu\u021bii ale Bisericii canonice, b\u0103t\u0103i \u0219i arest\u0103ri ale clerului. \u00cen&hellip;<\/p>\n","protected":false},"author":3,"featured_media":37680,"comment_status":"open","ping_status":"closed","sticky":false,"template":"","format":"standard","meta":{"_lmt_disableupdate":"","_lmt_disable":"","slim_seo":{"title":"Despre ce vorbesc preo\u021bii la Poceaev? - traditia.md","description":"Schism\u0103 \u0219i amestecul politicienilor \u00een via\u021ba Bisericii. Confisc\u0103ri de sfintelor l\u0103ca\u0219e \u0219i persecu\u021bii ale Bisericii canonice, b\u0103t\u0103i \u0219i arest\u0103ri ale clerului. \u00cen"},"footnotes":""},"categories":[39,38],"tags":[],"class_list":["post-37682","post","type-post","status-publish","format-standard","has-post-thumbnail","hentry","category-biserica-si-societatea","category-stiri"],"_links":{"self":[{"href":"https:\/\/traditia.md\/ro\/wp-json\/wp\/v2\/posts\/37682","targetHints":{"allow":["GET"]}}],"collection":[{"href":"https:\/\/traditia.md\/ro\/wp-json\/wp\/v2\/posts"}],"about":[{"href":"https:\/\/traditia.md\/ro\/wp-json\/wp\/v2\/types\/post"}],"author":[{"embeddable":true,"href":"https:\/\/traditia.md\/ro\/wp-json\/wp\/v2\/users\/3"}],"replies":[{"embeddable":true,"href":"https:\/\/traditia.md\/ro\/wp-json\/wp\/v2\/comments?post=37682"}],"version-history":[{"count":1,"href":"https:\/\/traditia.md\/ro\/wp-json\/wp\/v2\/posts\/37682\/revisions"}],"predecessor-version":[{"id":37683,"href":"https:\/\/traditia.md\/ro\/wp-json\/wp\/v2\/posts\/37682\/revisions\/37683"}],"wp:featuredmedia":[{"embeddable":true,"href":"https:\/\/traditia.md\/ro\/wp-json\/wp\/v2\/media\/37680"}],"wp:attachment":[{"href":"https:\/\/traditia.md\/ro\/wp-json\/wp\/v2\/media?parent=37682"}],"wp:term":[{"taxonomy":"category","embeddable":true,"href":"https:\/\/traditia.md\/ro\/wp-json\/wp\/v2\/categories?post=37682"},{"taxonomy":"post_tag","embeddable":true,"href":"https:\/\/traditia.md\/ro\/wp-json\/wp\/v2\/tags?post=37682"}],"curies":[{"name":"wp","href":"https:\/\/api.w.org\/{rel}","templated":true}]}}