{"id":37667,"date":"2025-12-10T09:52:14","date_gmt":"2025-12-10T07:52:14","guid":{"rendered":"https:\/\/traditia.md\/?p=37667"},"modified":"2025-12-10T09:52:14","modified_gmt":"2025-12-10T07:52:14","slug":"scriu-si-cant-pentru-steaua-pruncului-sfant-7","status":"publish","type":"post","link":"https:\/\/traditia.md\/ro\/scriu-si-cant-pentru-steaua-pruncului-sfant-7\/","title":{"rendered":"Scriu si c\u00e2nt pentru steaua Pruncului Sf\u00e2nt"},"content":{"rendered":"<p><strong><em>Cucireav Mirela, clasa a II-a, Liceul Teoretic \u201eGeorge Co\u0219buc\u201d, municipiul B\u0103l\u021bi.<\/em><\/strong><\/p>\n<h4><strong>Leg\u0103m\u00e2nt Cer-P\u0103m\u00e2nt<\/strong><\/h4>\n<p>Sf\u00e2nt\u0103-i na\u0219terea Domnului, <br \/>\nS\u0103-i mul\u021bumim blajin Tat\u0103lui.<br \/>\nC-a n\u0103scut Sf\u00e2nta Fecioar\u0103<br \/>\nPe Iisus \u00een luminata sear\u0103.<\/p>\n<p>C\u00e2nt\u0103m colinde \u0219i ne rug\u0103m,<br \/>\nSl\u0103vim minunea, ne-nchin\u0103m.<br \/>\nCe bucurie divin\u0103 e \u00een fiece an,<br \/>\nS\u0103 ne intre in cas\u0103, c\u0103 e uman.<\/p>\n<p>Isus Domnul nostru Salvatorul<br \/>\nPentru noi n\u0103scut M\u00e2ntuitorul.<br \/>\nDin iubirea lui extrem de mare,<br \/>\nVenit pe lume s\u0103-aduc\u0103 salvare.<\/p>\n<p>C\u00e2t de c\u0103lduros Tu ne-ai iubit,<br \/>\nI\u021bi mul\u021bumim c-ai poposit.<br \/>\nS\u0103 rescrii a noastr\u0103 soart\u0103,<br \/>\nDeschiz\u00e2nd a cerurilor poart\u0103.<\/p>\n<p>Cu speran\u021ba c\u0103 vei fi cu noi<br \/>\nC\u00e2t va mai \u021binea P\u0103m\u00e2ntul<br \/>\nS\u0103 avem pace, f\u0103r\u0103 de nevoi,<br \/>\nHristos ne este Leg\u0103m\u00e2ntul.<\/p>\n","protected":false},"excerpt":{"rendered":"<p>Cucireav Mirela, clasa a II-a, Liceul Teoretic \u201eGeorge Co\u0219buc\u201d, municipiul B\u0103l\u021bi. Leg\u0103m\u00e2nt Cer-P\u0103m\u00e2nt Sf\u00e2nt\u0103-i na\u0219terea Domnului, S\u0103-i mul\u021bumim blajin Tat\u0103lui. C-a n\u0103scut&hellip;<\/p>\n","protected":false},"author":3,"featured_media":37668,"comment_status":"open","ping_status":"closed","sticky":false,"template":"","format":"standard","meta":{"_lmt_disableupdate":"","_lmt_disable":"","slim_seo":{"title":"Scriu si c\u00e2nt pentru steaua Pruncului Sf\u00e2nt - traditia.md","description":"Cucireav Mirela, clasa a II-a, Liceul Teoretic \u201eGeorge Co\u0219buc\u201d, municipiul B\u0103l\u021bi. Leg\u0103m\u00e2nt Cer-P\u0103m\u00e2nt Sf\u00e2nt\u0103-i na\u0219terea Domnului, S\u0103-i mul\u021bumim blajin Tat\u0103lui."},"footnotes":""},"categories":[39,38],"tags":[],"class_list":["post-37667","post","type-post","status-publish","format-standard","has-post-thumbnail","hentry","category-biserica-si-societatea","category-stiri"],"_links":{"self":[{"href":"https:\/\/traditia.md\/ro\/wp-json\/wp\/v2\/posts\/37667","targetHints":{"allow":["GET"]}}],"collection":[{"href":"https:\/\/traditia.md\/ro\/wp-json\/wp\/v2\/posts"}],"about":[{"href":"https:\/\/traditia.md\/ro\/wp-json\/wp\/v2\/types\/post"}],"author":[{"embeddable":true,"href":"https:\/\/traditia.md\/ro\/wp-json\/wp\/v2\/users\/3"}],"replies":[{"embeddable":true,"href":"https:\/\/traditia.md\/ro\/wp-json\/wp\/v2\/comments?post=37667"}],"version-history":[{"count":1,"href":"https:\/\/traditia.md\/ro\/wp-json\/wp\/v2\/posts\/37667\/revisions"}],"predecessor-version":[{"id":37670,"href":"https:\/\/traditia.md\/ro\/wp-json\/wp\/v2\/posts\/37667\/revisions\/37670"}],"wp:featuredmedia":[{"embeddable":true,"href":"https:\/\/traditia.md\/ro\/wp-json\/wp\/v2\/media\/37668"}],"wp:attachment":[{"href":"https:\/\/traditia.md\/ro\/wp-json\/wp\/v2\/media?parent=37667"}],"wp:term":[{"taxonomy":"category","embeddable":true,"href":"https:\/\/traditia.md\/ro\/wp-json\/wp\/v2\/categories?post=37667"},{"taxonomy":"post_tag","embeddable":true,"href":"https:\/\/traditia.md\/ro\/wp-json\/wp\/v2\/tags?post=37667"}],"curies":[{"name":"wp","href":"https:\/\/api.w.org\/{rel}","templated":true}]}}