{"id":37656,"date":"2025-12-09T16:52:11","date_gmt":"2025-12-09T14:52:11","guid":{"rendered":"https:\/\/traditia.md\/?p=37656"},"modified":"2025-12-09T16:52:11","modified_gmt":"2025-12-09T14:52:11","slug":"scriu-si-cant-pentru-steaua-pruncului-sfant-6","status":"publish","type":"post","link":"https:\/\/traditia.md\/ro\/scriu-si-cant-pentru-steaua-pruncului-sfant-6\/","title":{"rendered":"Scriu si c\u00e2nt pentru steaua Pruncului Sf\u00e2nt"},"content":{"rendered":"<p><strong><em>Evelina Bulancea, clasa a VI-a, Gimnaziul din Flori\u021boaia Nou\u0103, raionul Ungheni.<\/em><\/strong><\/p>\n<h4><strong>Na\u0219terea Pruncului Sf\u00e2nt <\/strong><\/h4>\n<p>\u00cen noaptea neagr\u0103 stele ard pe cer<br \/>\nSe-aude-un c\u00e2ntec lin ca un mister, <br \/>\nUn \u00eenger sclipitor frumos vestea<br \/>\nC\u0103 Pruncul Sf\u00e2nt \u00een iesle se n\u0103\u0219tea.<\/p>\n<p>Nu de durere, ci de fericire<br \/>\nPl\u00e2ngea Maria, care cu iubire<br \/>\nStr\u00e2ngea la piept copilul s\u0103u iubit,<br \/>\nCa dar al Domnului pe lume ce-a venit.<\/p>\n<p>De bucurie \u00eengerii c\u00e2ntau, <br \/>\nP\u0103storii Pruncului se \u00eenchinau <br \/>\n\u0218i magii aduc daruri de-o Stea c\u0103l\u0103uzi\u021bi <br \/>\n\u00cen Betleem, \u00een staul de vite \u00eenc\u0103lzi\u021bi.<\/p>\n<p>\u00cen c\u00e2ntece, colinde, mai des \u00een rug\u0103ciune <br \/>\nSl\u0103vim cu suflet plin a Cerului minune,<br \/>\nCu leru-i ler \u0219i iar\u0103\u0219i Ce veste minunat\u0103 <br \/>\n\u00cen sufletele noastre Iisus micu\u021b se-arat\u0103.<\/p>\n","protected":false},"excerpt":{"rendered":"<p>Evelina Bulancea, clasa a VI-a, Gimnaziul din Flori\u021boaia Nou\u0103, raionul Ungheni. Na\u0219terea Pruncului Sf\u00e2nt \u00cen noaptea neagr\u0103 stele ard pe cer Se-aude-un&hellip;<\/p>\n","protected":false},"author":3,"featured_media":37225,"comment_status":"open","ping_status":"closed","sticky":false,"template":"","format":"standard","meta":{"_lmt_disableupdate":"","_lmt_disable":"","slim_seo":{"title":"Scriu si c\u00e2nt pentru steaua Pruncului Sf\u00e2nt - traditia.md","description":"Evelina Bulancea, clasa a VI-a, Gimnaziul din Flori\u021boaia Nou\u0103, raionul Ungheni. Na\u0219terea Pruncului Sf\u00e2nt \u00cen noaptea neagr\u0103 stele ard pe cer Se-aude-un c\u00e2ntec li"},"footnotes":""},"categories":[39,38],"tags":[],"class_list":["post-37656","post","type-post","status-publish","format-standard","has-post-thumbnail","hentry","category-biserica-si-societatea","category-stiri"],"_links":{"self":[{"href":"https:\/\/traditia.md\/ro\/wp-json\/wp\/v2\/posts\/37656","targetHints":{"allow":["GET"]}}],"collection":[{"href":"https:\/\/traditia.md\/ro\/wp-json\/wp\/v2\/posts"}],"about":[{"href":"https:\/\/traditia.md\/ro\/wp-json\/wp\/v2\/types\/post"}],"author":[{"embeddable":true,"href":"https:\/\/traditia.md\/ro\/wp-json\/wp\/v2\/users\/3"}],"replies":[{"embeddable":true,"href":"https:\/\/traditia.md\/ro\/wp-json\/wp\/v2\/comments?post=37656"}],"version-history":[{"count":1,"href":"https:\/\/traditia.md\/ro\/wp-json\/wp\/v2\/posts\/37656\/revisions"}],"predecessor-version":[{"id":37657,"href":"https:\/\/traditia.md\/ro\/wp-json\/wp\/v2\/posts\/37656\/revisions\/37657"}],"wp:featuredmedia":[{"embeddable":true,"href":"https:\/\/traditia.md\/ro\/wp-json\/wp\/v2\/media\/37225"}],"wp:attachment":[{"href":"https:\/\/traditia.md\/ro\/wp-json\/wp\/v2\/media?parent=37656"}],"wp:term":[{"taxonomy":"category","embeddable":true,"href":"https:\/\/traditia.md\/ro\/wp-json\/wp\/v2\/categories?post=37656"},{"taxonomy":"post_tag","embeddable":true,"href":"https:\/\/traditia.md\/ro\/wp-json\/wp\/v2\/tags?post=37656"}],"curies":[{"name":"wp","href":"https:\/\/api.w.org\/{rel}","templated":true}]}}