{"id":37624,"date":"2025-12-04T11:07:44","date_gmt":"2025-12-04T09:07:44","guid":{"rendered":"https:\/\/traditia.md\/?p=37624"},"modified":"2025-12-04T11:08:53","modified_gmt":"2025-12-04T09:08:53","slug":"preotul","status":"publish","type":"post","link":"https:\/\/traditia.md\/ro\/preotul\/","title":{"rendered":"Preotul\u2026"},"content":{"rendered":"<p>Dac\u0103 e t\u0103cut, e luat de prost; dac\u0103 e sociabil, e m\u00e2ndru.<\/p>\n<p>Dac\u0103 vorbe\u0219te cu boga\u021bii, e capitalist; dac\u0103 vorbe\u0219te cu s\u0103racii, e socialist.<\/p>\n<p>Dac\u0103-i z\u00e2mbitor, nu-i serios; dac\u0103-i serios, nu-i cordial.<\/p>\n<p>Dac\u0103 bea alcool, e be\u021biv; dac\u0103 nu bea deloc, nu \u0219tie s\u0103 se integreze.<\/p>\n<p>Dac\u0103 umbl\u0103 elegant, e lumesc; dac\u0103 poart\u0103 reverenda, e retrograd.<\/p>\n<p>Dac\u0103 vorbe\u0219te cu femeile, e ceva la mijloc; dac\u0103-i rezervat cu femeile, e misogin \u0219i posac.<\/p>\n<p>Dac\u0103 m\u00e2ng\u00e2ie copiii, e pedofil; dac\u0103 nu m\u00e2ng\u00e2ie copiii, n-are inim\u0103.<\/p>\n<p>Dac\u0103-i gras, e lacom; dac\u0103-i slab, e zg\u00e2rcit.<\/p>\n<p>Dac\u0103 predic\u0103 mai mult de zece minute, e nepotrivit; dac\u0103 predic\u0103 scurt, nu \u0219tie ce s\u0103 zic\u0103.<\/p>\n<p>Dac\u0103 are p\u0103rul lung, face pe sf\u00e2ntul; dac\u0103 are p\u0103rul scurt, e lumesc.<\/p>\n<p>Dac\u0103 poart\u0103 barb\u0103 e ne\u00eengrijit; dac\u0103 nu are barb\u0103 e papista\u0219.<\/p>\n<p>Dac\u0103 dezleag\u0103 pe to\u021bi, e indiferent fa\u021b\u0103 de cele sfinte; dac\u0103-i exigent, \u00eendep\u0103rteaz\u0103 credincio\u0219ii.<\/p>\n<p>Dac\u0103-\u0219i pierde r\u0103bdarea, n-are dragoste; dac\u0103 nu-\u0219i pierde r\u0103bdarea, e glacial.<\/p>\n<p>Dac\u0103 face vizite credincio\u0219ilor, e de neg\u0103sit; dac\u0103 nu face, e indiferent.<\/p>\n<p>Dac\u0103 face lucr\u0103ri \u00een parohie, cheltuie banii aiurea; dac\u0103 nu face lucr\u0103ri, fur\u0103 banii.<\/p>\n<p>Dac\u0103 vorbe\u0219te despre Dumnezeu \u0219i rug\u0103ciune, e abstract; dac\u0103 trateaz\u0103 despre probleme sociale, face politic\u0103.<\/p>\n<p>Dac\u0103 cite\u0219te ziarele, se intereseaz\u0103 prea mult de politic\u0103; dac\u0103 nu cite\u0219te ziarele, nu umbl\u0103 \u00een pas cu timpurile.<\/p>\n<p>Dac\u0103 este prezent pe re\u021belele de socializare, e prea modern; dac\u0103 este absent din mediul online e \u00eenvechit.<\/p>\n<p>Dac\u0103 scrie \u00een ziare sau reviste, e arogant; dac\u0103 nu scrie, e incult.<\/p>\n<p>Dac\u0103-\u0219i ia concediu, e risipitor; dac\u0103 nu merge \u00een concediu, e avar.<\/p>\n<p>Dac\u0103 umbl\u0103 c-o ma\u0219in\u0103 veche, e zg\u00e2rcit; dac\u0103 umbl\u0103 c-o ma\u0219in\u0103 nou\u0103, nu-i pas\u0103 de s\u0103raci.<\/p>\n<p>Dac\u0103-i t\u00e2n\u0103r, n-are experien\u021b\u0103; dac\u0103-i b\u0103tr\u00e2n, ocup\u0103 locul tinerilor.<\/p>\n<p>Dac\u0103 face milostenie, urm\u0103re\u0219te ceva; dac\u0103 nu face e \u00eembuibat.<\/p>\n<p>Dac\u0103\u2026<\/p>\n<p>Oare cum \u00eei\u00a0 bine?<\/p>\n<p style=\"text-align: right;\"><strong><em>Hrisostom Filipescu <\/em><\/strong><\/p>\n<p style=\"text-align: right;\"><em>Sursa: <\/em><a href=\"https:\/\/hrisostomfilipescu.wordpress.com\/2021\/02\/08\/preotul\/\"><strong><em>Hrisostomfilipescu.wordpress.com<\/em><\/strong><\/a><\/p>\n","protected":false},"excerpt":{"rendered":"<p>Dac\u0103 e t\u0103cut, e luat de prost; dac\u0103 e sociabil, e m\u00e2ndru. Dac\u0103 vorbe\u0219te cu boga\u021bii, e capitalist; dac\u0103 vorbe\u0219te cu s\u0103racii,&hellip;<\/p>\n","protected":false},"author":3,"featured_media":37622,"comment_status":"open","ping_status":"closed","sticky":false,"template":"","format":"standard","meta":{"_lmt_disableupdate":"","_lmt_disable":"","slim_seo":{"title":"Preotul\u2026 - traditia.md","description":"Dac\u0103 e t\u0103cut, e luat de prost; dac\u0103 e sociabil, e m\u00e2ndru. Dac\u0103 vorbe\u0219te cu boga\u021bii, e capitalist; dac\u0103 vorbe\u0219te cu s\u0103racii, e socialist. Dac\u0103-i z\u00e2mbitor, nu-i s"},"footnotes":""},"categories":[39,38],"tags":[],"class_list":["post-37624","post","type-post","status-publish","format-standard","has-post-thumbnail","hentry","category-biserica-si-societatea","category-stiri"],"_links":{"self":[{"href":"https:\/\/traditia.md\/ro\/wp-json\/wp\/v2\/posts\/37624","targetHints":{"allow":["GET"]}}],"collection":[{"href":"https:\/\/traditia.md\/ro\/wp-json\/wp\/v2\/posts"}],"about":[{"href":"https:\/\/traditia.md\/ro\/wp-json\/wp\/v2\/types\/post"}],"author":[{"embeddable":true,"href":"https:\/\/traditia.md\/ro\/wp-json\/wp\/v2\/users\/3"}],"replies":[{"embeddable":true,"href":"https:\/\/traditia.md\/ro\/wp-json\/wp\/v2\/comments?post=37624"}],"version-history":[{"count":1,"href":"https:\/\/traditia.md\/ro\/wp-json\/wp\/v2\/posts\/37624\/revisions"}],"predecessor-version":[{"id":37625,"href":"https:\/\/traditia.md\/ro\/wp-json\/wp\/v2\/posts\/37624\/revisions\/37625"}],"wp:featuredmedia":[{"embeddable":true,"href":"https:\/\/traditia.md\/ro\/wp-json\/wp\/v2\/media\/37622"}],"wp:attachment":[{"href":"https:\/\/traditia.md\/ro\/wp-json\/wp\/v2\/media?parent=37624"}],"wp:term":[{"taxonomy":"category","embeddable":true,"href":"https:\/\/traditia.md\/ro\/wp-json\/wp\/v2\/categories?post=37624"},{"taxonomy":"post_tag","embeddable":true,"href":"https:\/\/traditia.md\/ro\/wp-json\/wp\/v2\/tags?post=37624"}],"curies":[{"name":"wp","href":"https:\/\/api.w.org\/{rel}","templated":true}]}}